{"id":116205,"date":"2017-05-30T18:13:51","date_gmt":"2017-05-30T20:13:51","guid":{"rendered":"http:\/\/aconteceunovale.com.br\/portal\/?p=116205"},"modified":"2017-05-30T18:13:51","modified_gmt":"2017-05-30T20:13:51","slug":"montes-claros-sedia-nesta-quinta-feira-extensa-programacao-da-nova-etapa-dos-foruns-regionais","status":"publish","type":"post","link":"https:\/\/aconteceunovale.com.br\/portal\/?p=116205","title":{"rendered":"Montes Claros sedia nesta quinta-feira extensa programa\u00e7\u00e3o da nova etapa dos F\u00f3runs Regionais"},"content":{"rendered":"<p>Montes Claros vai sediar nesta quinta-feira (1\/6) a extensa programa\u00e7\u00e3o da nova fase dos\u00a0F\u00f3runs Regionais de Governo\u00a0para o Territ\u00f3rio Norte. O circuito com cerca de 150 a\u00e7\u00f5es, preparado para esta etapa, mobiliza mais de 40 \u00f3rg\u00e3os do Governo do Estado, que prestam contas \u00e0 popula\u00e7\u00e3o das pol\u00edticas p\u00fablicas executadas, esclarecem d\u00favidas e disponibilizam servi\u00e7os aos cidad\u00e3os.<\/p>\n<p>O evento, que conta com a participa\u00e7\u00e3o da Assembleia Legislativa de Minas Gerais (ALMG), ser\u00e1 na Escola Estadual Professor Pl\u00ednio Ribeiro (antiga Escola Normal), de 8 \u00e0s 17 horas. As atividades s\u00e3o abertas ao p\u00fablico em geral, \u00e0 sociedade civil organizada, aos prefeitos, secret\u00e1rios municipais e vereadores dos 86 munic\u00edpios do territ\u00f3rio.<\/p>\n<p>Os\u00a0F\u00f3runs Regionais s\u00e3o coordenados pela\u00a0Secretaria Extraordin\u00e1ria de Desenvolvimento Integrado e F\u00f3runs Regionais (Seedif). Para esta nova etapa, a pasta tem realizado, desde o in\u00edcio de 2017, reuni\u00f5es preparat\u00f3rias com interlocutores dos \u00f3rg\u00e3os de Governo, secret\u00e1rios executivos e colegiados dos F\u00f3runs.<\/p>\n<p><img decoding=\"async\" src=\"http:\/\/aconteceunovale.com.br\/portal\/wp-content\/uploads\/2017\/05\/ForumNorte2.jpg\" alt=\"\" \/><em>Montes Claros recebe nova etapa do F\u00f3rum Regional de Governo (F\u00e1bio Mar\u00e7al\/Divulga\u00e7\u00e3o)<\/em><br \/>\n<\/br><\/p>\n<p><strong>Comprometimento<\/strong><\/p>\n<p>O coordenador dos trabalhos, o subsecret\u00e1rio dos F\u00f3runs Regionais, Fernando Tadeu David, destaca o comprometimento dos secretariados de Estado, das chefias de institui\u00e7\u00f5es e empresas p\u00fablicas na realiza\u00e7\u00e3o das atividades previstas para cada territ\u00f3rio, incluindo o Norte de Minas Gerais.<\/p>\n<p>\u201c\u00c9 grande a expectativa, pois percebo um secretariado bastante motivado para essas a\u00e7\u00f5es. N\u00e3o \u00e9 sempre que vemos um governo se mobilizar com essa intensidade para ir ao encontro da popula\u00e7\u00e3o no interior do estado\u201d, observa Tadeu.<\/p>\n<p>Segundo o subsecret\u00e1rio dos F\u00f3runs, o circuito de a\u00e7\u00f5es e servi\u00e7os da nova fase \u00e9 uma oportunidade para que o cidad\u00e3o conhe\u00e7a de perto os trabalhos que est\u00e3o sendo feitos pelos \u00f3rg\u00e3os estaduais, tirar d\u00favidas, consultar a equipe t\u00e9cnica e fazer solicita\u00e7\u00f5es.<\/p>\n<p>\u201cQueremos que as pessoas saibam como o Governo atua e como podem participar e demandar servi\u00e7os\u201d, ressalta Tadeu David.<\/p>\n<p><strong>Prefeitos e gestores municipais<\/strong><\/p>\n<p>A programa\u00e7\u00e3o que ser\u00e1 levada para Montes Claros cont\u00e9m atividades espec\u00edficas para os prefeitos e gestores municipais. As secretarias de\u00a0Governo (Segov), de\u00a0Planejamento e Gest\u00e3o (Seplag),\u00a0 de\u00a0Transportes e Obras P\u00fablicas(Setop)\u00a0e de\u00a0Cidades e Integra\u00e7\u00e3o Regional (Secir), por exemplo, ter\u00e3o um espa\u00e7o conjunto para esclarecer d\u00favidas em rela\u00e7\u00e3o \u00e0s parcerias com o Estado, ao calend\u00e1rio de celebra\u00e7\u00e3o de conv\u00eanios e ao protocolo de documentos.<\/p>\n<p>No local, os prefeitos e os gestores p\u00fablicos v\u00e3o conhecer o Programa de Apoio aos Munic\u00edpios e ao Desenvolvimento Regional, que prev\u00ea a doa\u00e7\u00e3o de um projeto t\u00e9cnico de engenharia e arquitetura para prefeituras com menos de 100 mil habitantes. Eles ainda receber\u00e3o orienta\u00e7\u00f5es sobre os conv\u00eanios de obras p\u00fablicas e a doa\u00e7\u00e3o de materiais, como mata-burro, vigas e bueiros met\u00e1licos.<\/p>\n<p><strong>Plant\u00e3o t\u00e9cnico<\/strong><\/p>\n<p>O plant\u00e3o t\u00e9cnico vai informar como funciona a Rede de Desenvolvimento Institucional e Capacita\u00e7\u00e3o dos Munic\u00edpios (Redic), assim como fornecer uma cartilha com orienta\u00e7\u00f5es. O prefeito poder\u00e1 se guiar pelo documento para ter acesso \u00e0s pol\u00edticas p\u00fablicas de planejamento das cidades, regulariza\u00e7\u00e3o fundi\u00e1ria, saneamento b\u00e1sico, infraestrutura urbana, habita\u00e7\u00e3o e associativismo por cons\u00f3rcios p\u00fablicos.<\/p>\n<p>Segundo a superintendente de Apoio Institucional aos Munic\u00edpios da Segov, Ana Carolina Queiroz, o objetivo do atendimento presencial \u00e9 estreitar o relacionamento com as prefeituras do Territ\u00f3rio Norte, oferecendo assessoramento t\u00e9cnico e oportunidades de capta\u00e7\u00e3o de recursos.<\/p>\n<p>\u201cEstaremos, inclusive protocolando documentos para agilizar sua tramita\u00e7\u00e3o, uma vez que o calend\u00e1rio de emendas parlamentares estaduais se aproxima\u201d, observa Ana Carolina.<\/p>\n<p>O empreendedorismo tamb\u00e9m ter\u00e1 posi\u00e7\u00e3o de destaque pelo alto potencial de gera\u00e7\u00e3o de emprego e renda para os munic\u00edpios. Diversos programas de incentivo econ\u00f4mico ser\u00e3o apresentados aos representantes das prefeituras, que v\u00e3o poder firmar parcerias com a\u00a0Junta Comercial de Minas Gerais\u00a0para a implanta\u00e7\u00e3o da Sala Mineira do Empreendedor em sua cidade.<\/p>\n<p>Segundo Gabriel Tavares, gerente de Integra\u00e7\u00e3o da Jucemg, a meta \u00e9 implantar o servi\u00e7o em 300 munic\u00edpios mineiros at\u00e9 2018.<\/p>\n<p><strong>Produtores rurais<\/strong><\/p>\n<p>J\u00e1 o sistema da agricultura do Estado disponibilizar\u00e1 servi\u00e7os aos produtores agr\u00edcolas, sindicatos e associa\u00e7\u00f5es do setor. A\u00a0Empresa de Assist\u00eancia T\u00e9cnica e Extens\u00e3o Rural (Emater\/MG)\u00a0vai detalhar as linhas de cr\u00e9dito, investimento e custeio para fornecimento de alimentos para a merenda escolar.<\/p>\n<p>A\u00a0Empresa de Pesquisa Agropecu\u00e1ria de Minas Gerais (Epamig)\u00a0pretende oferecer materiais e assist\u00eancia t\u00e9cnica, al\u00e9m de apresentar as tecnologias desenvolvidas para a agropecu\u00e1ria mineira.<\/p>\n<p>Outra atividade para os propriet\u00e1rios e posseiros de im\u00f3veis rurais \u00e9 a divulga\u00e7\u00e3o da retomada do pagamento do Bolsa Verde pelo Governo do Estado. O Territ\u00f3rio Norte possui o maior n\u00famero de benefici\u00e1rios, com cerca de 1,3 mil produtores rurais inclu\u00eddos no programa do\u00a0Instituto Estadual de Florestas (IEF).<\/p>\n<p>Esses benefici\u00e1rios do Bolsa Verde t\u00eam o compromisso de conservar uma \u00e1rea vegetal nativa de 57.2 mil hectares. O Governo de Minas Gerais j\u00e1 realizou, at\u00e9 maio deste ano, o pagamento de cerca de R$ 2 milh\u00f5es a 148 benefici\u00e1rios do Bolsa Verde do Norte do estado.<\/p>\n<p>O IEF tamb\u00e9m vai divulgar o Projeto ASA, com o cadastro de \u00e1reas de soltura de animais silvestres, e distribuir mudas de esp\u00e9cies nativas para propriet\u00e1rios rurais e prefeituras.<\/p>\n<p><strong>Carteira de identidade, contas de \u00e1gua e luz<\/strong><\/p>\n<p>O p\u00fablico que for ao evento dos F\u00f3runs em Montes Claros vai ter acesso a diversos servi\u00e7os essenciais. A\u00a0Pol\u00edcia Civil\u00a0vai emitir carteira de identidade (1\u00aa via \u00e9 gratuita), atestado de antecedentes e fazer registro de ocorr\u00eancias de qualquer natureza.<\/p>\n<p>O\u00a0Detran\u00a0vai oferecer consulta ao IPVA e emiss\u00e3o de guia, requerimento de certid\u00e3o negativa de propriedade do ve\u00edculo, altera\u00e7\u00e3o de endere\u00e7o, consulta sobre a situa\u00e7\u00e3o do ve\u00edculo, multa e pontua\u00e7\u00e3o na carteira e solicita\u00e7\u00e3o de CNH.<\/p>\n<p><strong>Distribui\u00e7\u00e3o de l\u00e2mpadas<\/strong><\/p>\n<p>A\u00a0Companhia Energ\u00e9tica de Minas Gerais (Cemig)\u00a0e a\u00a0Companhia de Saneamento de Minas Gerais (Copasa)\u00a0ter\u00e3o sala exclusiva, que vai funcionar como uma ag\u00eancia de atendimento.<\/p>\n<p>O consumidor poder\u00e1 negociar d\u00edvidas, quitar e solicitar emiss\u00e3o de segunda via da conta, tirar d\u00favidas sobre faturas, tarifas e requisitar religa\u00e7\u00e3o.<\/p>\n<p>Durante a programa\u00e7\u00e3o, a Cemig pretende distribuir l\u00e2mpadas para quem apresentar a \u00faltima conta de luz paga, limitada a duas l\u00e2mpadas por consumidor.<\/p>\n<p>O p\u00fablico ainda vai conhecer uma maquete do sistema el\u00e9trico que simula o consumo de energia, aprender um pouco sobre seguran\u00e7a e os novos canais de atendimento virtuais da Cemig.<\/p>\n<p><strong>Debate, palestras, oficinas e feiras<\/strong><\/p>\n<p>Paralelamente ao circuito de a\u00e7\u00f5es e servi\u00e7os, ser\u00e3o realizadas palestras, workshops e oficinas para p\u00fablicos espec\u00edficos. O debate sobre o acerto de contas entre Minas e a Uni\u00e3o ser\u00e1 na parte da manh\u00e3.<\/p>\n<p>Tamb\u00e9m v\u00e3o acontecer as feiras da agricultura familiar, da economia popular solid\u00e1ria e exposi\u00e7\u00e3o de artesanato.<\/p>\n<p>Para mais detalhes da programa\u00e7\u00e3o,\u00a0<span style=\"color: #ff0000;\"><a href=\"http:\/\/agenciaminas.mg.gov.br\/ckeditor_assets\/attachments\/2924\/programacao_da_nova_etapa_dos_foruns_regionais_em_montes_claros_-_01_06.pdf\" target=\"_blank\"><span style=\"color: #ff0000;\">clique aqui<\/span><\/a><\/span>.<\/p>\n<p><strong><span style=\"text-decoration: underline;\">Servi\u00e7o<\/span>:<\/p>\n<p>Nova fase dos f\u00f3runs regionais \u2013 Territ\u00f3rio Norte<br \/>\nCidade:\u00a0<\/strong>Montes Claros<br \/>\n<strong>Local:\u00a0<\/strong>Escola Estadual Professor Pl\u00ednio Ribeiro (antiga Escola Normal)<br \/>\n(Rua Mestra Fininha, 1225 \u2013 Jardim S\u00e3o Luiz)<br \/>\n<strong>Hor\u00e1rio<\/strong>: das 8h \u00e0s 17h<\/p>\n<p><strong>VER PRIMEIRO<\/strong><\/p>\n<p>Receba as not\u00edcias do Aconteceu no Vale em primeira m\u00e3o. Clique em curtir no endere\u00e7o <a href=\"https:\/\/www.facebook.com\/aconteceunovale\" target=\"_blank\"><font color=\"red\">www.facebook.com\/aconteceunovale<\/font><\/a> ou no box abaixo:<\/p>\n<div class=\"fb-like\" data-href=\"https:\/\/www.facebook.com\/aconteceunovale\" data-width=\"120\" data-layout=\"standard\" data-action=\"like\" data-size=\"small\" data-show-faces=\"true\" data-share=\"true\"><\/div>\n<p><\/br><\/p>\n<p><em>(Fonte: Ag\u00eancia Minas)<\/em><\/p>\n","protected":false},"excerpt":{"rendered":"<p>Montes Claros vai sediar nesta quinta-feira (1\/6) a extensa programa\u00e7\u00e3o da nova fase dos\u00a0F\u00f3runs Regionais de Governo\u00a0para o Territ\u00f3rio Norte. O circuito com cerca de 150 a\u00e7\u00f5es, preparado para esta etapa, mobiliza mais de 40 \u00f3rg\u00e3os do Governo do Estado, que prestam contas \u00e0 popula\u00e7\u00e3o das pol\u00edticas p\u00fablicas executadas, esclarecem d\u00favidas e disponibilizam servi\u00e7os aos [&hellip;]<\/p>\n","protected":false},"author":1,"featured_media":116206,"comment_status":"open","ping_status":"closed","sticky":false,"template":"","format":"standard","meta":{"amp_status":"","footnotes":""},"categories":[125,1236],"tags":[210,151038,151040,151039,151041],"class_list":["post-116205","post","type-post","status-publish","format-standard","has-post-thumbnail","hentry","category-noticias","category-norte_de_minas","tag-montes-claros","tag-montes-claros-sedia-nesta-quinta-feira-extensa-programacao-da-nova-etapa-dos-foruns-regionais","tag-nova-etapa-dos-foruns-regionais","tag-nova-etapa-dos-foruns-regionais-montes-claros","tag-programacao-do-forum-regional-em-montes-claros"],"_links":{"self":[{"href":"https:\/\/aconteceunovale.com.br\/portal\/index.php?rest_route=\/wp\/v2\/posts\/116205","targetHints":{"allow":["GET"]}}],"collection":[{"href":"https:\/\/aconteceunovale.com.br\/portal\/index.php?rest_route=\/wp\/v2\/posts"}],"about":[{"href":"https:\/\/aconteceunovale.com.br\/portal\/index.php?rest_route=\/wp\/v2\/types\/post"}],"author":[{"embeddable":true,"href":"https:\/\/aconteceunovale.com.br\/portal\/index.php?rest_route=\/wp\/v2\/users\/1"}],"replies":[{"embeddable":true,"href":"https:\/\/aconteceunovale.com.br\/portal\/index.php?rest_route=%2Fwp%2Fv2%2Fcomments&post=116205"}],"version-history":[{"count":0,"href":"https:\/\/aconteceunovale.com.br\/portal\/index.php?rest_route=\/wp\/v2\/posts\/116205\/revisions"}],"wp:featuredmedia":[{"embeddable":true,"href":"https:\/\/aconteceunovale.com.br\/portal\/index.php?rest_route=\/wp\/v2\/media\/116206"}],"wp:attachment":[{"href":"https:\/\/aconteceunovale.com.br\/portal\/index.php?rest_route=%2Fwp%2Fv2%2Fmedia&parent=116205"}],"wp:term":[{"taxonomy":"category","embeddable":true,"href":"https:\/\/aconteceunovale.com.br\/portal\/index.php?rest_route=%2Fwp%2Fv2%2Fcategories&post=116205"},{"taxonomy":"post_tag","embeddable":true,"href":"https:\/\/aconteceunovale.com.br\/portal\/index.php?rest_route=%2Fwp%2Fv2%2Ftags&post=116205"}],"curies":[{"name":"wp","href":"https:\/\/api.w.org\/{rel}","templated":true}]}}