{"id":116163,"date":"2017-05-29T22:10:30","date_gmt":"2017-05-30T00:10:30","guid":{"rendered":"http:\/\/aconteceunovale.com.br\/portal\/?p=116163"},"modified":"2017-05-29T22:10:30","modified_gmt":"2017-05-30T00:10:30","slug":"agentes-penitenciarios-apreendem-drone-que-levava-celulares-para-presidio-em-montes-claros","status":"publish","type":"post","link":"https:\/\/aconteceunovale.com.br\/portal\/?p=116163","title":{"rendered":"Agentes penitenci\u00e1rios apreendem drone que levava celulares para pres\u00eddio em Montes Claros"},"content":{"rendered":"<p>Agentes penitenci\u00e1rios conseguiram apreender um drone que sobrevoava o Pres\u00eddio Regional de Montes Claros, no Norte de Minas, na tarde desta segunda-feira (29\/05\/2017). O ve\u00edculo a\u00e9reo n\u00e3o tripulado transportava tr\u00eas telefones celulares dentro de uma sacola.<\/p>\n<p>Os operadores do aparelho conseguiram fugir. Eles, segundo os agentes, operavam o equipamento em um barranco que fica pr\u00f3ximo \u00e0 unidade prisional.<\/p>\n<p>Um procedimento interno foi instaurado pela administra\u00e7\u00e3o do pres\u00eddio. A Secretaria de Estado de Administra\u00e7\u00e3o Prisional (SEAP) informou que o caso ser\u00e1 investigado pela Pol\u00edcia Civil.<\/p>\n<h3>Preso com maconha na Vila S\u00e3o Francisco de Assis<\/h3>\n<p>Um homem foi preso na manh\u00e3 desta segunda-feira (29) por tr\u00e1fico de drogas em Montes Claros. A pris\u00e3o, segundo a Pol\u00edcia Militar, foi durante um patrulhamento de rotina na Vila S\u00e3o Francisco de Assis.<\/p>\n<p>A assessoria de comunica\u00e7\u00e3o da PM informou que uma guarni\u00e7\u00e3o policial seguia pelas ruas do bairro quando percebeu o homem em atitude suspeita no Beco Saracura.<\/p>\n<p>O suspeito foi abordado e, durante busca pessoal, foram encontrados 16 tabletes pequenos de maconha. O homem foi preso e encaminhado \u00e0 delegacia junto \u00e0 droga apreendida.<\/p>\n<p><img decoding=\"async\" src=\"http:\/\/aconteceunovale.com.br\/portal\/wp-content\/uploads\/2017\/05\/droga_moc.jpg\" alt=\"\" \/><em>Droga apreendida na Vila S\u00e3o Francisco de Assis (Foto: Pol\u00edcia Militar\/Divulga\u00e7\u00e3o)<\/em><br \/>\n<\/br><\/p>\n<p><strong>VER PRIMEIRO<\/strong><\/p>\n<p>Receba as not\u00edcias do Aconteceu no Vale em primeira m\u00e3o. Clique em curtir no endere\u00e7o <a href=\"https:\/\/www.facebook.com\/aconteceunovale\" target=\"_blank\"><font color=\"red\">www.facebook.com\/aconteceunovale<\/font><\/a> ou no box abaixo:<\/p>\n<div class=\"fb-like\" data-href=\"https:\/\/www.facebook.com\/aconteceunovale\" data-width=\"120\" data-layout=\"standard\" data-action=\"like\" data-size=\"small\" data-show-faces=\"true\" data-share=\"true\"><\/div>\n<p><\/br><\/p>\n<p><em>(Fonte: G1 Grande Minas \/ Foto drone: ilustrativa)<\/em><\/p>\n","protected":false},"excerpt":{"rendered":"<p>Agentes penitenci\u00e1rios conseguiram apreender um drone que sobrevoava o Pres\u00eddio Regional de Montes Claros, no Norte de Minas, na tarde desta segunda-feira (29\/05\/2017). O ve\u00edculo a\u00e9reo n\u00e3o tripulado transportava tr\u00eas telefones celulares dentro de uma sacola. Os operadores do aparelho conseguiram fugir. Eles, segundo os agentes, operavam o equipamento em um barranco que fica pr\u00f3ximo [&hellip;]<\/p>\n","protected":false},"author":1,"featured_media":116165,"comment_status":"open","ping_status":"closed","sticky":false,"template":"","format":"standard","meta":{"amp_status":"","footnotes":""},"categories":[1236],"tags":[150968,142828,150969,150971,150973,1018,104862,150970,150972,210,9414,150974,124014],"class_list":["post-116163","post","type-post","status-publish","format-standard","has-post-thumbnail","hentry","category-norte_de_minas","tag-agentes-penitenciarios-apreendem-drone-que-levava-celulares-para-presidio-em-montes-claros","tag-apreensao-de-droga-em-montes-claros","tag-apreensao-de-drone-em-montes-claros","tag-celulares-no-presidio-de-montes-claros","tag-celulares-no-presidio-regional-de-montes-claros","tag-destaque","tag-droga-apreendida-em-montes-claros","tag-drone-apreendido-em-montes-claros","tag-drone-no-presidio-regional-de-montes-claros","tag-montes-claros","tag-presidio-regional-de-montes-claros","tag-preso-com-maconha-na-vila-sao-francisco-de-assis","tag-trafico-em-montes-claros"],"_links":{"self":[{"href":"https:\/\/aconteceunovale.com.br\/portal\/index.php?rest_route=\/wp\/v2\/posts\/116163","targetHints":{"allow":["GET"]}}],"collection":[{"href":"https:\/\/aconteceunovale.com.br\/portal\/index.php?rest_route=\/wp\/v2\/posts"}],"about":[{"href":"https:\/\/aconteceunovale.com.br\/portal\/index.php?rest_route=\/wp\/v2\/types\/post"}],"author":[{"embeddable":true,"href":"https:\/\/aconteceunovale.com.br\/portal\/index.php?rest_route=\/wp\/v2\/users\/1"}],"replies":[{"embeddable":true,"href":"https:\/\/aconteceunovale.com.br\/portal\/index.php?rest_route=%2Fwp%2Fv2%2Fcomments&post=116163"}],"version-history":[{"count":0,"href":"https:\/\/aconteceunovale.com.br\/portal\/index.php?rest_route=\/wp\/v2\/posts\/116163\/revisions"}],"wp:featuredmedia":[{"embeddable":true,"href":"https:\/\/aconteceunovale.com.br\/portal\/index.php?rest_route=\/wp\/v2\/media\/116165"}],"wp:attachment":[{"href":"https:\/\/aconteceunovale.com.br\/portal\/index.php?rest_route=%2Fwp%2Fv2%2Fmedia&parent=116163"}],"wp:term":[{"taxonomy":"category","embeddable":true,"href":"https:\/\/aconteceunovale.com.br\/portal\/index.php?rest_route=%2Fwp%2Fv2%2Fcategories&post=116163"},{"taxonomy":"post_tag","embeddable":true,"href":"https:\/\/aconteceunovale.com.br\/portal\/index.php?rest_route=%2Fwp%2Fv2%2Ftags&post=116163"}],"curies":[{"name":"wp","href":"https:\/\/api.w.org\/{rel}","templated":true}]}}