{"id":115960,"date":"2017-05-27T15:27:52","date_gmt":"2017-05-27T17:27:52","guid":{"rendered":"http:\/\/aconteceunovale.com.br\/portal\/?p=115960"},"modified":"2017-05-27T15:27:52","modified_gmt":"2017-05-27T17:27:52","slug":"homem-e-preso-por-roubar-moto-de-bombeiro-em-montes-claros","status":"publish","type":"post","link":"https:\/\/aconteceunovale.com.br\/portal\/?p=115960","title":{"rendered":"Homem \u00e9 preso por roubar moto de bombeiro em Montes Claros"},"content":{"rendered":"<p>Um jovem de 22 anos foi preso, na madrugada de sexta-feira (26\/05\/2017), ap\u00f3s roubar a moto de um bombeiro militar, na Vila Ipiranga, em Montes Claros. De acordo com a Pol\u00edcia Militar (PM), a v\u00edtima estava em um com\u00e9rcio na Avenida Atl\u00e2ntida quando foi assaltada.<\/p>\n<p>O bombeiro e testemunhas disseram \u00e0 PM que dois homens cometeram o crime e um deles simulou estar armado. Ap\u00f3s roubar o ve\u00edculo, eles fugiram sentido ao Bairro Jardim Primavera.<\/p>\n<p>O suspeito, de 22 anos, foi preso pr\u00f3ximo ao Anel Rodovi\u00e1rio e confessou ter participado do roubo com a ajuda de um comparsa, que ainda n\u00e3o foi localizado. Ele foi encaminhado \u00e0 delegacia.<\/p>\n<p><img decoding=\"async\" src=\"http:\/\/aconteceunovale.com.br\/portal\/wp-content\/uploads\/2017\/05\/roubo_moc.jpg\" alt=\"\" \/><em>Moto roubada foi recuperada (Foto: Pol\u00edcia Militar\/Divulga\u00e7\u00e3o)<\/em><br \/>\n<\/br><\/p>\n<h2>Grande quantidade de drogas apreendida<\/h2>\n<p>Dois homens foram presos, na noite dessa sexta-feira (26), suspeitos de tr\u00e1fico de drogas em Montes Claros. As pris\u00f5es ocorreram nos bairros Confer\u00eancia Cristo Rei e Major Prates, durante trabalho de patrulha da Pol\u00edcia Militar.<\/p>\n<p><strong>Confer\u00eancia Cristo Rei<\/strong><\/p>\n<p>A pol\u00edcia fazia patrulhamento no bairro, quando, na Rua Renascen\u00e7a, deparou com um homem em atitude suspeita. Ao avistar a viatura da PM, o autor, de 28 anos, fugiu para uma casa e arremessou um pl\u00e1stico para o outro lado do muro da resid\u00eancia.<\/p>\n<p>Os militares alcan\u00e7aram o autor no quintal da casa e encontraram o material que ele havia arremessado. O saco pl\u00e1stico continha 147 de papelotes de coca\u00edna. O autor foi preso e entregue \u00e0 delegacia.<\/p>\n<p><img decoding=\"async\" src=\"http:\/\/aconteceunovale.com.br\/portal\/wp-content\/uploads\/2017\/05\/drogas_moc_bairros_1.jpeg\" alt=\"\" \/><em>Drogas apreendidas no Bairro Major Prates (Foto: Pol\u00edcia Militar\/Divulga\u00e7\u00e3o)<\/em><br \/>\n<\/br><\/p>\n<p><strong>Major Prates<\/strong><\/p>\n<p>J\u00e1 no Major Prates, em um local conhecido pela pr\u00e1tica de tr\u00e1fico de drogas, militares faziam patrulhamento quando avistaram um jovem de 19 anos fugindo em dire\u00e7\u00e3o a um loteamento. No local o rapaz arremessou no matagal um saco pl\u00e1stico. Os militares abordaram o rapaz e acionaram agrupamento especial e, com c\u00e3es, localizaram o saco pl\u00e1stico contendo 16 por\u00e7\u00f5es de maconha.<\/p>\n<p>A PM seguiu as buscas no local, localizando, em um lixo, 150 por\u00e7\u00f5es de maconha, prontas para venda, e outros 12 tabletes da mesma droga de maior tamanho, e 25 pedras de crack; o rapaz estava com R$ 93, possivelmente proveniente da venda de drogas. Ele foi levado \u00e0 delegacia para ser ouvido.<\/p>\n<p><strong>VER PRIMEIRO<\/strong><\/p>\n<p>Receba as not\u00edcias do Aconteceu no Vale em primeira m\u00e3o. Clique em curtir no endere\u00e7o <a href=\"https:\/\/www.facebook.com\/aconteceunovale\" target=\"_blank\"><font color=\"red\">www.facebook.com\/aconteceunovale<\/font><\/a> ou no box abaixo:<\/p>\n<div class=\"fb-like\" data-href=\"https:\/\/www.facebook.com\/aconteceunovale\" data-width=\"120\" data-layout=\"standard\" data-action=\"like\" data-size=\"small\" data-show-faces=\"true\" data-share=\"true\"><\/div>\n<p><\/br><\/p>\n<p><em>(Fonte: G1 Grande Minas)<\/em><\/p>\n","protected":false},"excerpt":{"rendered":"<p>Um jovem de 22 anos foi preso, na madrugada de sexta-feira (26\/05\/2017), ap\u00f3s roubar a moto de um bombeiro militar, na Vila Ipiranga, em Montes Claros. De acordo com a Pol\u00edcia Militar (PM), a v\u00edtima estava em um com\u00e9rcio na Avenida Atl\u00e2ntida quando foi assaltada. O bombeiro e testemunhas disseram \u00e0 PM que dois homens [&hellip;]<\/p>\n","protected":false},"author":1,"featured_media":115961,"comment_status":"open","ping_status":"closed","sticky":false,"template":"","format":"standard","meta":{"amp_status":"","footnotes":""},"categories":[1236],"tags":[84150,9847,150674,150675,150673,210,146269,120463,120161,126800,46966,124951,81512,124014],"class_list":["post-115960","post","type-post","status-publish","format-standard","has-post-thumbnail","hentry","category-norte_de_minas","tag-apreensao-de-drogas-em-montes-claros","tag-assalto-em-montes-claros","tag-grande-quantidade-de-drogas-apreendida","tag-grande-quantidade-de-drogas-apreendida-em-montes-claros","tag-homem-e-preso-por-roubar-moto-de-bombeiro-em-montes-claros","tag-montes-claros","tag-moto-roubada-em-montes-claros","tag-preso-com-drogas-em-montes-claros","tag-preso-por-trafico-de-drogas-em-montes-claros","tag-roubo-de-moto-em-montes-claros","tag-roubo-em-montes-claros","tag-traficante-preso-em-montes-claros","tag-trafico-de-drogas-montes-claros","tag-trafico-em-montes-claros"],"_links":{"self":[{"href":"https:\/\/aconteceunovale.com.br\/portal\/index.php?rest_route=\/wp\/v2\/posts\/115960","targetHints":{"allow":["GET"]}}],"collection":[{"href":"https:\/\/aconteceunovale.com.br\/portal\/index.php?rest_route=\/wp\/v2\/posts"}],"about":[{"href":"https:\/\/aconteceunovale.com.br\/portal\/index.php?rest_route=\/wp\/v2\/types\/post"}],"author":[{"embeddable":true,"href":"https:\/\/aconteceunovale.com.br\/portal\/index.php?rest_route=\/wp\/v2\/users\/1"}],"replies":[{"embeddable":true,"href":"https:\/\/aconteceunovale.com.br\/portal\/index.php?rest_route=%2Fwp%2Fv2%2Fcomments&post=115960"}],"version-history":[{"count":0,"href":"https:\/\/aconteceunovale.com.br\/portal\/index.php?rest_route=\/wp\/v2\/posts\/115960\/revisions"}],"wp:featuredmedia":[{"embeddable":true,"href":"https:\/\/aconteceunovale.com.br\/portal\/index.php?rest_route=\/wp\/v2\/media\/115961"}],"wp:attachment":[{"href":"https:\/\/aconteceunovale.com.br\/portal\/index.php?rest_route=%2Fwp%2Fv2%2Fmedia&parent=115960"}],"wp:term":[{"taxonomy":"category","embeddable":true,"href":"https:\/\/aconteceunovale.com.br\/portal\/index.php?rest_route=%2Fwp%2Fv2%2Fcategories&post=115960"},{"taxonomy":"post_tag","embeddable":true,"href":"https:\/\/aconteceunovale.com.br\/portal\/index.php?rest_route=%2Fwp%2Fv2%2Ftags&post=115960"}],"curies":[{"name":"wp","href":"https:\/\/api.w.org\/{rel}","templated":true}]}}