{"id":115957,"date":"2017-05-27T15:18:12","date_gmt":"2017-05-27T17:18:12","guid":{"rendered":"http:\/\/aconteceunovale.com.br\/portal\/?p=115957"},"modified":"2017-05-27T15:18:12","modified_gmt":"2017-05-27T17:18:12","slug":"material-usado-em-explosoes-e-armas-de-fogo-sao-apreendidos-no-municipio-de-salinas","status":"publish","type":"post","link":"https:\/\/aconteceunovale.com.br\/portal\/?p=115957","title":{"rendered":"Material usado em explos\u00f5es e armas de fogo s\u00e3o apreendidos no munic\u00edpio de Salinas"},"content":{"rendered":"<p>Dois irm\u00e3os, de 21 e 24 anos, foram presos nessa sexta-feira (26\/05\/2017), ap\u00f3s den\u00fancias via 181, na comunidade rural Baixa de Areia, em Salinas (MG). Segundo a Pol\u00edcia Militar (PM), a pris\u00e3o dos homens ocorreu na casa onde eles moram.<\/p>\n<p>Com os autores, a PM encontrou 240 metros de cordel detonante, material usado para explos\u00f5es, estopim e espoleta, al\u00e9m de cinco armas de fogo, sendo elas tr\u00eas espingardas e duas garruchas. Os irm\u00e3os assumiram a propriedade do material apreendido, mas n\u00e3o explicaram o motivo pelo qual estavam com o arsenal em casa.<\/p>\n<p>Os irm\u00e3os foram levados \u00e0 delegacia de plant\u00e3o, em Taiobeiras, junto ao material apreendido.<\/p>\n<p><img decoding=\"async\" src=\"http:\/\/aconteceunovale.com.br\/portal\/wp-content\/uploads\/2017\/05\/armas_salinas.jpeg\" alt=\"\" \/><em>Material apreendido pela pol\u00edcia (Foto: Pol\u00edcia Militar\/Divulga\u00e7\u00e3o)<\/em><br \/>\n<\/br><\/p>\n<p><strong>VER PRIMEIRO<\/strong><\/p>\n<p>Receba as not\u00edcias do Aconteceu no Vale em primeira m\u00e3o. Clique em curtir no endere\u00e7o <a href=\"https:\/\/www.facebook.com\/aconteceunovale\" target=\"_blank\"><font color=\"red\">www.facebook.com\/aconteceunovale<\/font><\/a> ou no box abaixo:<\/p>\n<div class=\"fb-like\" data-href=\"https:\/\/www.facebook.com\/aconteceunovale\" data-width=\"120\" data-layout=\"standard\" data-action=\"like\" data-size=\"small\" data-show-faces=\"true\" data-share=\"true\"><\/div>\n<p><\/br><\/p>\n<p><em>(Com informa\u00e7\u00f5es do G1 Grande Minas)<\/em><\/p>\n","protected":false},"excerpt":{"rendered":"<p>Dois irm\u00e3os, de 21 e 24 anos, foram presos nessa sexta-feira (26\/05\/2017), ap\u00f3s den\u00fancias via 181, na comunidade rural Baixa de Areia, em Salinas (MG). Segundo a Pol\u00edcia Militar (PM), a pris\u00e3o dos homens ocorreu na casa onde eles moram. Com os autores, a PM encontrou 240 metros de cordel detonante, material usado para explos\u00f5es, [&hellip;]<\/p>\n","protected":false},"author":1,"featured_media":115958,"comment_status":"open","ping_status":"closed","sticky":false,"template":"","format":"standard","meta":{"amp_status":"","footnotes":""},"categories":[1236],"tags":[150669,150670,150671,150667,150666,150672,150668,190],"class_list":["post-115957","post","type-post","status-publish","format-standard","has-post-thumbnail","hentry","category-norte_de_minas","tag-apreensao-de-armas-em-salinas","tag-armas-apreendidas-em-salinas","tag-baixa-de-areia","tag-irmaos-presos-em-salinas","tag-material-usado-em-explosoes-e-armas-de-fogo-sao-apreendidos-com-dois-irmaos-em-salinas","tag-material-usado-em-explosoes-e-armas-de-fogo-sao-apreendidos-no-municipio-de-salinas","tag-prisao-de-irmaos-em-salinas","tag-salinas"],"_links":{"self":[{"href":"https:\/\/aconteceunovale.com.br\/portal\/index.php?rest_route=\/wp\/v2\/posts\/115957","targetHints":{"allow":["GET"]}}],"collection":[{"href":"https:\/\/aconteceunovale.com.br\/portal\/index.php?rest_route=\/wp\/v2\/posts"}],"about":[{"href":"https:\/\/aconteceunovale.com.br\/portal\/index.php?rest_route=\/wp\/v2\/types\/post"}],"author":[{"embeddable":true,"href":"https:\/\/aconteceunovale.com.br\/portal\/index.php?rest_route=\/wp\/v2\/users\/1"}],"replies":[{"embeddable":true,"href":"https:\/\/aconteceunovale.com.br\/portal\/index.php?rest_route=%2Fwp%2Fv2%2Fcomments&post=115957"}],"version-history":[{"count":0,"href":"https:\/\/aconteceunovale.com.br\/portal\/index.php?rest_route=\/wp\/v2\/posts\/115957\/revisions"}],"wp:featuredmedia":[{"embeddable":true,"href":"https:\/\/aconteceunovale.com.br\/portal\/index.php?rest_route=\/wp\/v2\/media\/115958"}],"wp:attachment":[{"href":"https:\/\/aconteceunovale.com.br\/portal\/index.php?rest_route=%2Fwp%2Fv2%2Fmedia&parent=115957"}],"wp:term":[{"taxonomy":"category","embeddable":true,"href":"https:\/\/aconteceunovale.com.br\/portal\/index.php?rest_route=%2Fwp%2Fv2%2Fcategories&post=115957"},{"taxonomy":"post_tag","embeddable":true,"href":"https:\/\/aconteceunovale.com.br\/portal\/index.php?rest_route=%2Fwp%2Fv2%2Ftags&post=115957"}],"curies":[{"name":"wp","href":"https:\/\/api.w.org\/{rel}","templated":true}]}}