{"id":115941,"date":"2017-05-27T13:44:36","date_gmt":"2017-05-27T15:44:36","guid":{"rendered":"http:\/\/aconteceunovale.com.br\/portal\/?p=115941"},"modified":"2017-05-27T13:44:36","modified_gmt":"2017-05-27T15:44:36","slug":"moradores-recuperam-praca-em-comunidade-no-municipio-de-montes-claros","status":"publish","type":"post","link":"https:\/\/aconteceunovale.com.br\/portal\/?p=115941","title":{"rendered":"Moradores recuperam pra\u00e7a em comunidade no munic\u00edpio de Montes Claros"},"content":{"rendered":"<p>Moradores da comunidade de S\u00e3o Jo\u00e3o das Veredas, em Montes Claros, se uniram para revitalizar a pra\u00e7a do povoado, que fica cerca de 40 quil\u00f4metros da sede do munic\u00edpio. A Pra\u00e7a S\u00e3o Jo\u00e3o Batista \u00e9 tida pelos pr\u00f3prios moradores como o \u00fanico local de entretenimento dos quase 700 moradores que vivem no povoado.<\/p>\n<p>De acordo com uma das idealizadoras da a\u00e7\u00e3o comunit\u00e1ria, Vanessa Ferreira Andrade, a pra\u00e7a foi constru\u00edda pela prefeitura h\u00e1 mais de 15 anos e nunca recebeu a\u00e7\u00f5es de recupera\u00e7\u00e3o ou reforma. \u201cNa \u00e9poca foi plantada a grama, mas desde ent\u00e3o nunca recebeu nenhuma obra municipal. A pra\u00e7a \u00e9 o \u00fanico lugar que temos para sair de casa; \u00e9 aqui que nossas crian\u00e7as brincam, mas estava parecendo um deserto\u201d, explica.<\/p>\n<p>Fotografias da pra\u00e7a antes de ser reformada revelam um local abandonado, sem cuidados e sem nenhum atrativo. Por isso um grupo de moradores teve a ideia da a\u00e7\u00e3o no m\u00eas de setembro de 2016. \u201cN\u00f3s decidimos que ir\u00edamos revitalizar a pra\u00e7a, mas esperamos o per\u00edodo chuvoso. Assim, come\u00e7amos mesmo em novembro. Foi uma iniciativa total da comunidade e todos se uniram. Fizemos isso para os moradores e tamb\u00e9m para os visitantes\u201d.<\/p>\n<p><img decoding=\"async\" src=\"http:\/\/aconteceunovale.com.br\/portal\/wp-content\/uploads\/2017\/05\/praca_vereda_moc_1.jpg\" alt=\"\" \/><em>A\u00e7\u00e3o foi idealizada em setembro de 2016 (Foto: Vanessa Andrade\/Arquivo Pessoal)<\/em><br \/>\n<\/br><\/p>\n<p>A motiva\u00e7\u00e3o do grupo inicial contagiou outros moradores e fez com que as a\u00e7\u00f5es em prol da revitaliza\u00e7\u00e3o se multiplicassem. Eles se ajudaram como puderam; alguns se empenharam em conseguir o adubo, outros em cultivar as mudas e at\u00e9 para molhar as plantas eles se dividem em grupos de trabalho.<\/p>\n<p>\u201cAt\u00e9 quem reside em Montes Claros ajudou como pode. No meu caso levei adubo e teve gente que levou grama. A comunidade de S\u00e3o Jo\u00e3o das Veredas mostrou que \u00e9 capaz de fazer uma recupera\u00e7\u00e3o desta sem depender apenas do poder p\u00fablico\u201d, explica a servidora p\u00fablica, V\u00e2nia Mota.<\/p>\n<p>Os esfor\u00e7os dos moradores n\u00e3o terminaram no plantio de mudas. \u201cAgora falta a recupera\u00e7\u00e3o dos bancos, mas est\u00e1 no projeto e vamos nos reunir e reform\u00e1-los\u201d, completa Vanessa Andrade.<\/p>\n<p><img decoding=\"async\" src=\"http:\/\/aconteceunovale.com.br\/portal\/wp-content\/uploads\/2017\/05\/praca_vereda_moc_2.jpg\" alt=\"\" \/><em>Local estava praticamente abandonado (Foto: Vanessa Andrade\/Arquivo Pessoal)<\/em><br \/>\n<\/br><\/p>\n<p><img decoding=\"async\" src=\"http:\/\/aconteceunovale.com.br\/portal\/wp-content\/uploads\/2017\/05\/praca_vereda_moc_3.jpg\" alt=\"\" \/><em>A\u00e7\u00e3o foi idealizada em setembro de 2016 (Foto: Vanessa Andrade\/Arquivo Pessoal)<\/em><br \/>\n<\/br><\/p>\n<p><strong>VER PRIMEIRO<\/strong><\/p>\n<p>Receba as not\u00edcias do Aconteceu no Vale em primeira m\u00e3o. Clique em curtir no endere\u00e7o <a href=\"https:\/\/www.facebook.com\/aconteceunovale\" target=\"_blank\"><font color=\"red\">www.facebook.com\/aconteceunovale<\/font><\/a> ou no box abaixo:<\/p>\n<div class=\"fb-like\" data-href=\"https:\/\/www.facebook.com\/aconteceunovale\" data-width=\"120\" data-layout=\"standard\" data-action=\"like\" data-size=\"small\" data-show-faces=\"true\" data-share=\"true\"><\/div>\n<p><\/br><\/p>\n<p><em>(Fonte: G1 Grande Minas)<\/em><\/p>\n","protected":false},"excerpt":{"rendered":"<p>Moradores da comunidade de S\u00e3o Jo\u00e3o das Veredas, em Montes Claros, se uniram para revitalizar a pra\u00e7a do povoado, que fica cerca de 40 quil\u00f4metros da sede do munic\u00edpio. A Pra\u00e7a S\u00e3o Jo\u00e3o Batista \u00e9 tida pelos pr\u00f3prios moradores como o \u00fanico local de entretenimento dos quase 700 moradores que vivem no povoado. De acordo [&hellip;]<\/p>\n","protected":false},"author":1,"featured_media":115942,"comment_status":"open","ping_status":"closed","sticky":false,"template":"","format":"standard","meta":{"amp_status":"","footnotes":""},"categories":[1236],"tags":[210,150656,150654,150653,150651,150652,150650,150655],"class_list":["post-115941","post","type-post","status-publish","format-standard","has-post-thumbnail","hentry","category-norte_de_minas","tag-montes-claros","tag-moradores-recuperam-praca-em-comunidade-no-municipio-de-montes-claros","tag-praca-sao-joao-batista-em-sao-joao-das-veredas","tag-revitalizacao-da-praca-sao-joao-batista-em-sao-joao-das-veredas","tag-revitalizacao-de-praca-em-sao-joao-das-veredas","tag-revitalizacao-sao-joao-das-veredas","tag-sao-joao-das-veredas","tag-vanessa-ferreira-andrade"],"_links":{"self":[{"href":"https:\/\/aconteceunovale.com.br\/portal\/index.php?rest_route=\/wp\/v2\/posts\/115941","targetHints":{"allow":["GET"]}}],"collection":[{"href":"https:\/\/aconteceunovale.com.br\/portal\/index.php?rest_route=\/wp\/v2\/posts"}],"about":[{"href":"https:\/\/aconteceunovale.com.br\/portal\/index.php?rest_route=\/wp\/v2\/types\/post"}],"author":[{"embeddable":true,"href":"https:\/\/aconteceunovale.com.br\/portal\/index.php?rest_route=\/wp\/v2\/users\/1"}],"replies":[{"embeddable":true,"href":"https:\/\/aconteceunovale.com.br\/portal\/index.php?rest_route=%2Fwp%2Fv2%2Fcomments&post=115941"}],"version-history":[{"count":0,"href":"https:\/\/aconteceunovale.com.br\/portal\/index.php?rest_route=\/wp\/v2\/posts\/115941\/revisions"}],"wp:featuredmedia":[{"embeddable":true,"href":"https:\/\/aconteceunovale.com.br\/portal\/index.php?rest_route=\/wp\/v2\/media\/115942"}],"wp:attachment":[{"href":"https:\/\/aconteceunovale.com.br\/portal\/index.php?rest_route=%2Fwp%2Fv2%2Fmedia&parent=115941"}],"wp:term":[{"taxonomy":"category","embeddable":true,"href":"https:\/\/aconteceunovale.com.br\/portal\/index.php?rest_route=%2Fwp%2Fv2%2Fcategories&post=115941"},{"taxonomy":"post_tag","embeddable":true,"href":"https:\/\/aconteceunovale.com.br\/portal\/index.php?rest_route=%2Fwp%2Fv2%2Ftags&post=115941"}],"curies":[{"name":"wp","href":"https:\/\/api.w.org\/{rel}","templated":true}]}}