{"id":115934,"date":"2017-05-27T12:18:07","date_gmt":"2017-05-27T14:18:07","guid":{"rendered":"http:\/\/aconteceunovale.com.br\/portal\/?p=115934"},"modified":"2017-05-27T22:07:27","modified_gmt":"2017-05-28T00:07:27","slug":"colisao-entre-moto-e-caminhonete-deixa-dois-mortos-em-montes-claros","status":"publish","type":"post","link":"https:\/\/aconteceunovale.com.br\/portal\/?p=115934","title":{"rendered":"Colis\u00e3o entre moto e caminhonete deixa dois mortos em Montes Claros"},"content":{"rendered":"<p>Dois homens, de 21 e 28 anos, morreram em um grave acidente na madrugada deste s\u00e1bado (27\/05) na altura do quil\u00f4metro 18 da BR-135, pr\u00f3ximo a Lagoinha, munic\u00edpio de Montes Claros (MG). De acordo com o Corpo de Bombeiros, a colis\u00e3o frontal entre uma motocicleta e uma caminhonete aconteceu por volta das 3h.<\/p>\n<p>Com o impacto, o condutor e o passageiro da moto ficaram gravemente feridos e faleceram no local. Os quarto ocupantes do carro n\u00e3o se feriram.<\/p>\n<p>A Per\u00edcia T\u00e9cnica da Pol\u00edcia Civil compareceu ao local e ap\u00f3s os trabalhos de praxe, os corpos foram removidos ao Instituto M\u00e9dico Legal (IML). As causas do acidente ser\u00e3o apuradas.<\/p>\n<p><img decoding=\"async\" src=\"http:\/\/aconteceunovale.com.br\/portal\/wp-content\/uploads\/2017\/05\/acidente_moc_motocarro_1.jpg\" alt=\"\" \/><em>Acidente aconteceu no km 18 da BR-135 (Foto: Reprodu\u00e7\u00e3o\/WhatsApp)<\/em><br \/>\n<\/br><\/p>\n<p><img decoding=\"async\" src=\"http:\/\/aconteceunovale.com.br\/portal\/wp-content\/uploads\/2017\/05\/acidente_moc_motocarro_2.jpg\" alt=\"\" \/><em>Acidente aconteceu no km 18 da BR-135 (Foto: Reprodu\u00e7\u00e3o\/WhatsApp)<\/em><br \/>\n<\/br><\/p>\n<p><img decoding=\"async\" src=\"http:\/\/aconteceunovale.com.br\/portal\/wp-content\/uploads\/2017\/05\/acidente_moc_motocarro_3.jpg\" alt=\"\" \/><em>Acidente aconteceu no km 18 da BR-135 (Foto: Reprodu\u00e7\u00e3o\/WhatsApp)<\/em><br \/>\n<\/br><\/p>\n<p><strong>VER PRIMEIRO<\/strong><\/p>\n<p>Receba as not\u00edcias do Aconteceu no Vale em primeira m\u00e3o. Clique em curtir no endere\u00e7o <a href=\"https:\/\/www.facebook.com\/aconteceunovale\" target=\"_blank\"><font color=\"red\">www.facebook.com\/aconteceunovale<\/font><\/a> ou no box abaixo:<\/p>\n<div class=\"fb-like\" data-href=\"https:\/\/www.facebook.com\/aconteceunovale\" data-width=\"120\" data-layout=\"standard\" data-action=\"like\" data-size=\"small\" data-show-faces=\"true\" data-share=\"true\"><\/div>\n<p><\/br><\/p>\n","protected":false},"excerpt":{"rendered":"<p>Dois homens, de 21 e 28 anos, morreram em um grave acidente na madrugada deste s\u00e1bado (27\/05) na altura do quil\u00f4metro 18 da BR-135, pr\u00f3ximo a Lagoinha, munic\u00edpio de Montes Claros (MG). De acordo com o Corpo de Bombeiros, a colis\u00e3o frontal entre uma motocicleta e uma caminhonete aconteceu por volta das 3h. Com o [&hellip;]<\/p>\n","protected":false},"author":1,"featured_media":115935,"comment_status":"open","ping_status":"closed","sticky":false,"template":"","format":"standard","meta":{"amp_status":"","footnotes":""},"categories":[1236],"tags":[137556,16673,112602,150649,150648,150746,150745,210],"class_list":["post-115934","post","type-post","status-publish","format-standard","has-post-thumbnail","hentry","category-norte_de_minas","tag-acidente-com-moto-em-montes-claros","tag-acidente-em-montes-claros","tag-acidente-entre-moto-e-carro-em-montes-claros","tag-acidente-perto-da-lagoinha-em-montes-claros","tag-colisao-entre-moto-e-caminhonete-deixa-dois-mortos-em-montes-claros","tag-jonatas-souza-ribeiro","tag-luan-versiani","tag-montes-claros"],"_links":{"self":[{"href":"https:\/\/aconteceunovale.com.br\/portal\/index.php?rest_route=\/wp\/v2\/posts\/115934","targetHints":{"allow":["GET"]}}],"collection":[{"href":"https:\/\/aconteceunovale.com.br\/portal\/index.php?rest_route=\/wp\/v2\/posts"}],"about":[{"href":"https:\/\/aconteceunovale.com.br\/portal\/index.php?rest_route=\/wp\/v2\/types\/post"}],"author":[{"embeddable":true,"href":"https:\/\/aconteceunovale.com.br\/portal\/index.php?rest_route=\/wp\/v2\/users\/1"}],"replies":[{"embeddable":true,"href":"https:\/\/aconteceunovale.com.br\/portal\/index.php?rest_route=%2Fwp%2Fv2%2Fcomments&post=115934"}],"version-history":[{"count":0,"href":"https:\/\/aconteceunovale.com.br\/portal\/index.php?rest_route=\/wp\/v2\/posts\/115934\/revisions"}],"wp:featuredmedia":[{"embeddable":true,"href":"https:\/\/aconteceunovale.com.br\/portal\/index.php?rest_route=\/wp\/v2\/media\/115935"}],"wp:attachment":[{"href":"https:\/\/aconteceunovale.com.br\/portal\/index.php?rest_route=%2Fwp%2Fv2%2Fmedia&parent=115934"}],"wp:term":[{"taxonomy":"category","embeddable":true,"href":"https:\/\/aconteceunovale.com.br\/portal\/index.php?rest_route=%2Fwp%2Fv2%2Fcategories&post=115934"},{"taxonomy":"post_tag","embeddable":true,"href":"https:\/\/aconteceunovale.com.br\/portal\/index.php?rest_route=%2Fwp%2Fv2%2Ftags&post=115934"}],"curies":[{"name":"wp","href":"https:\/\/api.w.org\/{rel}","templated":true}]}}