{"id":115891,"date":"2017-05-26T21:59:41","date_gmt":"2017-05-26T23:59:41","guid":{"rendered":"http:\/\/aconteceunovale.com.br\/portal\/?p=115891"},"modified":"2017-05-26T21:59:41","modified_gmt":"2017-05-26T23:59:41","slug":"primeiro-marido-rouba-a-cena-em-foto-durante-encontro-da-otan","status":"publish","type":"post","link":"https:\/\/aconteceunovale.com.br\/portal\/?p=115891","title":{"rendered":"&#8216;Primeiro-marido&#8217; rouba a cena em foto durante encontro da Otan"},"content":{"rendered":"<p>A tradicional foto com as primeiras-damas dos chefes de estado durante a reuni\u00e3o da Otan (Organiza\u00e7\u00e3o do Tratado do Atl\u00e2ntico Norte) teve, neste ano, a presen\u00e7a de um homem. \u00c9 Gauthier Destenay, casado com o primeiro-ministro de Luxemburgo, Xavier Bettel. A imagem teve grande repercuss\u00e3o e chamou aten\u00e7\u00e3o do mundo todo.<\/p>\n<p>O \u201cprimeiro-marido\u201d, como Gauthier vem sendo chamado, aparece na foto, ao lado da primeira-dama americana, Melania Trump, a nova primeira-dama francesa, Brigitte Macron e a rainha Matilde, da B\u00e9lgica. <\/p>\n<p>O casal formado por Gauthier e Xavier vive em uni\u00e3o civil desde 2010 e se casou em 2015 em Luxemburgo, depois da aprova\u00e7\u00e3o do casamento gay. Bettel se tornou o 1\u00ba primeiro-ministro abertamente homossexual do pa\u00eds e, atualmente, \u00e9 o \u00fanico no mundo. <\/p>\n<p><img decoding=\"async\" src=\"http:\/\/aconteceunovale.com.br\/portal\/wp-content\/uploads\/2017\/05\/primeiro_marido.jpg\" alt=\"\" \/><em>Gauthier \u00e9 casado com Xavier Bettel (Foto: Yorick Jansens\/Belga\/AFP\/Reprodu\u00e7\u00e3o Hoje em Dia)<\/em><br \/>\n<\/br><\/p>\n<p><strong>VER PRIMEIRO<\/strong><\/p>\n<p>Receba as not\u00edcias do Aconteceu no Vale em primeira m\u00e3o. Clique em curtir no endere\u00e7o <a href=\"https:\/\/www.facebook.com\/aconteceunovale\" target=\"_blank\"><font color=\"red\">www.facebook.com\/aconteceunovale<\/font><\/a> ou no box abaixo:<\/p>\n<div class=\"fb-like\" data-href=\"https:\/\/www.facebook.com\/aconteceunovale\" data-width=\"120\" data-layout=\"standard\" data-action=\"like\" data-size=\"small\" data-show-faces=\"true\" data-share=\"true\"><\/div>\n<p><\/br><\/p>\n<p><em>(Fonte: Hoje em Dia)<\/em><\/p>\n","protected":false},"excerpt":{"rendered":"<p>A tradicional foto com as primeiras-damas dos chefes de estado durante a reuni\u00e3o da Otan (Organiza\u00e7\u00e3o do Tratado do Atl\u00e2ntico Norte) teve, neste ano, a presen\u00e7a de um homem. \u00c9 Gauthier Destenay, casado com o primeiro-ministro de Luxemburgo, Xavier Bettel. A imagem teve grande repercuss\u00e3o e chamou aten\u00e7\u00e3o do mundo todo. O \u201cprimeiro-marido\u201d, como Gauthier [&hellip;]<\/p>\n","protected":false},"author":1,"featured_media":115892,"comment_status":"open","ping_status":"closed","sticky":false,"template":"","format":"standard","meta":{"amp_status":"","footnotes":""},"categories":[28848],"tags":[150583,150579,150582,150581,150585,150586,150584,150580],"class_list":["post-115891","post","type-post","status-publish","format-standard","has-post-thumbnail","hentry","category-mundo","tag-gauthier-destenay","tag-gauthier-e-casado-com-xavier-bettel","tag-organizacao-do-tratado-do-atlantico-norte","tag-otan","tag-primeiro-marido","tag-primeiro-marido-rouba-a-cena-em-foto-durante-encontro-da-otan","tag-primeiro-ministro-de-luxemburgo","tag-xavier-bettel"],"_links":{"self":[{"href":"https:\/\/aconteceunovale.com.br\/portal\/index.php?rest_route=\/wp\/v2\/posts\/115891","targetHints":{"allow":["GET"]}}],"collection":[{"href":"https:\/\/aconteceunovale.com.br\/portal\/index.php?rest_route=\/wp\/v2\/posts"}],"about":[{"href":"https:\/\/aconteceunovale.com.br\/portal\/index.php?rest_route=\/wp\/v2\/types\/post"}],"author":[{"embeddable":true,"href":"https:\/\/aconteceunovale.com.br\/portal\/index.php?rest_route=\/wp\/v2\/users\/1"}],"replies":[{"embeddable":true,"href":"https:\/\/aconteceunovale.com.br\/portal\/index.php?rest_route=%2Fwp%2Fv2%2Fcomments&post=115891"}],"version-history":[{"count":0,"href":"https:\/\/aconteceunovale.com.br\/portal\/index.php?rest_route=\/wp\/v2\/posts\/115891\/revisions"}],"wp:featuredmedia":[{"embeddable":true,"href":"https:\/\/aconteceunovale.com.br\/portal\/index.php?rest_route=\/wp\/v2\/media\/115892"}],"wp:attachment":[{"href":"https:\/\/aconteceunovale.com.br\/portal\/index.php?rest_route=%2Fwp%2Fv2%2Fmedia&parent=115891"}],"wp:term":[{"taxonomy":"category","embeddable":true,"href":"https:\/\/aconteceunovale.com.br\/portal\/index.php?rest_route=%2Fwp%2Fv2%2Fcategories&post=115891"},{"taxonomy":"post_tag","embeddable":true,"href":"https:\/\/aconteceunovale.com.br\/portal\/index.php?rest_route=%2Fwp%2Fv2%2Ftags&post=115891"}],"curies":[{"name":"wp","href":"https:\/\/api.w.org\/{rel}","templated":true}]}}