{"id":115884,"date":"2017-05-26T21:33:51","date_gmt":"2017-05-26T23:33:51","guid":{"rendered":"http:\/\/aconteceunovale.com.br\/portal\/?p=115884"},"modified":"2017-05-26T21:33:51","modified_gmt":"2017-05-26T23:33:51","slug":"caninana-de-grande-porte-assusta-moradores-em-bairro-de-timoteo","status":"publish","type":"post","link":"https:\/\/aconteceunovale.com.br\/portal\/?p=115884","title":{"rendered":"Caninana de grande porte assusta moradores em bairro de Tim\u00f3teo"},"content":{"rendered":"<p>Os moradores de um bairro de Tim\u00f3teo, no Vale do A\u00e7o, est\u00e3o com medo desde esta quinta-feira (25\/05\/2017) depois que uma cobra de mais de 2 metros apareceu no telhado de um lava jato e conseguiu fugir dos bombeiros acionados para captur\u00e1-la. O caso foi registrado na parte da manh\u00e3 no bairro Timotinho, onde muitos moradores estariam ficando com suas janelas fechadas por medo do bicho. <\/p>\n<p>A corpora\u00e7\u00e3o foi acionada pelos funcion\u00e1rios do estabelecimento, que fica na avenida Jovino Augusto da Silva, por volta das 10h45. Eles ficaram assustados ao verem a cobra da esp\u00e9cie caninana, que pode chegar a at\u00e9 4 metros de comprimento, e resolveram acionar o Corpo de Bombeiros. Veja um v\u00eddeo que mostra o animal: <\/p>\n<p><iframe loading=\"lazy\" width=\"640\" height=\"360\" src=\"https:\/\/www.youtube.com\/embed\/bOomoNYqIUs\" frameborder=\"0\" allowfullscreen><\/iframe><br \/>\n<\/br><\/p>\n<p>A cobra foi para uma \u00e1rea verde que existe atr\u00e1s do local, mas os militares teriam resolvido n\u00e3o pular na mata para tentar peg\u00e1-la. &#8220;Eles est\u00e3o acostumados a tirar gatinho de \u00e1rvore, cachorro de buraco. A\u00ed v\u00ea uma &#8216;cobrona&#8217; dessa e vai embora. Agora as janelas do pr\u00e9dio aqui de tr\u00e1s est\u00e3o todas fechadas, todo mundo com medo do bicho. Aqui tamb\u00e9m t\u00e1 todo mundo trabalhando com um olho no peixe e outro no gato&#8221;, completou. <\/p>\n<p>Procurado pela reportagem de O Tempo, o Corpo de Bombeiros de Tim\u00f3teo justificou que o animal n\u00e3o \u00e9 pe\u00e7onhento (n\u00e3o possui veneno) e teve o seu tamanho valorizado pelo \u00e2ngulo da foto. Segundo a corpora\u00e7\u00e3o, a cobra teria cerca de 2 metros e fugiu para a mata pr\u00f3xima ao ver a movimenta\u00e7\u00e3o dos militares que subiam no telhado para peg\u00e1-la. <\/p>\n<p>Como ela acabaria solta em uma \u00e1rea semelhantes, os militares optaram por deixar a cobra no local. &#8220;N\u00f3s temos muitas \u00e1reas de preserva\u00e7\u00e3o aqui, j\u00e1 pegamos cobras bem maiores que esta. Toda semana tem ocorr\u00eancia igual a essa. O pessoal est\u00e1 exagerando, a foto fez ela parecer maior do que era, e n\u00e3o \u00e9 uma cobra perigosa. Por isso os militares deixaram ela l\u00e1&#8221;, justificou um bombeiros que n\u00e3o quis ser identificado.<\/p>\n<p><img decoding=\"async\" src=\"http:\/\/aconteceunovale.com.br\/portal\/wp-content\/uploads\/2017\/05\/caninana_timoteo_1.jpeg\" alt=\"\" \/><em>O animal de grande porte estava em telhado (Foto: Abner Sabino\/Reprodu\u00e7\u00e3o O Tempo)<\/em><br \/>\n<\/br><\/p>\n<p><img decoding=\"async\" src=\"http:\/\/aconteceunovale.com.br\/portal\/wp-content\/uploads\/2017\/05\/caninana_timoteo_2.jpeg\" alt=\"\" \/><em>O animal de grande porte estava em telhado (Foto: Abner Sabino\/Reprodu\u00e7\u00e3o O Tempo)<\/em><br \/>\n<\/br><\/p>\n<p><strong>VER PRIMEIRO<\/strong><\/p>\n<p>Receba as not\u00edcias do Aconteceu no Vale em primeira m\u00e3o. Clique em curtir no endere\u00e7o <a href=\"https:\/\/www.facebook.com\/aconteceunovale\" target=\"_blank\"><font color=\"red\">www.facebook.com\/aconteceunovale<\/font><\/a> ou no box abaixo:<\/p>\n<div class=\"fb-like\" data-href=\"https:\/\/www.facebook.com\/aconteceunovale\" data-width=\"120\" data-layout=\"standard\" data-action=\"like\" data-size=\"small\" data-show-faces=\"true\" data-share=\"true\"><\/div>\n<p><\/br><\/p>\n<p><em>(Fonte: O Tempo \/ Reportagem: Jos\u00e9 V\u00edtor Camilo)<\/em><\/p>\n","protected":false},"excerpt":{"rendered":"<p>Os moradores de um bairro de Tim\u00f3teo, no Vale do A\u00e7o, est\u00e3o com medo desde esta quinta-feira (25\/05\/2017) depois que uma cobra de mais de 2 metros apareceu no telhado de um lava jato e conseguiu fugir dos bombeiros acionados para captur\u00e1-la. O caso foi registrado na parte da manh\u00e3 no bairro Timotinho, onde muitos [&hellip;]<\/p>\n","protected":false},"author":1,"featured_media":115885,"comment_status":"open","ping_status":"closed","sticky":false,"template":"","format":"standard","meta":{"amp_status":"","footnotes":""},"categories":[121],"tags":[150564,150563,150561,150562,1018,1105],"class_list":["post-115884","post","type-post","status-publish","format-standard","has-post-thumbnail","hentry","category-leste","tag-caninana-de-grande-porte-assusta-moradores-em-bairro-de-timoteo","tag-caninana-telhado-de-lava-jato-em-timoteo","tag-caninana-timoteo","tag-cobra-timoteo","tag-destaque","tag-timoteo"],"_links":{"self":[{"href":"https:\/\/aconteceunovale.com.br\/portal\/index.php?rest_route=\/wp\/v2\/posts\/115884","targetHints":{"allow":["GET"]}}],"collection":[{"href":"https:\/\/aconteceunovale.com.br\/portal\/index.php?rest_route=\/wp\/v2\/posts"}],"about":[{"href":"https:\/\/aconteceunovale.com.br\/portal\/index.php?rest_route=\/wp\/v2\/types\/post"}],"author":[{"embeddable":true,"href":"https:\/\/aconteceunovale.com.br\/portal\/index.php?rest_route=\/wp\/v2\/users\/1"}],"replies":[{"embeddable":true,"href":"https:\/\/aconteceunovale.com.br\/portal\/index.php?rest_route=%2Fwp%2Fv2%2Fcomments&post=115884"}],"version-history":[{"count":0,"href":"https:\/\/aconteceunovale.com.br\/portal\/index.php?rest_route=\/wp\/v2\/posts\/115884\/revisions"}],"wp:featuredmedia":[{"embeddable":true,"href":"https:\/\/aconteceunovale.com.br\/portal\/index.php?rest_route=\/wp\/v2\/media\/115885"}],"wp:attachment":[{"href":"https:\/\/aconteceunovale.com.br\/portal\/index.php?rest_route=%2Fwp%2Fv2%2Fmedia&parent=115884"}],"wp:term":[{"taxonomy":"category","embeddable":true,"href":"https:\/\/aconteceunovale.com.br\/portal\/index.php?rest_route=%2Fwp%2Fv2%2Fcategories&post=115884"},{"taxonomy":"post_tag","embeddable":true,"href":"https:\/\/aconteceunovale.com.br\/portal\/index.php?rest_route=%2Fwp%2Fv2%2Ftags&post=115884"}],"curies":[{"name":"wp","href":"https:\/\/api.w.org\/{rel}","templated":true}]}}