{"id":115882,"date":"2017-05-26T21:01:57","date_gmt":"2017-05-26T23:01:57","guid":{"rendered":"http:\/\/aconteceunovale.com.br\/portal\/?p=115882"},"modified":"2017-05-26T21:01:57","modified_gmt":"2017-05-26T23:01:57","slug":"policia-federal-apreende-bloqueador-de-telefone-e-lista-de-cargos-em-casa-de-aecio","status":"publish","type":"post","link":"https:\/\/aconteceunovale.com.br\/portal\/?p=115882","title":{"rendered":"Pol\u00edcia Federal apreende bloqueador de telefone e lista de cargos em casa de A\u00e9cio"},"content":{"rendered":"<p>A Pol\u00edcia Federal (PF) encontrou um bloqueador de sinal telef\u00f4nico e uma lista de indica\u00e7\u00f5es para cargos federais nas opera\u00e7\u00f5es de busca e apreens\u00e3o realizadas na semana passada na casa e no gabinete do senador afastado A\u00e9cio Neves (PSDB-MG). Os mandados foram expedidos pelo ministro Edson Fachin na Opera\u00e7\u00e3o Patmos.<\/p>\n<p>No apartamento do senador, no Rio de Janeiro, foram apreendidos um bloqueador de telefone, 15 obras de arte, diversos documentos, entre os quais um papel azul com senhas, al\u00e9m de diversos \u201ccomprovantes de dep\u00f3sitos e anota\u00e7\u00f5es manuscritas, dentre elas a inscri\u00e7\u00e3o &#8220;cx 2&#8221;. A pol\u00edcia n\u00e3o deu detalhes da inscri\u00e7\u00e3o e anota\u00e7\u00f5es.<\/p>\n<p>Os relat\u00f3rios das apreens\u00f5es da PF foram anexados hoje (26) ao inqu\u00e9rito no qual A\u00e9cio Neves \u00e9 investigado no Supremo com base nas dela\u00e7\u00f5es premiadas dos irm\u00e3os Joesley e Wesley Batista, donos da JBS.<\/p>\n<p>De acordo com os policiais, foram apreendidas no gabinete do senador planilhas que teriam nomes de indicados para cargos federais, com refer\u00eancia aos partidos que fizeram as indica\u00e7\u00f5es e \u00e0 remunera\u00e7\u00e3o, al\u00e9m de uma agenda com marca\u00e7\u00e3o de reuni\u00f5es com Joesley Batista e uma folha manuscrita com dados da empreiteira Odebrecht. Os celulares do senador tamb\u00e9m foram levados pelos policiais.<\/p>\n<p>Nos depoimentos de dela\u00e7\u00e3o premiada, Joesley Batista afirma que pagou R$ 2 milh\u00f5es a A\u00e9cio e que a contrapartida seria a indica\u00e7\u00e3o para um cargo na Vale, que n\u00e3o se concretizou. Os executivos afirmam tamb\u00e9m que pagaram propina ao senador durante a campanha presidencial de 2014, com a expectativa de que ele atuaria a favor da empresa posteriormente, se fosse eleito presidente. <\/p>\n<p>Na ter\u00e7a-feira (23), em v\u00eddeo publicado nas redes sociais, A\u00e9cio classificou de \u201cinjustific\u00e1veis\u201d as opera\u00e7\u00f5es que tiveram como alvo ele e sua fam\u00edlia, resultando na pris\u00e3o de sua irm\u00e3, Andrea Neves, e seu primo Frederico Pacheco.<\/p>\n<p>\u201cEu reafirmo aqui, de forma definitiva: n\u00e3o cometi crime algum. Minha irm\u00e3 Andrea n\u00e3o cometeu crime algum. Meu primo Frederico n\u00e3o cometeu crime algum. S\u00e3o pessoas de bem, que sofrem hoje com a injusti\u00e7a das san\u00e7\u00f5es que lhes foram impostas\u201d, disse o senador.<\/p>\n<p>Por meio de nota, o advogado do senador A\u00e9cio Neves, Alberto Zacharias Toron, disse lamentar &#8220;que cita\u00e7\u00f5es sem qualquer informa\u00e7\u00e3o real sobre a que se referem ou mesmo alguma contextualiza\u00e7\u00e3o que permita o seu devido esclarecimento estejam sendo divulgadas para a imprensa por agentes p\u00fablicos envolvidos na investiga\u00e7\u00e3o em curso&#8221;.<\/p>\n<p>&#8220;Ainda assim, asseguramos que uma eventual refer\u00eancia a CX 2 n\u00e3o significa qualquer ind\u00edcio de ilegalidade. O senador A\u00e9cio reitera que em toda sua vida p\u00fablica, nas campanhas de que participou, agiu de acordo com o que determina a lei.&#8221;<\/p>\n<p>De acordo com o advogado, o senador est\u00e1 \u00e0 disposi\u00e7\u00e3o da Justi\u00e7a para ser ouvido e esclarecer o que for necess\u00e1rio.<\/p>\n<p><strong>VER PRIMEIRO<\/strong><\/p>\n<p>Receba as not\u00edcias do Aconteceu no Vale em primeira m\u00e3o. Clique em curtir no endere\u00e7o <a href=\"https:\/\/www.facebook.com\/aconteceunovale\" target=\"_blank\"><font color=\"red\">www.facebook.com\/aconteceunovale<\/font><\/a> ou no box abaixo:<\/p>\n<div class=\"fb-like\" data-href=\"https:\/\/www.facebook.com\/aconteceunovale\" data-width=\"120\" data-layout=\"standard\" data-action=\"like\" data-size=\"small\" data-show-faces=\"true\" data-share=\"true\"><\/div>\n<p><\/br><\/p>\n<p><em>(Fonte: Ag\u00eancia Brasil)<\/em><\/p>\n","protected":false},"excerpt":{"rendered":"<p>A Pol\u00edcia Federal (PF) encontrou um bloqueador de sinal telef\u00f4nico e uma lista de indica\u00e7\u00f5es para cargos federais nas opera\u00e7\u00f5es de busca e apreens\u00e3o realizadas na semana passada na casa e no gabinete do senador afastado A\u00e9cio Neves (PSDB-MG). Os mandados foram expedidos pelo ministro Edson Fachin na Opera\u00e7\u00e3o Patmos. No apartamento do senador, no [&hellip;]<\/p>\n","protected":false},"author":1,"featured_media":115534,"comment_status":"open","ping_status":"closed","sticky":false,"template":"","format":"standard","meta":{"amp_status":"","footnotes":""},"categories":[6,40240],"tags":[149455,149461,2728,149460,149445,149443,149444,149441,149453,18871,149452,149450,134495,194,150560,965,99279,149454,77983,149459,149457,149456,149424,149468,149469,102497,149448,149434,27144,149440,149458,20181,149471,1496,149506,149449,18095,149491,772,150559,20321,149442,149470,149447,28510,149677,149676,149451,149446],"class_list":["post-115882","post","type-post","status-publish","format-standard","has-post-thumbnail","hentry","category-br","category-politica-2","tag-a-casa-caiu-para-aecio-neves","tag-a-casa-caiu-para-aecio-neves-e-outros-politicos-do-alto-escalao","tag-aecio-neves","tag-aecio-neves-e-outros-politicos-sao-alvos-de-operacao-da-policia-federal","tag-aecio-neves-jbs","tag-aecio-neves-operacao-cala-boca","tag-aecio-neves-propina","tag-afastamento-aecio-neves","tag-andrea-neves","tag-andrea-neves-da-cunha","tag-andreia-neves","tag-angelo-goulart-villela","tag-apos-denuncias","tag-belo-horizonte","tag-bloqueador-de-telefones","tag-claudio","tag-delacao","tag-delacao-da-jbs","tag-edson-fachin","tag-fachin-manda-afastar-aecio-neves","tag-frederico-pacheco-de-medeiros","tag-frigorifico-jbs","tag-gravacoes-da-jbs","tag-irma-de-aecio-neves-e-presa-em-nova-lima","tag-janot-determina-exoneracao-de-procurador-preso-em-operacao-da-policia-federal","tag-jbs","tag-joao-batista-lima-filho","tag-joesley-batista","tag-lava-jato","tag-mandados-aecio-neves","tag-mandados-em-enderecos-ligados-a-aecio-neves","tag-michel-temer","tag-michel-temer-altera-a-agenda-e-cancela-compromissos","tag-nova-lima","tag-oito-pedidos-de-impeachment-sao-apresentados-no-congresso","tag-operacao-cala-boca","tag-operacao-lava-jato","tag-ouca-a-conversa-entre-michel-temer-e-o-dono-da-jbs","tag-policia-federal","tag-policia-federal-apreende-bloqueador-de-telefone-e-lista-de-cargos-em-casa-de-aecio","tag-presidente-da-republica","tag-prisao-aecio-neves","tag-procuradoria-geral-eleitoral","tag-rodrigo-rocha-loures","tag-supremo-tribunal-federal","tag-temer-ataca-dono-da-jbs-e-diz-que-vai-pedir-suspensao-de-inquerito","tag-temer-diz-que-vai-pedir-suspensao-de-inquerito","tag-willer-tomaz","tag-zeze-perrela"],"_links":{"self":[{"href":"https:\/\/aconteceunovale.com.br\/portal\/index.php?rest_route=\/wp\/v2\/posts\/115882","targetHints":{"allow":["GET"]}}],"collection":[{"href":"https:\/\/aconteceunovale.com.br\/portal\/index.php?rest_route=\/wp\/v2\/posts"}],"about":[{"href":"https:\/\/aconteceunovale.com.br\/portal\/index.php?rest_route=\/wp\/v2\/types\/post"}],"author":[{"embeddable":true,"href":"https:\/\/aconteceunovale.com.br\/portal\/index.php?rest_route=\/wp\/v2\/users\/1"}],"replies":[{"embeddable":true,"href":"https:\/\/aconteceunovale.com.br\/portal\/index.php?rest_route=%2Fwp%2Fv2%2Fcomments&post=115882"}],"version-history":[{"count":0,"href":"https:\/\/aconteceunovale.com.br\/portal\/index.php?rest_route=\/wp\/v2\/posts\/115882\/revisions"}],"wp:featuredmedia":[{"embeddable":true,"href":"https:\/\/aconteceunovale.com.br\/portal\/index.php?rest_route=\/wp\/v2\/media\/115534"}],"wp:attachment":[{"href":"https:\/\/aconteceunovale.com.br\/portal\/index.php?rest_route=%2Fwp%2Fv2%2Fmedia&parent=115882"}],"wp:term":[{"taxonomy":"category","embeddable":true,"href":"https:\/\/aconteceunovale.com.br\/portal\/index.php?rest_route=%2Fwp%2Fv2%2Fcategories&post=115882"},{"taxonomy":"post_tag","embeddable":true,"href":"https:\/\/aconteceunovale.com.br\/portal\/index.php?rest_route=%2Fwp%2Fv2%2Ftags&post=115882"}],"curies":[{"name":"wp","href":"https:\/\/api.w.org\/{rel}","templated":true}]}}