{"id":115809,"date":"2017-05-25T21:25:13","date_gmt":"2017-05-25T23:25:13","guid":{"rendered":"http:\/\/aconteceunovale.com.br\/portal\/?p=115809"},"modified":"2017-05-25T21:25:13","modified_gmt":"2017-05-25T23:25:13","slug":"crise-no-brasil-e-a-saude-mental-qual-a-relacao-coluna-nilberto-antonio","status":"publish","type":"post","link":"https:\/\/aconteceunovale.com.br\/portal\/?p=115809","title":{"rendered":"Crise no Brasil e a sa\u00fade mental: Qual a rela\u00e7\u00e3o? &#8211; Coluna Nilberto Ant\u00f4nio"},"content":{"rendered":"<p>Prezado leitor, hoje trataremos de um assunto que embora esteja em voga, h\u00e1 muito ainda que falar sobre. Abordaremos a crise politica que o Brasil enfrenta nos \u00faltimos tempos e os poss\u00edveis impactos disso sobre a sa\u00fade ps\u00edquica de todos n\u00f3s brasileiros.<\/p>\n<p>Voc\u00ea deve estar se perguntando qual a rela\u00e7\u00e3o entre a crise politica e sa\u00fade ps\u00edquica. Pois bem, como voc\u00ea tem se sentindo diante de tantos esc\u00e2ndalos no cen\u00e1rio politico dos \u00faltimos tempos? Como voc\u00ea se sente ante um cen\u00e1rio de muitas incertezas, politicas e econ\u00f4micas, sem saber qual ser\u00e1 o futuro da na\u00e7\u00e3o? <\/p>\n<p>Esse cen\u00e1rio de incertezas, de inseguran\u00e7a provavelmente lhe deixa mais estressado, mais ansioso, inseguro, esses sentimentos impactam violentamente sobre sua sa\u00fade ps\u00edquica, pois o coloca em um estado de tens\u00e3o constante e lhe obriga a dispensar enorme quantidade de energia ps\u00edquica para enfrentar as situa\u00e7\u00f5es do dia a dia. <\/p>\n<p>Al\u00e9m do mais, todo esse clima de hostilidade politica reflete na popula\u00e7\u00e3o em geral, percebe-se todos mais agitados, um sentimento negativo, talvez de \u00f3dio parece se alastras pela na\u00e7\u00e3o, como g\u00e1s que se espalha, bastando uma pequena fa\u00edsca para causar uma grande explos\u00e3o. Explos\u00e3o de \u00f3dio, de f\u00faria.<\/p>\n<p>Atrelado \u00e0 crise politica tem-se a grave crise econ\u00f4mica que assola, sobretudo, a parcela mais carente da popula\u00e7\u00e3o brasileira, aumentando ainda mais a tens\u00e3o, colocando todos os brasileiros em um estado de alerta, uma vez que, ao que parece, n\u00e3o se pode confiar em mais ningu\u00e9m, at\u00e9 mesmo as institui\u00e7\u00f5es que seriam a esperan\u00e7a do pa\u00eds est\u00e3o em partes corrompidas. Restando apenas o medo \u00e9 o caos, pois n\u00e3o se sebe o que o futuro nos reserva. <\/p>\n<p>Mas como se prevenir de tudo isso? Como preservar a sa\u00fade ps\u00edquica em meio a tantos agentes estressores? Como se manter psiquicamente saud\u00e1vel em meio a tantos esc\u00e2ndalos e incertezas? N\u00e3o existe uma resposta pronta ou uma formula m\u00e1gica. Um dos caminhos poss\u00edveis \u00e9 selecionar as informa\u00e7\u00f5es que recebe, pois a todo o momento somos bombardeados por informa\u00e7\u00f5es, muitas de fontes duvidosas e carregadas de sensacionalismo, feitas para impressionar, portanto causam maior impacto e como\u00e7\u00e3o. <\/p>\n<p>Outra estrat\u00e9gia poss\u00edvel \u00e9 debater sobre os assuntos que lhe incomoda \u201cdebater de forma saud\u00e1vel, expor ideias e sentimentos com rela\u00e7\u00e3o ao tema\u201d, pois como j\u00e1 disse Freud, o Pai da Psican\u00e1lise, \u201cO que n\u00e3o \u00e9 falado, vira sintoma\u201d. E sintoma \u00e9 o sinal de algo que vai mal, e o sensor que indica que alguma coisa esta prestes a \u201cpifar\u201d.<\/p>\n<p>Ademais, deve-se prestar muita aten\u00e7\u00e3o aos sintomas ps\u00edquicos, pois assim como a febre indica uma infec\u00e7\u00e3o, o excesso de ansiedade, agita\u00e7\u00e3o, nervosismo, ins\u00f4nia, sono em excesso, podem indicar que algo vai mal, sua sa\u00fade mental pode estar amea\u00e7ada. E n\u00e3o se pode ignorar jamais. <\/p>\n<p>Por fim, como j\u00e1 foi dito anteriormente, admite-se que vivemos tempos incertos, de grandes angustias e ansiedades, n\u00e3o sabemos de nada, n\u00e3o sabemos os rumos que o pa\u00eds tomar\u00e1, em meio a esse caos, precisamos manter a calma, e se ficar dif\u00edcil demais suportar tudo sozinho procure um profissional, um psic\u00f3logo talvez, pois este \u00e9 o profissional capaz lhe ajudar a enfrentar a vida com mais leveza e n\u00e3o se deixar abalar pelo mar de incertezas que se instaurou no pa\u00eds. <\/p>\n<h4><strong>Nilberto Ant\u00f4nio<\/strong><\/h4>\n<p><img decoding=\"async\" src=\"http:\/\/aconteceunovale.com.br\/portal\/wp-content\/uploads\/2017\/01\/nilberto_antonio.jpg\" alt=\"\" \/><\/p>\n<p>Nilberto Ant\u00f4nio Gon\u00e7alves, psic\u00f3logo cl\u00ednico com \u00eanfase em atendimento de crian\u00e7as especiais. Trabalha com Orienta\u00e7\u00e3o Profissional. Psic\u00f3logo do Projeto Responsabilidade na Inf\u00e2ncia e Adolesc\u00eancia &#8211; RIA do Centro Social Mali Martin. Atua voluntariamente na Associa\u00e7\u00e3o Amar e Renascer &#8211; Aamar (Institui\u00e7\u00e3o para tratamento de dependentes qu\u00edmicos) de Itamarandiba.<\/p>\n<p>Facebook: <a href=\"https:\/\/www.facebook.com\/nilberto.antonio\" target=\"_blank\">Nilberto Ant\u00f4nio<\/a><br \/>\nInstagram: @<a href=\"https:\/\/www.instagram.com\/nilberto_antonio\/\" target=\"_blank\">nilberto_antonio<\/a><br \/>\nE-mail: nilbertog@ymail.com ou nilbertoantonio@bol.com.br<br \/>\nTelefone: (38) 9 9139-6023<\/p>\n<p><strong>VER PRIMEIRO<\/strong><\/p>\n<p><strong>Receba as not\u00edcias do Aconteceu no Vale em primeira m\u00e3o. Clique em curtir no endere\u00e7o <a href=\"https:\/\/www.facebook.com\/aconteceunovale\" target=\"_blank\"><font color=\"red\">www.facebook.com\/aconteceunovale<\/font><\/a> ou no box abaixo:<\/strong><\/p>\n<div class=\"fb-like\" data-href=\"https:\/\/www.facebook.com\/aconteceunovale\" data-width=\"120\" data-layout=\"standard\" data-action=\"like\" data-size=\"small\" data-show-faces=\"true\" data-share=\"true\"><\/div>\n<p><\/br><\/p>\n","protected":false},"excerpt":{"rendered":"<p>Prezado leitor, hoje trataremos de um assunto que embora esteja em voga, h\u00e1 muito ainda que falar sobre. Abordaremos a crise politica que o Brasil enfrenta nos \u00faltimos tempos e os poss\u00edveis impactos disso sobre a sa\u00fade ps\u00edquica de todos n\u00f3s brasileiros. Voc\u00ea deve estar se perguntando qual a rela\u00e7\u00e3o entre a crise politica e [&hellip;]<\/p>\n","protected":false},"author":1,"featured_media":109092,"comment_status":"open","ping_status":"closed","sticky":false,"template":"","format":"standard","meta":{"amp_status":"","footnotes":""},"categories":[4927],"tags":[137897,137900,206038,137899,137898],"class_list":["post-115809","post","type-post","status-publish","format-standard","has-post-thumbnail","hentry","category-colunistas","tag-coluna-nilberto-antonio","tag-colunista-nilberto-antonio","tag-nilberto-antonio","tag-psicologo-nilberto-antonio","tag-textos-nilberto-antonio"],"yoast_head":"<!-- This site is optimized with the Yoast SEO plugin v28.3 - https:\/\/yoast.com\/product\/yoast-seo-wordpress\/ -->\n<title>Crise no Brasil e a sa\u00fade mental: Qual a rela\u00e7\u00e3o? - Coluna Nilberto Ant\u00f4nio - Aconteceu no Vale<\/title>\n<meta name=\"robots\" content=\"index, follow, max-snippet:-1, max-image-preview:large, max-video-preview:-1\" \/>\n<link rel=\"canonical\" href=\"https:\/\/aconteceunovale.com.br\/portal\/?p=115809\" \/>\n<meta property=\"og:locale\" content=\"pt_BR\" \/>\n<meta property=\"og:type\" content=\"article\" \/>\n<meta property=\"og:title\" content=\"Crise no Brasil e a sa\u00fade mental: Qual a rela\u00e7\u00e3o? - Coluna Nilberto Ant\u00f4nio - Aconteceu no Vale\" \/>\n<meta property=\"og:description\" content=\"Prezado leitor, hoje trataremos de um assunto que embora esteja em voga, h\u00e1 muito ainda que falar sobre. Abordaremos a crise politica que o Brasil enfrenta nos \u00faltimos tempos e os poss\u00edveis impactos disso sobre a sa\u00fade ps\u00edquica de todos n\u00f3s brasileiros. Voc\u00ea deve estar se perguntando qual a rela\u00e7\u00e3o entre a crise politica e [&hellip;]\" \/>\n<meta property=\"og:url\" content=\"https:\/\/aconteceunovale.com.br\/portal\/?p=115809\" \/>\n<meta property=\"og:site_name\" content=\"Aconteceu no Vale\" \/>\n<meta property=\"article:publisher\" content=\"https:\/\/www.facebook.com\/aconteceunovale\/\" \/>\n<meta property=\"article:published_time\" content=\"2017-05-25T23:25:13+00:00\" \/>\n<meta property=\"og:image\" content=\"https:\/\/aconteceunovale.com.br\/portal\/wp-content\/uploads\/2017\/02\/nilberto_antonio21.jpg\" \/>\n\t<meta property=\"og:image:width\" content=\"600\" \/>\n\t<meta property=\"og:image:height\" content=\"395\" \/>\n\t<meta property=\"og:image:type\" content=\"image\/jpeg\" \/>\n<meta name=\"author\" content=\"Aconteceu no Vale\" \/>\n<meta name=\"twitter:card\" content=\"summary_large_image\" \/>\n<meta name=\"twitter:creator\" content=\"@noticiadosvales\" \/>\n<meta name=\"twitter:site\" content=\"@noticiadosvales\" \/>\n<meta name=\"twitter:label1\" content=\"Escrito por\" \/>\n\t<meta name=\"twitter:data1\" content=\"Aconteceu no Vale\" \/>\n\t<meta name=\"twitter:label2\" content=\"Est. tempo de leitura\" \/>\n\t<meta name=\"twitter:data2\" content=\"4 minutos\" \/>\n<script type=\"application\/ld+json\" class=\"yoast-schema-graph\">{\"@context\":\"https:\\\/\\\/schema.org\",\"@graph\":[{\"@type\":\"Article\",\"@id\":\"https:\\\/\\\/aconteceunovale.com.br\\\/portal\\\/?p=115809#article\",\"isPartOf\":{\"@id\":\"https:\\\/\\\/aconteceunovale.com.br\\\/portal\\\/?p=115809\"},\"author\":{\"name\":\"Aconteceu no Vale\",\"@id\":\"https:\\\/\\\/aconteceunovale.com.br\\\/portal\\\/#\\\/schema\\\/person\\\/633529146f2c94272bef50ac2953d589\"},\"headline\":\"Crise no Brasil e a sa\u00fade mental: Qual a rela\u00e7\u00e3o? &#8211; Coluna Nilberto Ant\u00f4nio\",\"datePublished\":\"2017-05-25T23:25:13+00:00\",\"mainEntityOfPage\":{\"@id\":\"https:\\\/\\\/aconteceunovale.com.br\\\/portal\\\/?p=115809\"},\"wordCount\":717,\"commentCount\":0,\"image\":{\"@id\":\"https:\\\/\\\/aconteceunovale.com.br\\\/portal\\\/?p=115809#primaryimage\"},\"thumbnailUrl\":\"https:\\\/\\\/aconteceunovale.com.br\\\/portal\\\/wp-content\\\/uploads\\\/2017\\\/02\\\/nilberto_antonio21.jpg\",\"keywords\":[\"Coluna Nilberto Ant\u00f4nio\",\"Colunista Nilberto Ant\u00f4nio\",\"Nilberto Ant\u00f4nio\",\"Psic\u00f3logo Nilberto Ant\u00f4nio\",\"Textos Nilberto Ant\u00f4nio\"],\"articleSection\":[\"Colunistas\"],\"inLanguage\":\"pt-BR\",\"potentialAction\":[{\"@type\":\"CommentAction\",\"name\":\"Comment\",\"target\":[\"https:\\\/\\\/aconteceunovale.com.br\\\/portal\\\/?p=115809#respond\"]}]},{\"@type\":\"WebPage\",\"@id\":\"https:\\\/\\\/aconteceunovale.com.br\\\/portal\\\/?p=115809\",\"url\":\"https:\\\/\\\/aconteceunovale.com.br\\\/portal\\\/?p=115809\",\"name\":\"Crise no Brasil e a sa\u00fade mental: Qual a rela\u00e7\u00e3o? - Coluna Nilberto Ant\u00f4nio - Aconteceu no Vale\",\"isPartOf\":{\"@id\":\"https:\\\/\\\/aconteceunovale.com.br\\\/portal\\\/#website\"},\"primaryImageOfPage\":{\"@id\":\"https:\\\/\\\/aconteceunovale.com.br\\\/portal\\\/?p=115809#primaryimage\"},\"image\":{\"@id\":\"https:\\\/\\\/aconteceunovale.com.br\\\/portal\\\/?p=115809#primaryimage\"},\"thumbnailUrl\":\"https:\\\/\\\/aconteceunovale.com.br\\\/portal\\\/wp-content\\\/uploads\\\/2017\\\/02\\\/nilberto_antonio21.jpg\",\"datePublished\":\"2017-05-25T23:25:13+00:00\",\"author\":{\"@id\":\"https:\\\/\\\/aconteceunovale.com.br\\\/portal\\\/#\\\/schema\\\/person\\\/633529146f2c94272bef50ac2953d589\"},\"breadcrumb\":{\"@id\":\"https:\\\/\\\/aconteceunovale.com.br\\\/portal\\\/?p=115809#breadcrumb\"},\"inLanguage\":\"pt-BR\",\"potentialAction\":[{\"@type\":\"ReadAction\",\"target\":[\"https:\\\/\\\/aconteceunovale.com.br\\\/portal\\\/?p=115809\"]}]},{\"@type\":\"ImageObject\",\"inLanguage\":\"pt-BR\",\"@id\":\"https:\\\/\\\/aconteceunovale.com.br\\\/portal\\\/?p=115809#primaryimage\",\"url\":\"https:\\\/\\\/aconteceunovale.com.br\\\/portal\\\/wp-content\\\/uploads\\\/2017\\\/02\\\/nilberto_antonio21.jpg\",\"contentUrl\":\"https:\\\/\\\/aconteceunovale.com.br\\\/portal\\\/wp-content\\\/uploads\\\/2017\\\/02\\\/nilberto_antonio21.jpg\",\"width\":600,\"height\":395},{\"@type\":\"BreadcrumbList\",\"@id\":\"https:\\\/\\\/aconteceunovale.com.br\\\/portal\\\/?p=115809#breadcrumb\",\"itemListElement\":[{\"@type\":\"ListItem\",\"position\":1,\"name\":\"In\u00edcio\",\"item\":\"https:\\\/\\\/aconteceunovale.com.br\\\/portal\\\/\"},{\"@type\":\"ListItem\",\"position\":2,\"name\":\"Crise no Brasil e a sa\u00fade mental: Qual a rela\u00e7\u00e3o? &#8211; Coluna Nilberto Ant\u00f4nio\"}]},{\"@type\":\"WebSite\",\"@id\":\"https:\\\/\\\/aconteceunovale.com.br\\\/portal\\\/#website\",\"url\":\"https:\\\/\\\/aconteceunovale.com.br\\\/portal\\\/\",\"name\":\"Aconteceu no Vale\",\"description\":\"Portal de Not\u00edcias\",\"potentialAction\":[{\"@type\":\"SearchAction\",\"target\":{\"@type\":\"EntryPoint\",\"urlTemplate\":\"https:\\\/\\\/aconteceunovale.com.br\\\/portal\\\/?s={search_term_string}\"},\"query-input\":{\"@type\":\"PropertyValueSpecification\",\"valueRequired\":true,\"valueName\":\"search_term_string\"}}],\"inLanguage\":\"pt-BR\"},{\"@type\":\"Person\",\"@id\":\"https:\\\/\\\/aconteceunovale.com.br\\\/portal\\\/#\\\/schema\\\/person\\\/633529146f2c94272bef50ac2953d589\",\"name\":\"Aconteceu no Vale\",\"description\":\"Equipe de reportagem do Aconteceu no Vale, portal de not\u00edcias do Vale do Jequitinhonha, em Minas Gerais. Cobrimos as 51 cidades do Vale desde 2013. Sugest\u00f5es de pauta e pedidos de corre\u00e7\u00e3o: contato@aconteceunovale.com.br\",\"sameAs\":[\"http:\\\/\\\/www.aconteceunovale.com.br\"],\"url\":\"https:\\\/\\\/aconteceunovale.com.br\\\/portal\\\/?author=1\"}]}<\/script>\n<!-- \/ Yoast SEO plugin. -->","yoast_head_json":{"title":"Crise no Brasil e a sa\u00fade mental: Qual a rela\u00e7\u00e3o? - Coluna Nilberto Ant\u00f4nio - Aconteceu no Vale","robots":{"index":"index","follow":"follow","max-snippet":"max-snippet:-1","max-image-preview":"max-image-preview:large","max-video-preview":"max-video-preview:-1"},"canonical":"https:\/\/aconteceunovale.com.br\/portal\/?p=115809","og_locale":"pt_BR","og_type":"article","og_title":"Crise no Brasil e a sa\u00fade mental: Qual a rela\u00e7\u00e3o? - Coluna Nilberto Ant\u00f4nio - Aconteceu no Vale","og_description":"Prezado leitor, hoje trataremos de um assunto que embora esteja em voga, h\u00e1 muito ainda que falar sobre. Abordaremos a crise politica que o Brasil enfrenta nos \u00faltimos tempos e os poss\u00edveis impactos disso sobre a sa\u00fade ps\u00edquica de todos n\u00f3s brasileiros. Voc\u00ea deve estar se perguntando qual a rela\u00e7\u00e3o entre a crise politica e [&hellip;]","og_url":"https:\/\/aconteceunovale.com.br\/portal\/?p=115809","og_site_name":"Aconteceu no Vale","article_publisher":"https:\/\/www.facebook.com\/aconteceunovale\/","article_published_time":"2017-05-25T23:25:13+00:00","og_image":[{"width":600,"height":395,"url":"https:\/\/aconteceunovale.com.br\/portal\/wp-content\/uploads\/2017\/02\/nilberto_antonio21.jpg","type":"image\/jpeg"}],"author":"Aconteceu no Vale","twitter_card":"summary_large_image","twitter_creator":"@noticiadosvales","twitter_site":"@noticiadosvales","twitter_misc":{"Escrito por":"Aconteceu no Vale","Est. tempo de leitura":"4 minutos"},"schema":{"@context":"https:\/\/schema.org","@graph":[{"@type":"Article","@id":"https:\/\/aconteceunovale.com.br\/portal\/?p=115809#article","isPartOf":{"@id":"https:\/\/aconteceunovale.com.br\/portal\/?p=115809"},"author":{"name":"Aconteceu no Vale","@id":"https:\/\/aconteceunovale.com.br\/portal\/#\/schema\/person\/633529146f2c94272bef50ac2953d589"},"headline":"Crise no Brasil e a sa\u00fade mental: Qual a rela\u00e7\u00e3o? &#8211; Coluna Nilberto Ant\u00f4nio","datePublished":"2017-05-25T23:25:13+00:00","mainEntityOfPage":{"@id":"https:\/\/aconteceunovale.com.br\/portal\/?p=115809"},"wordCount":717,"commentCount":0,"image":{"@id":"https:\/\/aconteceunovale.com.br\/portal\/?p=115809#primaryimage"},"thumbnailUrl":"https:\/\/aconteceunovale.com.br\/portal\/wp-content\/uploads\/2017\/02\/nilberto_antonio21.jpg","keywords":["Coluna Nilberto Ant\u00f4nio","Colunista Nilberto Ant\u00f4nio","Nilberto Ant\u00f4nio","Psic\u00f3logo Nilberto Ant\u00f4nio","Textos Nilberto Ant\u00f4nio"],"articleSection":["Colunistas"],"inLanguage":"pt-BR","potentialAction":[{"@type":"CommentAction","name":"Comment","target":["https:\/\/aconteceunovale.com.br\/portal\/?p=115809#respond"]}]},{"@type":"WebPage","@id":"https:\/\/aconteceunovale.com.br\/portal\/?p=115809","url":"https:\/\/aconteceunovale.com.br\/portal\/?p=115809","name":"Crise no Brasil e a sa\u00fade mental: Qual a rela\u00e7\u00e3o? - Coluna Nilberto Ant\u00f4nio - Aconteceu no Vale","isPartOf":{"@id":"https:\/\/aconteceunovale.com.br\/portal\/#website"},"primaryImageOfPage":{"@id":"https:\/\/aconteceunovale.com.br\/portal\/?p=115809#primaryimage"},"image":{"@id":"https:\/\/aconteceunovale.com.br\/portal\/?p=115809#primaryimage"},"thumbnailUrl":"https:\/\/aconteceunovale.com.br\/portal\/wp-content\/uploads\/2017\/02\/nilberto_antonio21.jpg","datePublished":"2017-05-25T23:25:13+00:00","author":{"@id":"https:\/\/aconteceunovale.com.br\/portal\/#\/schema\/person\/633529146f2c94272bef50ac2953d589"},"breadcrumb":{"@id":"https:\/\/aconteceunovale.com.br\/portal\/?p=115809#breadcrumb"},"inLanguage":"pt-BR","potentialAction":[{"@type":"ReadAction","target":["https:\/\/aconteceunovale.com.br\/portal\/?p=115809"]}]},{"@type":"ImageObject","inLanguage":"pt-BR","@id":"https:\/\/aconteceunovale.com.br\/portal\/?p=115809#primaryimage","url":"https:\/\/aconteceunovale.com.br\/portal\/wp-content\/uploads\/2017\/02\/nilberto_antonio21.jpg","contentUrl":"https:\/\/aconteceunovale.com.br\/portal\/wp-content\/uploads\/2017\/02\/nilberto_antonio21.jpg","width":600,"height":395},{"@type":"BreadcrumbList","@id":"https:\/\/aconteceunovale.com.br\/portal\/?p=115809#breadcrumb","itemListElement":[{"@type":"ListItem","position":1,"name":"In\u00edcio","item":"https:\/\/aconteceunovale.com.br\/portal\/"},{"@type":"ListItem","position":2,"name":"Crise no Brasil e a sa\u00fade mental: Qual a rela\u00e7\u00e3o? &#8211; Coluna Nilberto Ant\u00f4nio"}]},{"@type":"WebSite","@id":"https:\/\/aconteceunovale.com.br\/portal\/#website","url":"https:\/\/aconteceunovale.com.br\/portal\/","name":"Aconteceu no Vale","description":"Portal de Not\u00edcias","potentialAction":[{"@type":"SearchAction","target":{"@type":"EntryPoint","urlTemplate":"https:\/\/aconteceunovale.com.br\/portal\/?s={search_term_string}"},"query-input":{"@type":"PropertyValueSpecification","valueRequired":true,"valueName":"search_term_string"}}],"inLanguage":"pt-BR"},{"@type":"Person","@id":"https:\/\/aconteceunovale.com.br\/portal\/#\/schema\/person\/633529146f2c94272bef50ac2953d589","name":"Aconteceu no Vale","description":"Equipe de reportagem do Aconteceu no Vale, portal de not\u00edcias do Vale do Jequitinhonha, em Minas Gerais. Cobrimos as 51 cidades do Vale desde 2013. Sugest\u00f5es de pauta e pedidos de corre\u00e7\u00e3o: contato@aconteceunovale.com.br","sameAs":["http:\/\/www.aconteceunovale.com.br"],"url":"https:\/\/aconteceunovale.com.br\/portal\/?author=1"}]}},"_links":{"self":[{"href":"https:\/\/aconteceunovale.com.br\/portal\/index.php?rest_route=\/wp\/v2\/posts\/115809","targetHints":{"allow":["GET"]}}],"collection":[{"href":"https:\/\/aconteceunovale.com.br\/portal\/index.php?rest_route=\/wp\/v2\/posts"}],"about":[{"href":"https:\/\/aconteceunovale.com.br\/portal\/index.php?rest_route=\/wp\/v2\/types\/post"}],"author":[{"embeddable":true,"href":"https:\/\/aconteceunovale.com.br\/portal\/index.php?rest_route=\/wp\/v2\/users\/1"}],"replies":[{"embeddable":true,"href":"https:\/\/aconteceunovale.com.br\/portal\/index.php?rest_route=%2Fwp%2Fv2%2Fcomments&post=115809"}],"version-history":[{"count":0,"href":"https:\/\/aconteceunovale.com.br\/portal\/index.php?rest_route=\/wp\/v2\/posts\/115809\/revisions"}],"wp:featuredmedia":[{"embeddable":true,"href":"https:\/\/aconteceunovale.com.br\/portal\/index.php?rest_route=\/wp\/v2\/media\/109092"}],"wp:attachment":[{"href":"https:\/\/aconteceunovale.com.br\/portal\/index.php?rest_route=%2Fwp%2Fv2%2Fmedia&parent=115809"}],"wp:term":[{"taxonomy":"category","embeddable":true,"href":"https:\/\/aconteceunovale.com.br\/portal\/index.php?rest_route=%2Fwp%2Fv2%2Fcategories&post=115809"},{"taxonomy":"post_tag","embeddable":true,"href":"https:\/\/aconteceunovale.com.br\/portal\/index.php?rest_route=%2Fwp%2Fv2%2Ftags&post=115809"}],"curies":[{"name":"wp","href":"https:\/\/api.w.org\/{rel}","templated":true}]}}