{"id":115806,"date":"2017-05-25T20:54:10","date_gmt":"2017-05-25T22:54:10","guid":{"rendered":"http:\/\/aconteceunovale.com.br\/portal\/?p=115806"},"modified":"2026-08-31T23:15:26","modified_gmt":"2026-09-01T02:15:26","slug":"aperam-oferece-vaga-para-tecnico-operacional-em-capelinha","status":"publish","type":"post","link":"https:\/\/aconteceunovale.com.br\/portal\/?p=115806","title":{"rendered":"Aperam oferece vaga para t\u00e9cnico operacional em Capelinha"},"content":{"rendered":"<p>A Aperam BioEnergia est\u00e1 com vaga aberta para o cargo de T\u00e9cnico Operacional, para atuar na cidade de Capelinha em Minas Gerais, na Supervis\u00e3o de Qualidade.<\/p>\n<p><strong>Descri\u00e7\u00e3o Resumida:<\/strong> Executar atividades relacionadas ao Processo de Qualidade da Aperam BioEnergia.<\/p>\n<p><strong>Forma\u00e7\u00e3o Acad\u00eamica:<\/strong> Engenharia Florestal, Agron\u00f4mica e\/ou Agr\u00edcola (ou Afins).<\/p>\n<p><strong>Requisitos: <\/strong>Carteira de Habilita\u00e7\u00e3o cat. B; Conhecimento nas Normas ISO 14001, OHSAS 18001, FSC\u00ae FM CoC; Dom\u00ednio do Pacote Office e Ferramentas Google; Conhecimento das metodologias\/ferramentas da Qualidade; Disponibilidade para residir em Capelinha (MG);<\/p>\n<p><strong>Inscri\u00e7\u00f5es at\u00e9:<\/strong> 02\/06\/2017<\/p>\n<p><strong>Informa\u00e7\u00f5es:<\/strong> Fl\u00e1via Magalh\u00e3es (33) 3516-4832 \/ Envie seu curr\u00edculo para: curriculos.bioenergia@aperam.com  (cite seu interesse na \u00e1rea de Qualidade).<\/p>\n<h3>Desafios \/ Responsabilidades Principais:<\/h3>\n<p>&#8211; Analisar e interpretar as normas de refer\u00eancia para adequa\u00e7\u00e3o da empresa conforme os requisitos exigidos.<\/p>\n<p>&#8211; Acompanhar a implementa\u00e7\u00e3o dos requisitos das normas de refer\u00eancia junto aos processos.<\/p>\n<p>&#8211; Diagnosticar, avaliar e investigar causas de problemas da qualidade, meio ambiente, sa\u00fade e seguran\u00e7a, analisando relat\u00f3rios, realizando levantamentos, consultas internas e procurando a solu\u00e7\u00e3o final, visando atender os interesses da empresa.<\/p>\n<p>&#8211; Elaborar e revisar os documentos para atendimento \u00e0 legisla\u00e7\u00e3o e certifica\u00e7\u00e3o da ISO 14001, OHSAS 18001, FSC\u00ae FM\/CoC.<\/p>\n<p>&#8211; Realizar auditorias internas, visando atendimentos das normas de certifica\u00e7\u00f5es da empresa.<\/p>\n<p>&#8211; Elaborar relat\u00f3rios de auditorias internas contendo as conformidades, n\u00e3o conformidades e observa\u00e7\u00f5es verificadas no processo, a fim de divulg\u00e1-los para as ger\u00eancias.<\/p>\n<p>&#8211; Analisar os resultados das auditorias e acompanhar as a\u00e7\u00f5es propostas pelos respons\u00e1veis pelos processos auditados.<\/p>\n<p>&#8211; Acompanhar auditorias externas de \u00d3rg\u00e3os certificadores, fornecendo informa\u00e7\u00f5es exigidas em rela\u00e7\u00e3o ao atendimento das normas ISO 14001, OHSAS 18001, FSC\u00ae FM\/CoC.<\/p>\n<p>&#8211; Verificar periodicamente, e efic\u00e1cia das a\u00e7\u00f5es corretivas e preventivas pelos respons\u00e1veis pelos processos auditados.<\/p>\n<p>&#8211; Implementar e manter a Pol\u00edtica de Gest\u00e3o coerente aos requisitos estabelecidos e submet\u00ea-la para an\u00e1lise cr\u00edtica junto \u00e0 Alta Dire\u00e7\u00e3o.<\/p>\n<p>&#8211; Promover a participa\u00e7\u00e3o e consulta dos empregados com rela\u00e7\u00e3o \u00e0s adequa\u00e7\u00f5es da Pol\u00edtica de Gest\u00e3o.<\/p>\n<p>&#8211; Praticar suas atividades em conformidade com as diretrizes da pol\u00edtica da BioEnergia, observando as normas e procedimentos, bem como conferindo as tarefas executadas.<\/p>\n<p>&#8211; Planejar e implementar a\u00e7\u00f5es de melhoria cont\u00ednua, por meio de programas, projetos e treinamentos, conforme metodologias\/ferramentas da qualidade. <\/p>\n<p><strong>Compet\u00eancias necess\u00e1rias:<\/strong> Bom relacionamento Interpessoal, Organiza\u00e7\u00e3o, Resili\u00eancia, Proatividade e accountability person, capacidade anal\u00edtica, vis\u00e3o sist\u00eamica, capacidade de planejar atividades, capacidade de ensinar e compartilhar o conhecimento, al\u00e9m de capacidade de influenciar e gerenciar conflitos.<\/p>\n<p><strong>VER PRIMEIRO<\/strong><\/p>\n<p>Receba as not\u00edcias do Aconteceu no Vale em primeira m\u00e3o. Clique em curtir no endere\u00e7o <a href=\"https:\/\/www.facebook.com\/aconteceunovale\" target=\"_blank\"><font color=\"red\">www.facebook.com\/aconteceunovale<\/font><\/a> ou no box abaixo:<\/p>\n<div class=\"fb-like\" data-href=\"https:\/\/www.facebook.com\/aconteceunovale\" data-width=\"120\" data-layout=\"standard\" data-action=\"like\" data-size=\"small\" data-show-faces=\"true\" data-share=\"true\"><\/div>\n<p><\/br><\/p>\n<p><em>(Ascom Aperam BioEnergia)<\/em><\/p>\n","protected":false},"excerpt":{"rendered":"<p>A Aperam BioEnergia est\u00e1 com vaga aberta para o cargo de T\u00e9cnico Operacional, para atuar na cidade de Capelinha em Minas Gerais, na Supervis\u00e3o de Qualidade. Descri\u00e7\u00e3o Resumida: Executar atividades relacionadas ao Processo de Qualidade da Aperam BioEnergia. Forma\u00e7\u00e3o Acad\u00eamica: Engenharia Florestal, Agron\u00f4mica e\/ou Agr\u00edcola (ou Afins). Requisitos: Carteira de Habilita\u00e7\u00e3o cat. B; Conhecimento nas [&hellip;]<\/p>\n","protected":false},"author":1,"featured_media":103916,"comment_status":"open","ping_status":"closed","sticky":false,"template":"","format":"standard","meta":{"amp_status":"","footnotes":""},"categories":[272535,40236,120],"tags":[150422,150419,132,150425,137379,150420,150424,129929,150423,150421],"class_list":["post-115806","post","type-post","status-publish","format-standard","has-post-thumbnail","hentry","category-capelinha","category-empregos-2","category-jequi","tag-aperam-bioenergia-em-capelinha","tag-aperam-oferece-vaga-para-tecnico-operacional-em-capelinha","tag-capelinha","tag-emprego-aperam-bioenergia-em-capelinha","tag-emprego-em-capelinha","tag-oportunidade-em-capelinha","tag-trabalho-aperam-bioenergia-em-capelinha","tag-trabalho-capelinha","tag-vaga-aperam-bioenergia-em-capelinha","tag-vaga-de-trabalho-em-capelinha"],"yoast_head":"<!-- This site is optimized with the Yoast SEO plugin v28.3 - https:\/\/yoast.com\/product\/yoast-seo-wordpress\/ -->\n<title>Aperam oferece vaga para t\u00e9cnico operacional em Capelinha - Aconteceu no Vale<\/title>\n<meta name=\"robots\" content=\"index, follow, max-snippet:-1, max-image-preview:large, max-video-preview:-1\" \/>\n<link rel=\"canonical\" href=\"https:\/\/aconteceunovale.com.br\/portal\/?p=115806\" \/>\n<meta property=\"og:locale\" content=\"pt_BR\" \/>\n<meta property=\"og:type\" content=\"article\" \/>\n<meta property=\"og:title\" content=\"Aperam oferece vaga para t\u00e9cnico operacional em Capelinha - Aconteceu no Vale\" \/>\n<meta property=\"og:description\" content=\"A Aperam BioEnergia est\u00e1 com vaga aberta para o cargo de T\u00e9cnico Operacional, para atuar na cidade de Capelinha em Minas Gerais, na Supervis\u00e3o de Qualidade. Descri\u00e7\u00e3o Resumida: Executar atividades relacionadas ao Processo de Qualidade da Aperam BioEnergia. Forma\u00e7\u00e3o Acad\u00eamica: Engenharia Florestal, Agron\u00f4mica e\/ou Agr\u00edcola (ou Afins). Requisitos: Carteira de Habilita\u00e7\u00e3o cat. B; Conhecimento nas [&hellip;]\" \/>\n<meta property=\"og:url\" content=\"https:\/\/aconteceunovale.com.br\/portal\/?p=115806\" \/>\n<meta property=\"og:site_name\" content=\"Aconteceu no Vale\" \/>\n<meta property=\"article:publisher\" content=\"https:\/\/www.facebook.com\/aconteceunovale\/\" \/>\n<meta property=\"article:published_time\" content=\"2017-05-25T22:54:10+00:00\" \/>\n<meta property=\"article:modified_time\" content=\"2026-09-01T02:15:26+00:00\" \/>\n<meta property=\"og:image\" content=\"https:\/\/aconteceunovale.com.br\/portal\/wp-content\/uploads\/2016\/12\/emprego_aperam.jpg\" \/>\n\t<meta property=\"og:image:width\" content=\"600\" \/>\n\t<meta property=\"og:image:height\" content=\"450\" \/>\n\t<meta property=\"og:image:type\" content=\"image\/jpeg\" \/>\n<meta name=\"author\" content=\"Aconteceu no Vale\" \/>\n<meta name=\"twitter:card\" content=\"summary_large_image\" \/>\n<meta name=\"twitter:creator\" content=\"@noticiadosvales\" \/>\n<meta name=\"twitter:site\" content=\"@noticiadosvales\" \/>\n<meta name=\"twitter:label1\" content=\"Escrito por\" \/>\n\t<meta name=\"twitter:data1\" content=\"Aconteceu no Vale\" \/>\n\t<meta name=\"twitter:label2\" content=\"Est. tempo de leitura\" \/>\n\t<meta name=\"twitter:data2\" content=\"2 minutos\" \/>\n<script type=\"application\/ld+json\" class=\"yoast-schema-graph\">{\"@context\":\"https:\\\/\\\/schema.org\",\"@graph\":[{\"@type\":\"Article\",\"@id\":\"https:\\\/\\\/aconteceunovale.com.br\\\/portal\\\/?p=115806#article\",\"isPartOf\":{\"@id\":\"https:\\\/\\\/aconteceunovale.com.br\\\/portal\\\/?p=115806\"},\"author\":{\"name\":\"Aconteceu no Vale\",\"@id\":\"https:\\\/\\\/aconteceunovale.com.br\\\/portal\\\/#\\\/schema\\\/person\\\/633529146f2c94272bef50ac2953d589\"},\"headline\":\"Aperam oferece vaga para t\u00e9cnico operacional em Capelinha\",\"datePublished\":\"2017-05-25T22:54:10+00:00\",\"dateModified\":\"2026-09-01T02:15:26+00:00\",\"mainEntityOfPage\":{\"@id\":\"https:\\\/\\\/aconteceunovale.com.br\\\/portal\\\/?p=115806\"},\"wordCount\":484,\"commentCount\":0,\"image\":{\"@id\":\"https:\\\/\\\/aconteceunovale.com.br\\\/portal\\\/?p=115806#primaryimage\"},\"thumbnailUrl\":\"https:\\\/\\\/aconteceunovale.com.br\\\/portal\\\/wp-content\\\/uploads\\\/2016\\\/12\\\/emprego_aperam.jpg\",\"keywords\":[\"Aperam BioEnergia em Capelinha\",\"Aperam oferece vaga para t\u00e9cnico operacional em Capelinha\",\"Capelinha\",\"Emprego Aperam BioEnergia em Capelinha\",\"Emprego em Capelinha\",\"Oportunidade em Capelinha\",\"Trabalho Aperam BioEnergia em Capelinha\",\"Trabalho Capelinha\",\"Vaga Aperam BioEnergia em Capelinha\",\"Vaga de trabalho em Capelinha\"],\"articleSection\":[\"Capelinha\",\"Empregos\",\"Vale do Jequitinhonha\"],\"inLanguage\":\"pt-BR\",\"potentialAction\":[{\"@type\":\"CommentAction\",\"name\":\"Comment\",\"target\":[\"https:\\\/\\\/aconteceunovale.com.br\\\/portal\\\/?p=115806#respond\"]}]},{\"@type\":\"WebPage\",\"@id\":\"https:\\\/\\\/aconteceunovale.com.br\\\/portal\\\/?p=115806\",\"url\":\"https:\\\/\\\/aconteceunovale.com.br\\\/portal\\\/?p=115806\",\"name\":\"Aperam oferece vaga para t\u00e9cnico operacional em Capelinha - Aconteceu no Vale\",\"isPartOf\":{\"@id\":\"https:\\\/\\\/aconteceunovale.com.br\\\/portal\\\/#website\"},\"primaryImageOfPage\":{\"@id\":\"https:\\\/\\\/aconteceunovale.com.br\\\/portal\\\/?p=115806#primaryimage\"},\"image\":{\"@id\":\"https:\\\/\\\/aconteceunovale.com.br\\\/portal\\\/?p=115806#primaryimage\"},\"thumbnailUrl\":\"https:\\\/\\\/aconteceunovale.com.br\\\/portal\\\/wp-content\\\/uploads\\\/2016\\\/12\\\/emprego_aperam.jpg\",\"datePublished\":\"2017-05-25T22:54:10+00:00\",\"dateModified\":\"2026-09-01T02:15:26+00:00\",\"author\":{\"@id\":\"https:\\\/\\\/aconteceunovale.com.br\\\/portal\\\/#\\\/schema\\\/person\\\/633529146f2c94272bef50ac2953d589\"},\"breadcrumb\":{\"@id\":\"https:\\\/\\\/aconteceunovale.com.br\\\/portal\\\/?p=115806#breadcrumb\"},\"inLanguage\":\"pt-BR\",\"potentialAction\":[{\"@type\":\"ReadAction\",\"target\":[\"https:\\\/\\\/aconteceunovale.com.br\\\/portal\\\/?p=115806\"]}]},{\"@type\":\"ImageObject\",\"inLanguage\":\"pt-BR\",\"@id\":\"https:\\\/\\\/aconteceunovale.com.br\\\/portal\\\/?p=115806#primaryimage\",\"url\":\"https:\\\/\\\/aconteceunovale.com.br\\\/portal\\\/wp-content\\\/uploads\\\/2016\\\/12\\\/emprego_aperam.jpg\",\"contentUrl\":\"https:\\\/\\\/aconteceunovale.com.br\\\/portal\\\/wp-content\\\/uploads\\\/2016\\\/12\\\/emprego_aperam.jpg\",\"width\":600,\"height\":450},{\"@type\":\"BreadcrumbList\",\"@id\":\"https:\\\/\\\/aconteceunovale.com.br\\\/portal\\\/?p=115806#breadcrumb\",\"itemListElement\":[{\"@type\":\"ListItem\",\"position\":1,\"name\":\"In\u00edcio\",\"item\":\"https:\\\/\\\/aconteceunovale.com.br\\\/portal\\\/\"},{\"@type\":\"ListItem\",\"position\":2,\"name\":\"Aperam oferece vaga para t\u00e9cnico operacional em Capelinha\"}]},{\"@type\":\"WebSite\",\"@id\":\"https:\\\/\\\/aconteceunovale.com.br\\\/portal\\\/#website\",\"url\":\"https:\\\/\\\/aconteceunovale.com.br\\\/portal\\\/\",\"name\":\"Aconteceu no Vale\",\"description\":\"Portal de Not\u00edcias\",\"potentialAction\":[{\"@type\":\"SearchAction\",\"target\":{\"@type\":\"EntryPoint\",\"urlTemplate\":\"https:\\\/\\\/aconteceunovale.com.br\\\/portal\\\/?s={search_term_string}\"},\"query-input\":{\"@type\":\"PropertyValueSpecification\",\"valueRequired\":true,\"valueName\":\"search_term_string\"}}],\"inLanguage\":\"pt-BR\"},{\"@type\":\"Person\",\"@id\":\"https:\\\/\\\/aconteceunovale.com.br\\\/portal\\\/#\\\/schema\\\/person\\\/633529146f2c94272bef50ac2953d589\",\"name\":\"Aconteceu no Vale\",\"description\":\"Equipe de reportagem do Aconteceu no Vale, portal de not\u00edcias do Vale do Jequitinhonha, em Minas Gerais. Cobrimos as 51 cidades do Vale desde 2013. Sugest\u00f5es de pauta e pedidos de corre\u00e7\u00e3o: contato@aconteceunovale.com.br\",\"sameAs\":[\"http:\\\/\\\/www.aconteceunovale.com.br\"],\"url\":\"https:\\\/\\\/aconteceunovale.com.br\\\/portal\\\/?author=1\"}]}<\/script>\n<!-- \/ Yoast SEO plugin. -->","yoast_head_json":{"title":"Aperam oferece vaga para t\u00e9cnico operacional em Capelinha - Aconteceu no Vale","robots":{"index":"index","follow":"follow","max-snippet":"max-snippet:-1","max-image-preview":"max-image-preview:large","max-video-preview":"max-video-preview:-1"},"canonical":"https:\/\/aconteceunovale.com.br\/portal\/?p=115806","og_locale":"pt_BR","og_type":"article","og_title":"Aperam oferece vaga para t\u00e9cnico operacional em Capelinha - Aconteceu no Vale","og_description":"A Aperam BioEnergia est\u00e1 com vaga aberta para o cargo de T\u00e9cnico Operacional, para atuar na cidade de Capelinha em Minas Gerais, na Supervis\u00e3o de Qualidade. Descri\u00e7\u00e3o Resumida: Executar atividades relacionadas ao Processo de Qualidade da Aperam BioEnergia. Forma\u00e7\u00e3o Acad\u00eamica: Engenharia Florestal, Agron\u00f4mica e\/ou Agr\u00edcola (ou Afins). Requisitos: Carteira de Habilita\u00e7\u00e3o cat. B; Conhecimento nas [&hellip;]","og_url":"https:\/\/aconteceunovale.com.br\/portal\/?p=115806","og_site_name":"Aconteceu no Vale","article_publisher":"https:\/\/www.facebook.com\/aconteceunovale\/","article_published_time":"2017-05-25T22:54:10+00:00","article_modified_time":"2026-09-01T02:15:26+00:00","og_image":[{"width":600,"height":450,"url":"https:\/\/aconteceunovale.com.br\/portal\/wp-content\/uploads\/2016\/12\/emprego_aperam.jpg","type":"image\/jpeg"}],"author":"Aconteceu no Vale","twitter_card":"summary_large_image","twitter_creator":"@noticiadosvales","twitter_site":"@noticiadosvales","twitter_misc":{"Escrito por":"Aconteceu no Vale","Est. tempo de leitura":"2 minutos"},"schema":{"@context":"https:\/\/schema.org","@graph":[{"@type":"Article","@id":"https:\/\/aconteceunovale.com.br\/portal\/?p=115806#article","isPartOf":{"@id":"https:\/\/aconteceunovale.com.br\/portal\/?p=115806"},"author":{"name":"Aconteceu no Vale","@id":"https:\/\/aconteceunovale.com.br\/portal\/#\/schema\/person\/633529146f2c94272bef50ac2953d589"},"headline":"Aperam oferece vaga para t\u00e9cnico operacional em Capelinha","datePublished":"2017-05-25T22:54:10+00:00","dateModified":"2026-09-01T02:15:26+00:00","mainEntityOfPage":{"@id":"https:\/\/aconteceunovale.com.br\/portal\/?p=115806"},"wordCount":484,"commentCount":0,"image":{"@id":"https:\/\/aconteceunovale.com.br\/portal\/?p=115806#primaryimage"},"thumbnailUrl":"https:\/\/aconteceunovale.com.br\/portal\/wp-content\/uploads\/2016\/12\/emprego_aperam.jpg","keywords":["Aperam BioEnergia em Capelinha","Aperam oferece vaga para t\u00e9cnico operacional em Capelinha","Capelinha","Emprego Aperam BioEnergia em Capelinha","Emprego em Capelinha","Oportunidade em Capelinha","Trabalho Aperam BioEnergia em Capelinha","Trabalho Capelinha","Vaga Aperam BioEnergia em Capelinha","Vaga de trabalho em Capelinha"],"articleSection":["Capelinha","Empregos","Vale do Jequitinhonha"],"inLanguage":"pt-BR","potentialAction":[{"@type":"CommentAction","name":"Comment","target":["https:\/\/aconteceunovale.com.br\/portal\/?p=115806#respond"]}]},{"@type":"WebPage","@id":"https:\/\/aconteceunovale.com.br\/portal\/?p=115806","url":"https:\/\/aconteceunovale.com.br\/portal\/?p=115806","name":"Aperam oferece vaga para t\u00e9cnico operacional em Capelinha - Aconteceu no Vale","isPartOf":{"@id":"https:\/\/aconteceunovale.com.br\/portal\/#website"},"primaryImageOfPage":{"@id":"https:\/\/aconteceunovale.com.br\/portal\/?p=115806#primaryimage"},"image":{"@id":"https:\/\/aconteceunovale.com.br\/portal\/?p=115806#primaryimage"},"thumbnailUrl":"https:\/\/aconteceunovale.com.br\/portal\/wp-content\/uploads\/2016\/12\/emprego_aperam.jpg","datePublished":"2017-05-25T22:54:10+00:00","dateModified":"2026-09-01T02:15:26+00:00","author":{"@id":"https:\/\/aconteceunovale.com.br\/portal\/#\/schema\/person\/633529146f2c94272bef50ac2953d589"},"breadcrumb":{"@id":"https:\/\/aconteceunovale.com.br\/portal\/?p=115806#breadcrumb"},"inLanguage":"pt-BR","potentialAction":[{"@type":"ReadAction","target":["https:\/\/aconteceunovale.com.br\/portal\/?p=115806"]}]},{"@type":"ImageObject","inLanguage":"pt-BR","@id":"https:\/\/aconteceunovale.com.br\/portal\/?p=115806#primaryimage","url":"https:\/\/aconteceunovale.com.br\/portal\/wp-content\/uploads\/2016\/12\/emprego_aperam.jpg","contentUrl":"https:\/\/aconteceunovale.com.br\/portal\/wp-content\/uploads\/2016\/12\/emprego_aperam.jpg","width":600,"height":450},{"@type":"BreadcrumbList","@id":"https:\/\/aconteceunovale.com.br\/portal\/?p=115806#breadcrumb","itemListElement":[{"@type":"ListItem","position":1,"name":"In\u00edcio","item":"https:\/\/aconteceunovale.com.br\/portal\/"},{"@type":"ListItem","position":2,"name":"Aperam oferece vaga para t\u00e9cnico operacional em Capelinha"}]},{"@type":"WebSite","@id":"https:\/\/aconteceunovale.com.br\/portal\/#website","url":"https:\/\/aconteceunovale.com.br\/portal\/","name":"Aconteceu no Vale","description":"Portal de Not\u00edcias","potentialAction":[{"@type":"SearchAction","target":{"@type":"EntryPoint","urlTemplate":"https:\/\/aconteceunovale.com.br\/portal\/?s={search_term_string}"},"query-input":{"@type":"PropertyValueSpecification","valueRequired":true,"valueName":"search_term_string"}}],"inLanguage":"pt-BR"},{"@type":"Person","@id":"https:\/\/aconteceunovale.com.br\/portal\/#\/schema\/person\/633529146f2c94272bef50ac2953d589","name":"Aconteceu no Vale","description":"Equipe de reportagem do Aconteceu no Vale, portal de not\u00edcias do Vale do Jequitinhonha, em Minas Gerais. Cobrimos as 51 cidades do Vale desde 2013. Sugest\u00f5es de pauta e pedidos de corre\u00e7\u00e3o: contato@aconteceunovale.com.br","sameAs":["http:\/\/www.aconteceunovale.com.br"],"url":"https:\/\/aconteceunovale.com.br\/portal\/?author=1"}]}},"_links":{"self":[{"href":"https:\/\/aconteceunovale.com.br\/portal\/index.php?rest_route=\/wp\/v2\/posts\/115806","targetHints":{"allow":["GET"]}}],"collection":[{"href":"https:\/\/aconteceunovale.com.br\/portal\/index.php?rest_route=\/wp\/v2\/posts"}],"about":[{"href":"https:\/\/aconteceunovale.com.br\/portal\/index.php?rest_route=\/wp\/v2\/types\/post"}],"author":[{"embeddable":true,"href":"https:\/\/aconteceunovale.com.br\/portal\/index.php?rest_route=\/wp\/v2\/users\/1"}],"replies":[{"embeddable":true,"href":"https:\/\/aconteceunovale.com.br\/portal\/index.php?rest_route=%2Fwp%2Fv2%2Fcomments&post=115806"}],"version-history":[{"count":1,"href":"https:\/\/aconteceunovale.com.br\/portal\/index.php?rest_route=\/wp\/v2\/posts\/115806\/revisions"}],"predecessor-version":[{"id":198398,"href":"https:\/\/aconteceunovale.com.br\/portal\/index.php?rest_route=\/wp\/v2\/posts\/115806\/revisions\/198398"}],"wp:featuredmedia":[{"embeddable":true,"href":"https:\/\/aconteceunovale.com.br\/portal\/index.php?rest_route=\/wp\/v2\/media\/103916"}],"wp:attachment":[{"href":"https:\/\/aconteceunovale.com.br\/portal\/index.php?rest_route=%2Fwp%2Fv2%2Fmedia&parent=115806"}],"wp:term":[{"taxonomy":"category","embeddable":true,"href":"https:\/\/aconteceunovale.com.br\/portal\/index.php?rest_route=%2Fwp%2Fv2%2Fcategories&post=115806"},{"taxonomy":"post_tag","embeddable":true,"href":"https:\/\/aconteceunovale.com.br\/portal\/index.php?rest_route=%2Fwp%2Fv2%2Ftags&post=115806"}],"curies":[{"name":"wp","href":"https:\/\/api.w.org\/{rel}","templated":true}]}}