{"id":115803,"date":"2017-05-25T20:22:24","date_gmt":"2017-05-25T22:22:24","guid":{"rendered":"http:\/\/aconteceunovale.com.br\/portal\/?p=115803"},"modified":"2017-05-25T21:05:24","modified_gmt":"2017-05-25T23:05:24","slug":"menino-morre-em-acidente-com-onibus-escolar-em-capitao-andrade-no-vale-do-rio-doce","status":"publish","type":"post","link":"https:\/\/aconteceunovale.com.br\/portal\/?p=115803","title":{"rendered":"Menino morre em acidente com \u00f4nibus escolar em Capit\u00e3o Andrade, no Vale do Rio Doce"},"content":{"rendered":"<p>Um menino de sete anos morreu nesta quinta-feira (25\/05\/2017) em frente a uma escola municipal em Capit\u00e3o Andrade, Vale do Rio Doce. Segundo a Pol\u00edcia Militar (PM), a v\u00edtima Igor Kauan Martins Rocha estava em uma bicicleta quando teria se chocado contra um \u00f4nibus escolar que deixava a institui\u00e7\u00e3o. Com o impacto da batida, a crian\u00e7a foi parar debaixo do ve\u00edculo.<\/p>\n<p>Ainda de acordo com a PM, o motorista manobrava o \u00f4nibus e n\u00e3o chegou a ver a crian\u00e7a, s\u00f3 parando o ve\u00edculo ao sentir que o ve\u00edculo havia batido em algo. O Corpo de Bombeiros foi acionado e socorreu o menino ainda com vida; o garoto foi encaminhando para o posto de sa\u00fade da cidade, mas n\u00e3o resistiu aos ferimentos.<\/p>\n<p>O corpo foi levado para o Instituto M\u00e9dico Legal (IML) em Governador Valadares. A Pol\u00edcia Civil de Itanhomi vai investigar o caso. <\/p>\n<p><img decoding=\"async\" src=\"http:\/\/aconteceunovale.com.br\/portal\/wp-content\/uploads\/2017\/05\/acidente_ca.jpg\" alt=\"\" \/><em>V\u00edtima e bicicleta pararam embaixo do \u00f4nibus (Foto: Reprodu\u00e7\u00e3o\/WhatsApp)<\/em><br \/>\n<\/br><\/p>\n<p><strong>VER PRIMEIRO<\/strong><\/p>\n<p>Receba as not\u00edcias do Aconteceu no Vale em primeira m\u00e3o. Clique em curtir no endere\u00e7o <a href=\"https:\/\/www.facebook.com\/aconteceunovale\" target=\"_blank\"><font color=\"red\">www.facebook.com\/aconteceunovale<\/font><\/a> ou no box abaixo:<\/p>\n<div class=\"fb-like\" data-href=\"https:\/\/www.facebook.com\/aconteceunovale\" data-width=\"120\" data-layout=\"standard\" data-action=\"like\" data-size=\"small\" data-show-faces=\"true\" data-share=\"true\"><\/div>\n<p><\/br><\/p>\n<p><em>(Com informa\u00e7\u00f5es do G1 Vales)<\/em><\/p>\n","protected":false},"excerpt":{"rendered":"<p>Um menino de sete anos morreu nesta quinta-feira (25\/05\/2017) em frente a uma escola municipal em Capit\u00e3o Andrade, Vale do Rio Doce. Segundo a Pol\u00edcia Militar (PM), a v\u00edtima Igor Kauan Martins Rocha estava em uma bicicleta quando teria se chocado contra um \u00f4nibus escolar que deixava a institui\u00e7\u00e3o. Com o impacto da batida, a [&hellip;]<\/p>\n","protected":false},"author":1,"featured_media":115804,"comment_status":"open","ping_status":"closed","sticky":false,"template":"","format":"standard","meta":{"amp_status":"","footnotes":""},"categories":[121],"tags":[150414,43882,150427,150417,150415,279,150426,150418,150428,150416,150413],"class_list":["post-115803","post","type-post","status-publish","format-standard","has-post-thumbnail","hentry","category-leste","tag-acidente-com-onibus-escolar-em-capitao-andrade","tag-acidente-em-capitao-andrade","tag-acidente-perto-da-escola-municipal-juraci-nunes","tag-atropelado-em-capitao-andrade","tag-atropelamento-em-capitao-andrade","tag-capitao-andrade","tag-escola-municipal-juraci-nunes","tag-igor-caua-martins-rocha","tag-igor-kauan-martins-rocha","tag-menino-atropelado-em-capitao-andrade","tag-menino-morre-em-acidente-com-onibus-escolar-em-capitao-andrade"],"yoast_head":"<!-- This site is optimized with the Yoast SEO plugin v28.3 - https:\/\/yoast.com\/product\/yoast-seo-wordpress\/ -->\n<title>Menino morre em acidente com \u00f4nibus escolar em Capit\u00e3o Andrade, no Vale do Rio Doce - Aconteceu no Vale<\/title>\n<meta name=\"robots\" content=\"index, follow, max-snippet:-1, max-image-preview:large, max-video-preview:-1\" \/>\n<link rel=\"canonical\" href=\"https:\/\/aconteceunovale.com.br\/portal\/?p=115803\" \/>\n<meta property=\"og:locale\" content=\"pt_BR\" \/>\n<meta property=\"og:type\" content=\"article\" \/>\n<meta property=\"og:title\" content=\"Menino morre em acidente com \u00f4nibus escolar em Capit\u00e3o Andrade, no Vale do Rio Doce - Aconteceu no Vale\" \/>\n<meta property=\"og:description\" content=\"Um menino de sete anos morreu nesta quinta-feira (25\/05\/2017) em frente a uma escola municipal em Capit\u00e3o Andrade, Vale do Rio Doce. Segundo a Pol\u00edcia Militar (PM), a v\u00edtima Igor Kauan Martins Rocha estava em uma bicicleta quando teria se chocado contra um \u00f4nibus escolar que deixava a institui\u00e7\u00e3o. Com o impacto da batida, a [&hellip;]\" \/>\n<meta property=\"og:url\" content=\"https:\/\/aconteceunovale.com.br\/portal\/?p=115803\" \/>\n<meta property=\"og:site_name\" content=\"Aconteceu no Vale\" \/>\n<meta property=\"article:publisher\" content=\"https:\/\/www.facebook.com\/aconteceunovale\/\" \/>\n<meta property=\"article:published_time\" content=\"2017-05-25T22:22:24+00:00\" \/>\n<meta property=\"article:modified_time\" content=\"2017-05-25T23:05:24+00:00\" \/>\n<meta property=\"og:image\" content=\"https:\/\/aconteceunovale.com.br\/portal\/wp-content\/uploads\/2017\/05\/acidente_ca.jpg\" \/>\n\t<meta property=\"og:image:width\" content=\"618\" \/>\n\t<meta property=\"og:image:height\" content=\"400\" \/>\n\t<meta property=\"og:image:type\" content=\"image\/jpeg\" \/>\n<meta name=\"author\" content=\"Aconteceu no Vale\" \/>\n<meta name=\"twitter:card\" content=\"summary_large_image\" \/>\n<meta name=\"twitter:creator\" content=\"@noticiadosvales\" \/>\n<meta name=\"twitter:site\" content=\"@noticiadosvales\" \/>\n<meta name=\"twitter:label1\" content=\"Escrito por\" \/>\n\t<meta name=\"twitter:data1\" content=\"Aconteceu no Vale\" \/>\n\t<meta name=\"twitter:label2\" content=\"Est. tempo de leitura\" \/>\n\t<meta name=\"twitter:data2\" content=\"1 minuto\" \/>\n<script type=\"application\/ld+json\" class=\"yoast-schema-graph\">{\"@context\":\"https:\\\/\\\/schema.org\",\"@graph\":[{\"@type\":\"Article\",\"@id\":\"https:\\\/\\\/aconteceunovale.com.br\\\/portal\\\/?p=115803#article\",\"isPartOf\":{\"@id\":\"https:\\\/\\\/aconteceunovale.com.br\\\/portal\\\/?p=115803\"},\"author\":{\"name\":\"Aconteceu no Vale\",\"@id\":\"https:\\\/\\\/aconteceunovale.com.br\\\/portal\\\/#\\\/schema\\\/person\\\/633529146f2c94272bef50ac2953d589\"},\"headline\":\"Menino morre em acidente com \u00f4nibus escolar em Capit\u00e3o Andrade, no Vale do Rio Doce\",\"datePublished\":\"2017-05-25T22:22:24+00:00\",\"dateModified\":\"2017-05-25T23:05:24+00:00\",\"mainEntityOfPage\":{\"@id\":\"https:\\\/\\\/aconteceunovale.com.br\\\/portal\\\/?p=115803\"},\"wordCount\":218,\"commentCount\":0,\"image\":{\"@id\":\"https:\\\/\\\/aconteceunovale.com.br\\\/portal\\\/?p=115803#primaryimage\"},\"thumbnailUrl\":\"https:\\\/\\\/aconteceunovale.com.br\\\/portal\\\/wp-content\\\/uploads\\\/2017\\\/05\\\/acidente_ca.jpg\",\"keywords\":[\"Acidente com \u00f4nibus escolar em Capit\u00e3o Andrade\",\"acidente em capit\u00e3o andrade\",\"Acidente perto da Escola Municipal Juraci Nunes\",\"Atropelado em Capit\u00e3o Andrade\",\"Atropelamento em Capit\u00e3o Andrade\",\"Capit\u00e3o Andrade\",\"Escola Municipal Juraci Nunes\",\"Igor Cau\u00e3 Martins Rocha\",\"Igor Kauan Martins Rocha\",\"Menino atropelado em Capit\u00e3o Andrade\",\"Menino morre em acidente com \u00f4nibus escolar em Capit\u00e3o Andrade\"],\"articleSection\":[\"Leste de Minas\"],\"inLanguage\":\"pt-BR\",\"potentialAction\":[{\"@type\":\"CommentAction\",\"name\":\"Comment\",\"target\":[\"https:\\\/\\\/aconteceunovale.com.br\\\/portal\\\/?p=115803#respond\"]}]},{\"@type\":\"WebPage\",\"@id\":\"https:\\\/\\\/aconteceunovale.com.br\\\/portal\\\/?p=115803\",\"url\":\"https:\\\/\\\/aconteceunovale.com.br\\\/portal\\\/?p=115803\",\"name\":\"Menino morre em acidente com \u00f4nibus escolar em Capit\u00e3o Andrade, no Vale do Rio Doce - Aconteceu no Vale\",\"isPartOf\":{\"@id\":\"https:\\\/\\\/aconteceunovale.com.br\\\/portal\\\/#website\"},\"primaryImageOfPage\":{\"@id\":\"https:\\\/\\\/aconteceunovale.com.br\\\/portal\\\/?p=115803#primaryimage\"},\"image\":{\"@id\":\"https:\\\/\\\/aconteceunovale.com.br\\\/portal\\\/?p=115803#primaryimage\"},\"thumbnailUrl\":\"https:\\\/\\\/aconteceunovale.com.br\\\/portal\\\/wp-content\\\/uploads\\\/2017\\\/05\\\/acidente_ca.jpg\",\"datePublished\":\"2017-05-25T22:22:24+00:00\",\"dateModified\":\"2017-05-25T23:05:24+00:00\",\"author\":{\"@id\":\"https:\\\/\\\/aconteceunovale.com.br\\\/portal\\\/#\\\/schema\\\/person\\\/633529146f2c94272bef50ac2953d589\"},\"breadcrumb\":{\"@id\":\"https:\\\/\\\/aconteceunovale.com.br\\\/portal\\\/?p=115803#breadcrumb\"},\"inLanguage\":\"pt-BR\",\"potentialAction\":[{\"@type\":\"ReadAction\",\"target\":[\"https:\\\/\\\/aconteceunovale.com.br\\\/portal\\\/?p=115803\"]}]},{\"@type\":\"ImageObject\",\"inLanguage\":\"pt-BR\",\"@id\":\"https:\\\/\\\/aconteceunovale.com.br\\\/portal\\\/?p=115803#primaryimage\",\"url\":\"https:\\\/\\\/aconteceunovale.com.br\\\/portal\\\/wp-content\\\/uploads\\\/2017\\\/05\\\/acidente_ca.jpg\",\"contentUrl\":\"https:\\\/\\\/aconteceunovale.com.br\\\/portal\\\/wp-content\\\/uploads\\\/2017\\\/05\\\/acidente_ca.jpg\",\"width\":618,\"height\":400},{\"@type\":\"BreadcrumbList\",\"@id\":\"https:\\\/\\\/aconteceunovale.com.br\\\/portal\\\/?p=115803#breadcrumb\",\"itemListElement\":[{\"@type\":\"ListItem\",\"position\":1,\"name\":\"In\u00edcio\",\"item\":\"https:\\\/\\\/aconteceunovale.com.br\\\/portal\\\/\"},{\"@type\":\"ListItem\",\"position\":2,\"name\":\"Menino morre em acidente com \u00f4nibus escolar em Capit\u00e3o Andrade, no Vale do Rio Doce\"}]},{\"@type\":\"WebSite\",\"@id\":\"https:\\\/\\\/aconteceunovale.com.br\\\/portal\\\/#website\",\"url\":\"https:\\\/\\\/aconteceunovale.com.br\\\/portal\\\/\",\"name\":\"Aconteceu no Vale\",\"description\":\"Portal de Not\u00edcias\",\"potentialAction\":[{\"@type\":\"SearchAction\",\"target\":{\"@type\":\"EntryPoint\",\"urlTemplate\":\"https:\\\/\\\/aconteceunovale.com.br\\\/portal\\\/?s={search_term_string}\"},\"query-input\":{\"@type\":\"PropertyValueSpecification\",\"valueRequired\":true,\"valueName\":\"search_term_string\"}}],\"inLanguage\":\"pt-BR\"},{\"@type\":\"Person\",\"@id\":\"https:\\\/\\\/aconteceunovale.com.br\\\/portal\\\/#\\\/schema\\\/person\\\/633529146f2c94272bef50ac2953d589\",\"name\":\"Aconteceu no Vale\",\"description\":\"Equipe de reportagem do Aconteceu no Vale, portal de not\u00edcias do Vale do Jequitinhonha, em Minas Gerais. Cobrimos as 51 cidades do Vale desde 2013. Sugest\u00f5es de pauta e pedidos de corre\u00e7\u00e3o: contato@aconteceunovale.com.br\",\"sameAs\":[\"http:\\\/\\\/www.aconteceunovale.com.br\"],\"url\":\"https:\\\/\\\/aconteceunovale.com.br\\\/portal\\\/?author=1\"}]}<\/script>\n<!-- \/ Yoast SEO plugin. -->","yoast_head_json":{"title":"Menino morre em acidente com \u00f4nibus escolar em Capit\u00e3o Andrade, no Vale do Rio Doce - Aconteceu no Vale","robots":{"index":"index","follow":"follow","max-snippet":"max-snippet:-1","max-image-preview":"max-image-preview:large","max-video-preview":"max-video-preview:-1"},"canonical":"https:\/\/aconteceunovale.com.br\/portal\/?p=115803","og_locale":"pt_BR","og_type":"article","og_title":"Menino morre em acidente com \u00f4nibus escolar em Capit\u00e3o Andrade, no Vale do Rio Doce - Aconteceu no Vale","og_description":"Um menino de sete anos morreu nesta quinta-feira (25\/05\/2017) em frente a uma escola municipal em Capit\u00e3o Andrade, Vale do Rio Doce. Segundo a Pol\u00edcia Militar (PM), a v\u00edtima Igor Kauan Martins Rocha estava em uma bicicleta quando teria se chocado contra um \u00f4nibus escolar que deixava a institui\u00e7\u00e3o. Com o impacto da batida, a [&hellip;]","og_url":"https:\/\/aconteceunovale.com.br\/portal\/?p=115803","og_site_name":"Aconteceu no Vale","article_publisher":"https:\/\/www.facebook.com\/aconteceunovale\/","article_published_time":"2017-05-25T22:22:24+00:00","article_modified_time":"2017-05-25T23:05:24+00:00","og_image":[{"width":618,"height":400,"url":"https:\/\/aconteceunovale.com.br\/portal\/wp-content\/uploads\/2017\/05\/acidente_ca.jpg","type":"image\/jpeg"}],"author":"Aconteceu no Vale","twitter_card":"summary_large_image","twitter_creator":"@noticiadosvales","twitter_site":"@noticiadosvales","twitter_misc":{"Escrito por":"Aconteceu no Vale","Est. tempo de leitura":"1 minuto"},"schema":{"@context":"https:\/\/schema.org","@graph":[{"@type":"Article","@id":"https:\/\/aconteceunovale.com.br\/portal\/?p=115803#article","isPartOf":{"@id":"https:\/\/aconteceunovale.com.br\/portal\/?p=115803"},"author":{"name":"Aconteceu no Vale","@id":"https:\/\/aconteceunovale.com.br\/portal\/#\/schema\/person\/633529146f2c94272bef50ac2953d589"},"headline":"Menino morre em acidente com \u00f4nibus escolar em Capit\u00e3o Andrade, no Vale do Rio Doce","datePublished":"2017-05-25T22:22:24+00:00","dateModified":"2017-05-25T23:05:24+00:00","mainEntityOfPage":{"@id":"https:\/\/aconteceunovale.com.br\/portal\/?p=115803"},"wordCount":218,"commentCount":0,"image":{"@id":"https:\/\/aconteceunovale.com.br\/portal\/?p=115803#primaryimage"},"thumbnailUrl":"https:\/\/aconteceunovale.com.br\/portal\/wp-content\/uploads\/2017\/05\/acidente_ca.jpg","keywords":["Acidente com \u00f4nibus escolar em Capit\u00e3o Andrade","acidente em capit\u00e3o andrade","Acidente perto da Escola Municipal Juraci Nunes","Atropelado em Capit\u00e3o Andrade","Atropelamento em Capit\u00e3o Andrade","Capit\u00e3o Andrade","Escola Municipal Juraci Nunes","Igor Cau\u00e3 Martins Rocha","Igor Kauan Martins Rocha","Menino atropelado em Capit\u00e3o Andrade","Menino morre em acidente com \u00f4nibus escolar em Capit\u00e3o Andrade"],"articleSection":["Leste de Minas"],"inLanguage":"pt-BR","potentialAction":[{"@type":"CommentAction","name":"Comment","target":["https:\/\/aconteceunovale.com.br\/portal\/?p=115803#respond"]}]},{"@type":"WebPage","@id":"https:\/\/aconteceunovale.com.br\/portal\/?p=115803","url":"https:\/\/aconteceunovale.com.br\/portal\/?p=115803","name":"Menino morre em acidente com \u00f4nibus escolar em Capit\u00e3o Andrade, no Vale do Rio Doce - Aconteceu no Vale","isPartOf":{"@id":"https:\/\/aconteceunovale.com.br\/portal\/#website"},"primaryImageOfPage":{"@id":"https:\/\/aconteceunovale.com.br\/portal\/?p=115803#primaryimage"},"image":{"@id":"https:\/\/aconteceunovale.com.br\/portal\/?p=115803#primaryimage"},"thumbnailUrl":"https:\/\/aconteceunovale.com.br\/portal\/wp-content\/uploads\/2017\/05\/acidente_ca.jpg","datePublished":"2017-05-25T22:22:24+00:00","dateModified":"2017-05-25T23:05:24+00:00","author":{"@id":"https:\/\/aconteceunovale.com.br\/portal\/#\/schema\/person\/633529146f2c94272bef50ac2953d589"},"breadcrumb":{"@id":"https:\/\/aconteceunovale.com.br\/portal\/?p=115803#breadcrumb"},"inLanguage":"pt-BR","potentialAction":[{"@type":"ReadAction","target":["https:\/\/aconteceunovale.com.br\/portal\/?p=115803"]}]},{"@type":"ImageObject","inLanguage":"pt-BR","@id":"https:\/\/aconteceunovale.com.br\/portal\/?p=115803#primaryimage","url":"https:\/\/aconteceunovale.com.br\/portal\/wp-content\/uploads\/2017\/05\/acidente_ca.jpg","contentUrl":"https:\/\/aconteceunovale.com.br\/portal\/wp-content\/uploads\/2017\/05\/acidente_ca.jpg","width":618,"height":400},{"@type":"BreadcrumbList","@id":"https:\/\/aconteceunovale.com.br\/portal\/?p=115803#breadcrumb","itemListElement":[{"@type":"ListItem","position":1,"name":"In\u00edcio","item":"https:\/\/aconteceunovale.com.br\/portal\/"},{"@type":"ListItem","position":2,"name":"Menino morre em acidente com \u00f4nibus escolar em Capit\u00e3o Andrade, no Vale do Rio Doce"}]},{"@type":"WebSite","@id":"https:\/\/aconteceunovale.com.br\/portal\/#website","url":"https:\/\/aconteceunovale.com.br\/portal\/","name":"Aconteceu no Vale","description":"Portal de Not\u00edcias","potentialAction":[{"@type":"SearchAction","target":{"@type":"EntryPoint","urlTemplate":"https:\/\/aconteceunovale.com.br\/portal\/?s={search_term_string}"},"query-input":{"@type":"PropertyValueSpecification","valueRequired":true,"valueName":"search_term_string"}}],"inLanguage":"pt-BR"},{"@type":"Person","@id":"https:\/\/aconteceunovale.com.br\/portal\/#\/schema\/person\/633529146f2c94272bef50ac2953d589","name":"Aconteceu no Vale","description":"Equipe de reportagem do Aconteceu no Vale, portal de not\u00edcias do Vale do Jequitinhonha, em Minas Gerais. Cobrimos as 51 cidades do Vale desde 2013. Sugest\u00f5es de pauta e pedidos de corre\u00e7\u00e3o: contato@aconteceunovale.com.br","sameAs":["http:\/\/www.aconteceunovale.com.br"],"url":"https:\/\/aconteceunovale.com.br\/portal\/?author=1"}]}},"_links":{"self":[{"href":"https:\/\/aconteceunovale.com.br\/portal\/index.php?rest_route=\/wp\/v2\/posts\/115803","targetHints":{"allow":["GET"]}}],"collection":[{"href":"https:\/\/aconteceunovale.com.br\/portal\/index.php?rest_route=\/wp\/v2\/posts"}],"about":[{"href":"https:\/\/aconteceunovale.com.br\/portal\/index.php?rest_route=\/wp\/v2\/types\/post"}],"author":[{"embeddable":true,"href":"https:\/\/aconteceunovale.com.br\/portal\/index.php?rest_route=\/wp\/v2\/users\/1"}],"replies":[{"embeddable":true,"href":"https:\/\/aconteceunovale.com.br\/portal\/index.php?rest_route=%2Fwp%2Fv2%2Fcomments&post=115803"}],"version-history":[{"count":0,"href":"https:\/\/aconteceunovale.com.br\/portal\/index.php?rest_route=\/wp\/v2\/posts\/115803\/revisions"}],"wp:featuredmedia":[{"embeddable":true,"href":"https:\/\/aconteceunovale.com.br\/portal\/index.php?rest_route=\/wp\/v2\/media\/115804"}],"wp:attachment":[{"href":"https:\/\/aconteceunovale.com.br\/portal\/index.php?rest_route=%2Fwp%2Fv2%2Fmedia&parent=115803"}],"wp:term":[{"taxonomy":"category","embeddable":true,"href":"https:\/\/aconteceunovale.com.br\/portal\/index.php?rest_route=%2Fwp%2Fv2%2Fcategories&post=115803"},{"taxonomy":"post_tag","embeddable":true,"href":"https:\/\/aconteceunovale.com.br\/portal\/index.php?rest_route=%2Fwp%2Fv2%2Ftags&post=115803"}],"curies":[{"name":"wp","href":"https:\/\/api.w.org\/{rel}","templated":true}]}}