{"id":115766,"date":"2017-05-25T17:43:19","date_gmt":"2017-05-25T19:43:19","guid":{"rendered":"http:\/\/aconteceunovale.com.br\/portal\/?p=115766"},"modified":"2017-05-25T17:43:19","modified_gmt":"2017-05-25T19:43:19","slug":"churrascaria-famosa-entre-politicos-anuncia-boicote-aos-produtos-da-jbs","status":"publish","type":"post","link":"https:\/\/aconteceunovale.com.br\/portal\/?p=115766","title":{"rendered":"Churrascaria famosa entre pol\u00edticos anuncia boicote aos produtos da JBS"},"content":{"rendered":"<p>Uma das churrascarias mais famosas de Curitiba e frequentada por v\u00e1rios pol\u00edticos da cidade devido a proximidade com os Tr\u00eas Poderes, a Devons anunciou boicote \u00e0s carne da empresa JBS. A medida foi divulgada por meio de uma faixa adesivada na fachada do estabelecimento nessa quarta-feira (24\/05\/2017).<\/p>\n<p>Em entrevista ao Gazeta do Povo, o empres\u00e1rio Augusto Farfus disse que a medida \u00e9 um protesto solit\u00e1rio de um brasileiro cansado com a corrup\u00e7\u00e3o. Ele comprava h\u00e1 quatro anos carnes do frigor\u00edfico dos irm\u00e3os Joesley e Wesley Batista, e elogiou a qualidade do produto. Entretanto, ele afirma que quer compactuar com a m\u00e1 conduta dos dois empres\u00e1rios. \u201cN\u00e3o d\u00e1 pra ficar patrocinando indiretamente as falcatruas desse pessoal\u201d, afirma Farfus.<\/p>\n<p><img decoding=\"async\" src=\"http:\/\/aconteceunovale.com.br\/portal\/wp-content\/uploads\/2017\/05\/boicote_jbs.jpg\" alt=\"\" \/><em>A faixa colocada na fachada do estabelecimento (Foto: Reprodu\u00e7\u00e3o\/Twitter)<\/em><br \/>\n<\/br><\/p>\n<p><strong>VER PRIMEIRO<\/strong><\/p>\n<p>Receba as not\u00edcias do Aconteceu no Vale em primeira m\u00e3o. Clique em curtir no endere\u00e7o <a href=\"https:\/\/www.facebook.com\/aconteceunovale\" target=\"_blank\"><font color=\"red\">www.facebook.com\/aconteceunovale<\/font><\/a> ou no box abaixo:<\/p>\n<div class=\"fb-like\" data-href=\"https:\/\/www.facebook.com\/aconteceunovale\" data-width=\"120\" data-layout=\"standard\" data-action=\"like\" data-size=\"small\" data-show-faces=\"true\" data-share=\"true\"><\/div>\n<p><\/br><\/p>\n<p><em>(Via O Tempo)<\/em><\/p>\n","protected":false},"excerpt":{"rendered":"<p>Uma das churrascarias mais famosas de Curitiba e frequentada por v\u00e1rios pol\u00edticos da cidade devido a proximidade com os Tr\u00eas Poderes, a Devons anunciou boicote \u00e0s carne da empresa JBS. A medida foi divulgada por meio de uma faixa adesivada na fachada do estabelecimento nessa quarta-feira (24\/05\/2017). Em entrevista ao Gazeta do Povo, o empres\u00e1rio [&hellip;]<\/p>\n","protected":false},"author":1,"featured_media":115767,"comment_status":"open","ping_status":"closed","sticky":false,"template":"","format":"standard","meta":{"amp_status":"","footnotes":""},"categories":[6,40240],"tags":[149455,149461,2728,149460,149445,149443,149444,149441,149453,18871,149452,149450,134495,150362,194,150359,150365,965,99279,149454,1018,150358,150361,150360,77983,149459,149457,149456,149424,149468,150364,149469,102497,149448,149434,149440,149458,20181,149471,1496,149506,149449,18095,149491,772,20321,149442,149470,149447,28510,149677,149676,150363,149451,149446],"class_list":["post-115766","post","type-post","status-publish","format-standard","has-post-thumbnail","hentry","category-br","category-politica-2","tag-a-casa-caiu-para-aecio-neves","tag-a-casa-caiu-para-aecio-neves-e-outros-politicos-do-alto-escalao","tag-aecio-neves","tag-aecio-neves-e-outros-politicos-sao-alvos-de-operacao-da-policia-federal","tag-aecio-neves-jbs","tag-aecio-neves-operacao-cala-boca","tag-aecio-neves-propina","tag-afastamento-aecio-neves","tag-andrea-neves","tag-andrea-neves-da-cunha","tag-andreia-neves","tag-angelo-goulart-villela","tag-apos-denuncias","tag-augusto-farfus","tag-belo-horizonte","tag-churrascaria-devons-boicota-jbs","tag-churrascaria-famosa-entre-politicos-anuncia-boicote-aos-produtos-da-jbs","tag-claudio","tag-delacao","tag-delacao-da-jbs","tag-destaque","tag-devons","tag-devons-anunciou-boicote-as-carne-da-empresa-jbs","tag-devons-boicota-jbs","tag-edson-fachin","tag-fachin-manda-afastar-aecio-neves","tag-frederico-pacheco-de-medeiros","tag-frigorifico-jbs","tag-gravacoes-da-jbs","tag-irma-de-aecio-neves-e-presa-em-nova-lima","tag-irmaos-batista","tag-janot-determina-exoneracao-de-procurador-preso-em-operacao-da-policia-federal","tag-jbs","tag-joao-batista-lima-filho","tag-joesley-batista","tag-mandados-aecio-neves","tag-mandados-em-enderecos-ligados-a-aecio-neves","tag-michel-temer","tag-michel-temer-altera-a-agenda-e-cancela-compromissos","tag-nova-lima","tag-oito-pedidos-de-impeachment-sao-apresentados-no-congresso","tag-operacao-cala-boca","tag-operacao-lava-jato","tag-ouca-a-conversa-entre-michel-temer-e-o-dono-da-jbs","tag-policia-federal","tag-presidente-da-republica","tag-prisao-aecio-neves","tag-procuradoria-geral-eleitoral","tag-rodrigo-rocha-loures","tag-supremo-tribunal-federal","tag-temer-ataca-dono-da-jbs-e-diz-que-vai-pedir-suspensao-de-inquerito","tag-temer-diz-que-vai-pedir-suspensao-de-inquerito","tag-wesley-batista","tag-willer-tomaz","tag-zeze-perrela"],"_links":{"self":[{"href":"https:\/\/aconteceunovale.com.br\/portal\/index.php?rest_route=\/wp\/v2\/posts\/115766","targetHints":{"allow":["GET"]}}],"collection":[{"href":"https:\/\/aconteceunovale.com.br\/portal\/index.php?rest_route=\/wp\/v2\/posts"}],"about":[{"href":"https:\/\/aconteceunovale.com.br\/portal\/index.php?rest_route=\/wp\/v2\/types\/post"}],"author":[{"embeddable":true,"href":"https:\/\/aconteceunovale.com.br\/portal\/index.php?rest_route=\/wp\/v2\/users\/1"}],"replies":[{"embeddable":true,"href":"https:\/\/aconteceunovale.com.br\/portal\/index.php?rest_route=%2Fwp%2Fv2%2Fcomments&post=115766"}],"version-history":[{"count":0,"href":"https:\/\/aconteceunovale.com.br\/portal\/index.php?rest_route=\/wp\/v2\/posts\/115766\/revisions"}],"wp:featuredmedia":[{"embeddable":true,"href":"https:\/\/aconteceunovale.com.br\/portal\/index.php?rest_route=\/wp\/v2\/media\/115767"}],"wp:attachment":[{"href":"https:\/\/aconteceunovale.com.br\/portal\/index.php?rest_route=%2Fwp%2Fv2%2Fmedia&parent=115766"}],"wp:term":[{"taxonomy":"category","embeddable":true,"href":"https:\/\/aconteceunovale.com.br\/portal\/index.php?rest_route=%2Fwp%2Fv2%2Fcategories&post=115766"},{"taxonomy":"post_tag","embeddable":true,"href":"https:\/\/aconteceunovale.com.br\/portal\/index.php?rest_route=%2Fwp%2Fv2%2Ftags&post=115766"}],"curies":[{"name":"wp","href":"https:\/\/api.w.org\/{rel}","templated":true}]}}