{"id":115761,"date":"2017-05-25T17:31:56","date_gmt":"2017-05-25T19:31:56","guid":{"rendered":"http:\/\/aconteceunovale.com.br\/portal\/?p=115761"},"modified":"2017-05-25T17:31:56","modified_gmt":"2017-05-25T19:31:56","slug":"governo-federal-reconhece-situacao-de-emergencia-em-almenara","status":"publish","type":"post","link":"https:\/\/aconteceunovale.com.br\/portal\/?p=115761","title":{"rendered":"Governo Federal reconhece situa\u00e7\u00e3o de emerg\u00eancia em Almenara"},"content":{"rendered":"<p>A Secretaria Nacional de Prote\u00e7\u00e3o e Defesa Civil (Sedec), \u00f3rg\u00e3o vinculado ao Minist\u00e9rio da Integra\u00e7\u00e3o Nacional, reconheceu situa\u00e7\u00e3o de emerg\u00eancia em mais dez munic\u00edpios brasileiros. A medida permite que as prefeituras solicitem apoio do Governo Federal para quest\u00f5es emergenciais. Al\u00e9m do aux\u00edlio complementar para socorro e assist\u00eancia \u00e0 popula\u00e7\u00e3o, a decis\u00e3o pode viabilizar acesso a a\u00e7\u00f5es para restabelecer servi\u00e7os essenciais e recuperar danos causados por desastres naturais. A portaria tem vig\u00eancia por 180 dias.<\/p>\n<p>Dentre os munic\u00edpios com reconhecimento em decorr\u00eancia de chuvas intensas est\u00e3o: Novo Aripuan\u00e3 (AM), Caraguatatuba (SP), Castanheira e Colzina (MT). J\u00e1 as cidades Amatur\u00e1 (AM), Cachoeira do Arari (PA), Eldorado dos Caraj\u00e1s (PA) e Belterra (PA) foram afetadas por inunda\u00e7\u00f5es e enxurradas. Marac\u00e1s (BA) e Almenara (MG) est\u00e3o em situa\u00e7\u00e3o de emerg\u00eancia devido ao extenso per\u00edodo de estiagem que atinge as duas regi\u00f5es.<\/p>\n<p><strong>Como proceder<\/strong><\/p>\n<p>Para obter apoio material e financeiro da Defesa Civil Nacional, os munic\u00edpios devem apresentar um Plano Detalhado de Resposta (PDR) com informa\u00e7\u00f5es sobre os danos causados. Ap\u00f3s an\u00e1lise t\u00e9cnica por equipes da Sedec, o Minist\u00e9rio define as medidas de aux\u00edlio federal a serem disponibilizadas. <a href=\"http:\/\/pesquisa.in.gov.br\/imprensa\/jsp\/visualiza\/index.jsp?data=24\/05\/2017&#038;jornal=1&#038;pagina=34&#038;totalArquivos=92\" target=\"_blank\">Clique aqui e acesse a portaria<\/a>.<\/p>\n<p><strong>VER PRIMEIRO<\/strong><\/p>\n<p>Receba as not\u00edcias do Aconteceu no Vale em primeira m\u00e3o. Clique em curtir no endere\u00e7o <a href=\"https:\/\/www.facebook.com\/aconteceunovale\" target=\"_blank\"><font color=\"red\">www.facebook.com\/aconteceunovale<\/font><\/a> ou no box abaixo:<\/p>\n<div class=\"fb-like\" data-href=\"https:\/\/www.facebook.com\/aconteceunovale\" data-width=\"120\" data-layout=\"standard\" data-action=\"like\" data-size=\"small\" data-show-faces=\"true\" data-share=\"true\"><\/div>\n<p><\/br><\/p>\n<p><em>(Fonte: Minist\u00e9rio da Integra\u00e7\u00e3o Nacional)<\/em><\/p>\n","protected":false},"excerpt":{"rendered":"<p>A Secretaria Nacional de Prote\u00e7\u00e3o e Defesa Civil (Sedec), \u00f3rg\u00e3o vinculado ao Minist\u00e9rio da Integra\u00e7\u00e3o Nacional, reconheceu situa\u00e7\u00e3o de emerg\u00eancia em mais dez munic\u00edpios brasileiros. A medida permite que as prefeituras solicitem apoio do Governo Federal para quest\u00f5es emergenciais. Al\u00e9m do aux\u00edlio complementar para socorro e assist\u00eancia \u00e0 popula\u00e7\u00e3o, a decis\u00e3o pode viabilizar acesso a [&hellip;]<\/p>\n","protected":false},"author":1,"featured_media":80303,"comment_status":"open","ping_status":"closed","sticky":false,"template":"","format":"standard","meta":{"amp_status":"","footnotes":""},"categories":[6,120],"tags":[142,150342,150345,150343,150340,138428,150341,150344,150346,150349,99922,20026,127527,150347,128543,128542,150348],"class_list":["post-115761","post","type-post","status-publish","format-standard","has-post-thumbnail","hentry","category-br","category-jequi","tag-almenara","tag-amatura","tag-belterra","tag-cachoeira-do-arari","tag-caraguatatuba","tag-castanheira","tag-colzina","tag-eldorado-dos-carajas","tag-emergencia-em-almenara","tag-governo-federal-reconhece-situacao-de-emergencia-em-almenara","tag-maracas","tag-ministerio-da-integracao-nacional","tag-novo-aripuana","tag-seca-em-almenara","tag-secretaria-nacional-de-protecao-e-defesa-civil","tag-sedec","tag-situacao-de-emergencia-em-almenara"],"_links":{"self":[{"href":"https:\/\/aconteceunovale.com.br\/portal\/index.php?rest_route=\/wp\/v2\/posts\/115761","targetHints":{"allow":["GET"]}}],"collection":[{"href":"https:\/\/aconteceunovale.com.br\/portal\/index.php?rest_route=\/wp\/v2\/posts"}],"about":[{"href":"https:\/\/aconteceunovale.com.br\/portal\/index.php?rest_route=\/wp\/v2\/types\/post"}],"author":[{"embeddable":true,"href":"https:\/\/aconteceunovale.com.br\/portal\/index.php?rest_route=\/wp\/v2\/users\/1"}],"replies":[{"embeddable":true,"href":"https:\/\/aconteceunovale.com.br\/portal\/index.php?rest_route=%2Fwp%2Fv2%2Fcomments&post=115761"}],"version-history":[{"count":0,"href":"https:\/\/aconteceunovale.com.br\/portal\/index.php?rest_route=\/wp\/v2\/posts\/115761\/revisions"}],"wp:featuredmedia":[{"embeddable":true,"href":"https:\/\/aconteceunovale.com.br\/portal\/index.php?rest_route=\/wp\/v2\/media\/80303"}],"wp:attachment":[{"href":"https:\/\/aconteceunovale.com.br\/portal\/index.php?rest_route=%2Fwp%2Fv2%2Fmedia&parent=115761"}],"wp:term":[{"taxonomy":"category","embeddable":true,"href":"https:\/\/aconteceunovale.com.br\/portal\/index.php?rest_route=%2Fwp%2Fv2%2Fcategories&post=115761"},{"taxonomy":"post_tag","embeddable":true,"href":"https:\/\/aconteceunovale.com.br\/portal\/index.php?rest_route=%2Fwp%2Fv2%2Ftags&post=115761"}],"curies":[{"name":"wp","href":"https:\/\/api.w.org\/{rel}","templated":true}]}}