{"id":115749,"date":"2017-05-25T12:04:24","date_gmt":"2017-05-25T14:04:24","guid":{"rendered":"http:\/\/aconteceunovale.com.br\/portal\/?p=115749"},"modified":"2017-05-25T12:04:24","modified_gmt":"2017-05-25T14:04:24","slug":"oit-preve-1-milhao-de-novos-desempregados-na-america-latina-em-2017","status":"publish","type":"post","link":"https:\/\/aconteceunovale.com.br\/portal\/?p=115749","title":{"rendered":"OIT prev\u00ea 1 milh\u00e3o de novos desempregados na Am\u00e9rica Latina em 2017"},"content":{"rendered":"<p>A Organiza\u00e7\u00e3o Internacional do Trabalho (OIT) afirmou que cerca de um milh\u00e3o de pessoas ficar\u00e3o sem emprego durante 2017 na Am\u00e9rica Latina e no Caribe, o que pode elevar para mais de 26 milh\u00f5es o n\u00famero de desempregados na regi\u00e3o.<\/p>\n<p>As previs\u00f5es da OIT indicam que a taxa de desemprego na regi\u00e3o latino-americana poderia aumentar de 8,1% a 8,4%, devido ao d\u00e9bil crescimento projetado para as economias da regi\u00e3o.<\/p>\n<p>&#8220;S\u00e3o as taxas mais altas da \u00faltima d\u00e9cada&#8221;, destacou ontem (25) o diretor da OIT para Am\u00e9rica Latina e Caribe, Jos\u00e9 Manuel Salazar.<\/p>\n<p>Salazar comentou que o crescimento de 1,1% calculado pela Comiss\u00e3o Econ\u00f4mica para Am\u00e9rica Latina e Caribe (Cepal) para a regi\u00e3o &#8220;n\u00e3o ser\u00e1 suficiente para mudar o rumo das tend\u00eancias negativas no mercado de trabalho&#8221;.<\/p>\n<p>&#8220;Depois de um abrupto aumento na m\u00e9dia regional do desemprego em 2016, se prev\u00ea que 2017 termine com um novo aumento&#8221;, observou.<\/p>\n<p>&#8220;\u00c0 medida que vai transcorrendo o ano, os indicadores e progn\u00f3sticos confirmam que a situa\u00e7\u00e3o trabalhista est\u00e1 se tornando mais preocupante&#8221;, acrescentou.<\/p>\n<p>Salazar ressaltou que, ainda que o comportamento dos pa\u00edses seja heterog\u00eaneo e em alguns inclusive possa diminuir a taxa de desocupa\u00e7\u00e3o, a m\u00e9dia regional reflete uma realidade em que &#8220;em 2016 houve aumentos na taxa de desemprego em 15 dos 21 pa\u00edses onde se tem dados&#8221;.<\/p>\n<p>O diretor regional da OIT alertou ainda que o aumento do desemprego pode acarretar um novo crescimento do trabalho informal, situa\u00e7\u00e3o de 134 milh\u00f5es de latino-americanos, al\u00e9m de quedas nos sal\u00e1rios e um aumento do trabalho por conta pr\u00f3pria.<\/p>\n<p>Salazar destacou tamb\u00e9m a necessidade de &#8220;ligar novos motores de crescimento&#8221; para enfrentar, com novas pol\u00edticas, os &#8220;m\u00faltiplos desafios apresentados por este cen\u00e1rio para os pa\u00edses&#8221;.<\/p>\n<p>&#8220;O mau desempenho nos mercados de trabalho dos \u00faltimos anos n\u00e3o poder\u00e1 ser revertido de maneira fundamental sem grandes esfor\u00e7os em mat\u00e9ria de desenvolvimento produtivo, inova\u00e7\u00e3o e talento humano&#8221;, concluiu Salazar.<\/p>\n<p><strong>VER PRIMEIRO<\/strong><\/p>\n<p>Receba as not\u00edcias do Aconteceu no Vale em primeira m\u00e3o. Clique em curtir no endere\u00e7o <a href=\"https:\/\/www.facebook.com\/aconteceunovale\" target=\"_blank\"><font color=\"red\">www.facebook.com\/aconteceunovale<\/font><\/a> ou no box abaixo:<\/p>\n<div class=\"fb-like\" data-href=\"https:\/\/www.facebook.com\/aconteceunovale\" data-width=\"120\" data-layout=\"standard\" data-action=\"like\" data-size=\"small\" data-show-faces=\"true\" data-share=\"true\"><\/div>\n<p><\/br><\/p>\n<p><em>(Fonte: Ag\u00eancia Brasil, com informa\u00e7\u00f5es da EFE)<\/em><\/p>\n","protected":false},"excerpt":{"rendered":"<p>A Organiza\u00e7\u00e3o Internacional do Trabalho (OIT) afirmou que cerca de um milh\u00e3o de pessoas ficar\u00e3o sem emprego durante 2017 na Am\u00e9rica Latina e no Caribe, o que pode elevar para mais de 26 milh\u00f5es o n\u00famero de desempregados na regi\u00e3o. As previs\u00f5es da OIT indicam que a taxa de desemprego na regi\u00e3o latino-americana poderia aumentar [&hellip;]<\/p>\n","protected":false},"author":1,"featured_media":90617,"comment_status":"open","ping_status":"closed","sticky":false,"template":"","format":"standard","meta":{"amp_status":"","footnotes":""},"categories":[40236,28848],"tags":[34658,150319,19010,150320,19006,150321,21745,150318,1831],"class_list":["post-115749","post","type-post","status-publish","format-standard","has-post-thumbnail","hentry","category-empregos-2","category-mundo","tag-america-latina","tag-america-latina-em-2017","tag-desemprego","tag-desemprego-na-america-latina","tag-emprego","tag-novos-desempregados-na-america-latina-em-2017","tag-oit","tag-oit-preve-1-milhao-de-novos-desempregados-na-america-latina-em-2017","tag-trabalho"],"_links":{"self":[{"href":"https:\/\/aconteceunovale.com.br\/portal\/index.php?rest_route=\/wp\/v2\/posts\/115749","targetHints":{"allow":["GET"]}}],"collection":[{"href":"https:\/\/aconteceunovale.com.br\/portal\/index.php?rest_route=\/wp\/v2\/posts"}],"about":[{"href":"https:\/\/aconteceunovale.com.br\/portal\/index.php?rest_route=\/wp\/v2\/types\/post"}],"author":[{"embeddable":true,"href":"https:\/\/aconteceunovale.com.br\/portal\/index.php?rest_route=\/wp\/v2\/users\/1"}],"replies":[{"embeddable":true,"href":"https:\/\/aconteceunovale.com.br\/portal\/index.php?rest_route=%2Fwp%2Fv2%2Fcomments&post=115749"}],"version-history":[{"count":0,"href":"https:\/\/aconteceunovale.com.br\/portal\/index.php?rest_route=\/wp\/v2\/posts\/115749\/revisions"}],"wp:featuredmedia":[{"embeddable":true,"href":"https:\/\/aconteceunovale.com.br\/portal\/index.php?rest_route=\/wp\/v2\/media\/90617"}],"wp:attachment":[{"href":"https:\/\/aconteceunovale.com.br\/portal\/index.php?rest_route=%2Fwp%2Fv2%2Fmedia&parent=115749"}],"wp:term":[{"taxonomy":"category","embeddable":true,"href":"https:\/\/aconteceunovale.com.br\/portal\/index.php?rest_route=%2Fwp%2Fv2%2Fcategories&post=115749"},{"taxonomy":"post_tag","embeddable":true,"href":"https:\/\/aconteceunovale.com.br\/portal\/index.php?rest_route=%2Fwp%2Fv2%2Ftags&post=115749"}],"curies":[{"name":"wp","href":"https:\/\/api.w.org\/{rel}","templated":true}]}}