{"id":115747,"date":"2017-05-25T12:01:12","date_gmt":"2017-05-25T14:01:12","guid":{"rendered":"http:\/\/aconteceunovale.com.br\/portal\/?p=115747"},"modified":"2017-05-25T12:01:12","modified_gmt":"2017-05-25T14:01:12","slug":"campanha-nacional-de-vacinacao-contra-a-gripe-termina-amanha","status":"publish","type":"post","link":"https:\/\/aconteceunovale.com.br\/portal\/?p=115747","title":{"rendered":"Campanha Nacional de Vacina\u00e7\u00e3o contra a Gripe termina amanh\u00e3"},"content":{"rendered":"<p>Quem faz parte dos chamados grupos priorit\u00e1rios e ainda n\u00e3o se vacinou contra a gripe tem at\u00e9 amanh\u00e3 (26) para procurar um posto de sa\u00fade e garantir a imuniza\u00e7\u00e3o. Balan\u00e7o do Minist\u00e9rio da Sa\u00fade indica que, at\u00e9 a \u00faltima segunda-feira (22), apenas 58,2% do p\u00fablico-alvo havia sido vacinado. A meta do governo \u00e9 vacinar 90% de um total de 54,2 milh\u00f5es de pessoas.<\/p>\n<p>Ainda de acordo com a pasta, at\u00e9 o momento, nenhum grupo priorit\u00e1rio atingiu a meta de vacina\u00e7\u00e3o. Os idosos registram a maior cobertura vacinal (67,1%). Em, seguida est\u00e3o as pu\u00e9rperas (65,4%) e os trabalhadores de sa\u00fade (59,4%). Os grupos que menos se vacinaram s\u00e3o ind\u00edgenas (37,1%), crian\u00e7as (44,9%), gestantes (49,2%) e professores (52,4%).<\/p>\n<p>Al\u00e9m dos grupos priorit\u00e1rios, tamb\u00e9m foram aplicadas 6,2 milh\u00f5es de doses em pessoas com algum tipo de comorbidade, na popula\u00e7\u00e3o privada de liberdade e em trabalhadores do sistema prisional.<\/p>\n<p>Os estados com maior cobertura de vacina\u00e7\u00e3o no pa\u00eds, at\u00e9 o momento, s\u00e3o: Amap\u00e1 (79,4%), Paran\u00e1 (74,1%), Santa Catarina (72,3%), Rio Grande do Sul (70,8%), e Goi\u00e1s (66%). J\u00e1 os estados com menor cobertura s\u00e3o: Roraima (41,5%), Par\u00e1 (44,3%), Rond\u00f4nia (44,6%), Rio de Janeiro (45,8%), Mato Grosso (48,5%), Acre (48,6%) e Piau\u00ed (50,4%).<\/p>\n<p>A vacina contra a gripe est\u00e1 dispon\u00edvel desde o dia 17 de abril para crian\u00e7as de 6 meses a menores de 5 anos; pessoas com 60 anos ou mais; trabalhadores de sa\u00fade; povos ind\u00edgenas; gestantes, pu\u00e9rperas (at\u00e9 45 dias ap\u00f3s o parto); popula\u00e7\u00e3o privada de liberdade; funcion\u00e1rios do sistema prisional; e pessoas com doen\u00e7as cr\u00f4nicas n\u00e3o transmiss\u00edveis ou com outras condi\u00e7\u00f5es cl\u00ednicas especiais, al\u00e9m de professores.<\/p>\n<p>\u201c\u00c9 de fundamental import\u00e2ncia que a popula\u00e7\u00e3o-alvo busque, o quanto antes, os postos de vacina\u00e7\u00e3o para garantir a prote\u00e7\u00e3o contra a influenza, principalmente neste per\u00edodo, que antecede o inverno\u201d, destacou a coordenadora Nacional do Programa Nacional de Imuniza\u00e7\u00f5es do Minist\u00e9rio da Sa\u00fade, Carla Domingues, alertando sobre a import\u00e2ncia de se imunizar dentro do prazo para evitar poss\u00edveis agravamentos da gripe.<\/p>\n<p><strong>VER PRIMEIRO<\/strong><\/p>\n<p>Receba as not\u00edcias do Aconteceu no Vale em primeira m\u00e3o. Clique em curtir no endere\u00e7o <a href=\"https:\/\/www.facebook.com\/aconteceunovale\" target=\"_blank\"><font color=\"red\">www.facebook.com\/aconteceunovale<\/font><\/a> ou no box abaixo:<\/p>\n<div class=\"fb-like\" data-href=\"https:\/\/www.facebook.com\/aconteceunovale\" data-width=\"120\" data-layout=\"standard\" data-action=\"like\" data-size=\"small\" data-show-faces=\"true\" data-share=\"true\"><\/div>\n<p><\/br><\/p>\n<p><em>(Fonte: Ag\u00eancia Brasil)<\/em><\/p>\n","protected":false},"excerpt":{"rendered":"<p>Quem faz parte dos chamados grupos priorit\u00e1rios e ainda n\u00e3o se vacinou contra a gripe tem at\u00e9 amanh\u00e3 (26) para procurar um posto de sa\u00fade e garantir a imuniza\u00e7\u00e3o. Balan\u00e7o do Minist\u00e9rio da Sa\u00fade indica que, at\u00e9 a \u00faltima segunda-feira (22), apenas 58,2% do p\u00fablico-alvo havia sido vacinado. A meta do governo \u00e9 vacinar 90% [&hellip;]<\/p>\n","protected":false},"author":1,"featured_media":105882,"comment_status":"open","ping_status":"closed","sticky":false,"template":"","format":"standard","meta":{"amp_status":"","footnotes":""},"categories":[6,40242],"tags":[21164,6224,147991,150316,43373,147989,147990,150317,147987,147988,19152,38784,22284,43700,46376],"class_list":["post-115747","post","type-post","status-publish","format-standard","has-post-thumbnail","hentry","category-br","category-saude-2","tag-campanha-de-vacinacao","tag-campanha-de-vacinacao-contra-a-gripe","tag-campanha-de-vacinacao-contra-a-gripe-ainda-tem-baixa-cobertura-em-minas","tag-campanha-nacional-de-vacinacao-contra-a-gripe-termina-amanha","tag-gripe","tag-imunizacao-contra-a-gripe","tag-imunizacao-contra-a-gripe-em-minas-gerais","tag-influenza","tag-jose-geraldo-leite-ribeiro","tag-rosangela-de-souza-ferreira","tag-saude","tag-secretaria-de-estado-de-saude-de-minas-gerais","tag-vacinacao","tag-vacinacao-contra-a-gripe","tag-vacinacao-contra-a-gripe-em-minas-gerais"],"_links":{"self":[{"href":"https:\/\/aconteceunovale.com.br\/portal\/index.php?rest_route=\/wp\/v2\/posts\/115747","targetHints":{"allow":["GET"]}}],"collection":[{"href":"https:\/\/aconteceunovale.com.br\/portal\/index.php?rest_route=\/wp\/v2\/posts"}],"about":[{"href":"https:\/\/aconteceunovale.com.br\/portal\/index.php?rest_route=\/wp\/v2\/types\/post"}],"author":[{"embeddable":true,"href":"https:\/\/aconteceunovale.com.br\/portal\/index.php?rest_route=\/wp\/v2\/users\/1"}],"replies":[{"embeddable":true,"href":"https:\/\/aconteceunovale.com.br\/portal\/index.php?rest_route=%2Fwp%2Fv2%2Fcomments&post=115747"}],"version-history":[{"count":0,"href":"https:\/\/aconteceunovale.com.br\/portal\/index.php?rest_route=\/wp\/v2\/posts\/115747\/revisions"}],"wp:featuredmedia":[{"embeddable":true,"href":"https:\/\/aconteceunovale.com.br\/portal\/index.php?rest_route=\/wp\/v2\/media\/105882"}],"wp:attachment":[{"href":"https:\/\/aconteceunovale.com.br\/portal\/index.php?rest_route=%2Fwp%2Fv2%2Fmedia&parent=115747"}],"wp:term":[{"taxonomy":"category","embeddable":true,"href":"https:\/\/aconteceunovale.com.br\/portal\/index.php?rest_route=%2Fwp%2Fv2%2Fcategories&post=115747"},{"taxonomy":"post_tag","embeddable":true,"href":"https:\/\/aconteceunovale.com.br\/portal\/index.php?rest_route=%2Fwp%2Fv2%2Ftags&post=115747"}],"curies":[{"name":"wp","href":"https:\/\/api.w.org\/{rel}","templated":true}]}}