{"id":115744,"date":"2017-05-25T11:59:13","date_gmt":"2017-05-25T13:59:13","guid":{"rendered":"http:\/\/aconteceunovale.com.br\/portal\/?p=115744"},"modified":"2017-05-25T11:59:13","modified_gmt":"2017-05-25T13:59:13","slug":"governo-revoga-decreto-que-autorizava-uso-das-forcas-armadas-na-esplanada","status":"publish","type":"post","link":"https:\/\/aconteceunovale.com.br\/portal\/?p=115744","title":{"rendered":"Governo revoga decreto que autorizava uso das For\u00e7as Armadas na Esplanada"},"content":{"rendered":"<p>O presidente Michel Temer revogou na manh\u00e3 desta quinta-feira (25) o decreto de ontem que autorizava o emprego das For\u00e7as Armadas para a Garantia da Lei e da Ordem no Distrito Federal. O decreto de revoga\u00e7\u00e3o foi publicado\u00a0<a href=\"http:\/\/pesquisa.in.gov.br\/imprensa\/jsp\/visualiza\/index.jsp?jornal=1000&amp;pagina=1&amp;data=25\/05\/2017\" target=\"_blank\">em edi\u00e7\u00e3o extra\u00a0do\u00a0<em>Di\u00e1rio Oficial da Uni\u00e3o<\/em> (leia aqui)<\/a>.<\/p>\n<p>A revoga\u00e7\u00e3o foi publicada enquanto o presidente Temer estava reunido no Pal\u00e1cio do Planalto em Bras\u00edlia com os ministros Raul Jungmman, da Defesa; Eliseu Padilha, da Casa Civil; Moreira Franco, da Secretaria-Geral da Presid\u00eancia da Rep\u00fablica; Ant\u00f4nio Imbassahy, da Secretaria de Governo e com o general S\u00e9rgio Etchegoyen, do Gabinete de Seguran\u00e7a Institucional da Presid\u00eancia da Rep\u00fablica.<\/p>\n<p>Ontem, o objetivo do governo ao autorizar a presen\u00e7a das For\u00e7as Armadas em Bras\u00edlia era de garantir a integridade dos pr\u00e9dios p\u00fablicos na Esplanada dos Minist\u00e9rios, bem como a seguran\u00e7a de servidores que l\u00e1 trabalham, depois que um grupo de cerca de 50 pessoas usando m\u00e1scaras no rosto promoveu um quebra-quebra em meio \u00e0 manifesta\u00e7\u00e3o Ocupa Bras\u00edlia \u2013 contra o governo do presidente Michel Temer e as propostas de reformas apresentadas pelo governo.<\/p>\n<p>O decreto de quarta-feira foi criticado pelo governador do Distrito Federal, Rodrigo Rollemberg que, em comunicado, se disse \u201csurpreso\u201d com a medida adotada pelo presidente Michel Temer. Na nota, Rollemberg lamentou os epis\u00f3dios de viol\u00eancia que ocorreram durante a manifesta\u00e7\u00e3o, resultando em depreda\u00e7\u00e3o do patrim\u00f4nio p\u00fablico e privado.<\/p>\n<p><strong>GLO<\/strong><\/p>\n<p>Conhecida como GLO, a Garantira de Lei e da Ordem \u00e9 regulada pela Constitui\u00e7\u00e3o Federal e concede provisoriamente aos militares a faculdade de atuar com poder de pol\u00edcia at\u00e9 o restabelecimento da normalidade.<\/p>\n<p>Na quarta-feira, o presidente da C\u00e2mara dos Deputados, Rodrigo Maia (DEM-RJ), pediu a presen\u00e7a da For\u00e7a Nacional de Seguran\u00e7a na capital. O governo ent\u00e3o determinou que tropas federais protejessem os pr\u00e9dios da Esplanada dos Minist\u00e9rios.<\/p>\n<p>O Pal\u00e1cio do Planalto disse que a decis\u00e3o do presidente Michel Temer de usar as For\u00e7as Armadas foi tomada com base na informa\u00e7\u00e3o de que n\u00e3o havia policiais da For\u00e7a Nacional suficientes para atender \u00e0 solicita\u00e7\u00e3o de Maia.<\/p>\n<p>\u201c[&#8230;] o Presidente da Rep\u00fablica, ap\u00f3s confirmada a insufici\u00eancia dos meios policiais solicitados pelo Presidente da C\u00e2mara dos Deputados, decidiu empregar, com base no Artigo 142 da Constitui\u00e7\u00e3o Federal, efetivos das For\u00e7as Armadas com o objetivo de garantir a integridade f\u00edsica das pessoas [&#8230;]\u201d, diz um trecho da nota divulgada no in\u00edcio da noite de ontem.<\/p>\n<p><strong>VER PRIMEIRO<\/strong><\/p>\n<p>Receba as not\u00edcias do Aconteceu no Vale em primeira m\u00e3o. Clique em curtir no endere\u00e7o <a href=\"https:\/\/www.facebook.com\/aconteceunovale\" target=\"_blank\"><font color=\"red\">www.facebook.com\/aconteceunovale<\/font><\/a> ou no box abaixo:<\/p>\n<div class=\"fb-like\" data-href=\"https:\/\/www.facebook.com\/aconteceunovale\" data-width=\"120\" data-layout=\"standard\" data-action=\"like\" data-size=\"small\" data-show-faces=\"true\" data-share=\"true\"><\/div>\n<p><\/br><\/p>\n<p><em>(Fonte: Ag\u00eancia Brasil)<\/em><\/p>\n","protected":false},"excerpt":{"rendered":"<p>O presidente Michel Temer revogou na manh\u00e3 desta quinta-feira (25) o decreto de ontem que autorizava o emprego das For\u00e7as Armadas para a Garantia da Lei e da Ordem no Distrito Federal. O decreto de revoga\u00e7\u00e3o foi publicado\u00a0em edi\u00e7\u00e3o extra\u00a0do\u00a0Di\u00e1rio Oficial da Uni\u00e3o (leia aqui). A revoga\u00e7\u00e3o foi publicada enquanto o presidente Temer estava reunido [&hellip;]<\/p>\n","protected":false},"author":1,"featured_media":115745,"comment_status":"open","ping_status":"closed","sticky":false,"template":"","format":"standard","meta":{"amp_status":"","footnotes":""},"categories":[6],"tags":[150290,150293,4606,150292,150287,150294,150295,1018,54412,29582,150284,150315,80312,150314,150291,37788,128729,41521,128732,150285,150286,150288,150289],"class_list":["post-115744","post","type-post","status-publish","format-standard","has-post-thumbnail","hentry","category-br","tag-ataque-em-brasilia","tag-ato-em-brasilia-reune-45-mil-pessoas","tag-brasilia","tag-com-depredacao-de-ministerios-e-confronto","tag-confronto-em-brasilia","tag-depredacao-de-orgaos-publicos","tag-depredacao-de-orgaos-publicos-em-brasilia","tag-destaque","tag-esplanada-dos-ministerios","tag-exercito","tag-fora-temer-em-brasilia","tag-forca-nacional-de-seguranca","tag-forcas-armadas","tag-governo-revoga-decreto-que-autorizava-uso-das-forcas-armadas-na-esplanada","tag-incendio-em-ministerio-em-brasilia","tag-manifestacao","tag-manifestacao-em-brasilia","tag-protesto","tag-protesto-em-brasilia","tag-quebra-pau-em-brasilia","tag-quebra-quebra-em-brasilia","tag-quebradeira-em-brasilia","tag-tumulto"],"_links":{"self":[{"href":"https:\/\/aconteceunovale.com.br\/portal\/index.php?rest_route=\/wp\/v2\/posts\/115744","targetHints":{"allow":["GET"]}}],"collection":[{"href":"https:\/\/aconteceunovale.com.br\/portal\/index.php?rest_route=\/wp\/v2\/posts"}],"about":[{"href":"https:\/\/aconteceunovale.com.br\/portal\/index.php?rest_route=\/wp\/v2\/types\/post"}],"author":[{"embeddable":true,"href":"https:\/\/aconteceunovale.com.br\/portal\/index.php?rest_route=\/wp\/v2\/users\/1"}],"replies":[{"embeddable":true,"href":"https:\/\/aconteceunovale.com.br\/portal\/index.php?rest_route=%2Fwp%2Fv2%2Fcomments&post=115744"}],"version-history":[{"count":0,"href":"https:\/\/aconteceunovale.com.br\/portal\/index.php?rest_route=\/wp\/v2\/posts\/115744\/revisions"}],"wp:featuredmedia":[{"embeddable":true,"href":"https:\/\/aconteceunovale.com.br\/portal\/index.php?rest_route=\/wp\/v2\/media\/115745"}],"wp:attachment":[{"href":"https:\/\/aconteceunovale.com.br\/portal\/index.php?rest_route=%2Fwp%2Fv2%2Fmedia&parent=115744"}],"wp:term":[{"taxonomy":"category","embeddable":true,"href":"https:\/\/aconteceunovale.com.br\/portal\/index.php?rest_route=%2Fwp%2Fv2%2Fcategories&post=115744"},{"taxonomy":"post_tag","embeddable":true,"href":"https:\/\/aconteceunovale.com.br\/portal\/index.php?rest_route=%2Fwp%2Fv2%2Ftags&post=115744"}],"curies":[{"name":"wp","href":"https:\/\/api.w.org\/{rel}","templated":true}]}}