{"id":115741,"date":"2017-05-25T11:36:31","date_gmt":"2017-05-25T13:36:31","guid":{"rendered":"http:\/\/aconteceunovale.com.br\/portal\/?p=115741"},"modified":"2017-05-25T11:36:31","modified_gmt":"2017-05-25T13:36:31","slug":"comerciante-reage-a-assalto-e-amarra-ladrao-em-jequitinhonha","status":"publish","type":"post","link":"https:\/\/aconteceunovale.com.br\/portal\/?p=115741","title":{"rendered":"Comerciante reage a assalto e amarra ladr\u00e3o em Jequitinhonha"},"content":{"rendered":"<p>Um empres\u00e1rio reagiu a uma tentativa de assalto e amarrou o criminoso com cordas at\u00e9 a chegada da pol\u00edcia em Jequitinhonha, no Nordeste de Minas Gerais. A ocorr\u00eancia foi registrada na noite dessa quarta-feira (24\/05\/2017) no Bairro S\u00e3o Miguel.<\/p>\n<p>Segundo a Pol\u00edcia Militar (PM), o suspeito, de 14 anos, chegou ao estabelecimento comercial da v\u00edtima armado com uma garrucha e anunciou o assalto. Em seguida, obrigou o homem a ir at\u00e9 a casa dele, que fica em frente ao com\u00e9rcio.<\/p>\n<p>Ainda de acordo com a PM, o empres\u00e1rio conseguiu desarmar o suspeito e ap\u00f3s dar coronhadas na cabe\u00e7a dele, o amarrou dentro de casa at\u00e9 a chegada da pol\u00edcia. O menor foi detido e encaminhado \u00e0 delegacia de Almenara.<\/p>\n<p><strong>VER PRIMEIRO<\/strong><\/p>\n<p>Receba as not\u00edcias do Aconteceu no Vale em primeira m\u00e3o. Clique em curtir no endere\u00e7o <a href=\"https:\/\/www.facebook.com\/aconteceunovale\" target=\"_blank\"><font color=\"red\">www.facebook.com\/aconteceunovale<\/font><\/a> ou no box abaixo:<\/p>\n<div class=\"fb-like\" data-href=\"https:\/\/www.facebook.com\/aconteceunovale\" data-width=\"120\" data-layout=\"standard\" data-action=\"like\" data-size=\"small\" data-show-faces=\"true\" data-share=\"true\"><\/div>\n<p><\/br><\/p>\n<p><em>(Com informa\u00e7\u00f5es do G1 Vales)<\/em><\/p>\n","protected":false},"excerpt":{"rendered":"<p>Um empres\u00e1rio reagiu a uma tentativa de assalto e amarrou o criminoso com cordas at\u00e9 a chegada da pol\u00edcia em Jequitinhonha, no Nordeste de Minas Gerais. A ocorr\u00eancia foi registrada na noite dessa quarta-feira (24\/05\/2017) no Bairro S\u00e3o Miguel. Segundo a Pol\u00edcia Militar (PM), o suspeito, de 14 anos, chegou ao estabelecimento comercial da v\u00edtima [&hellip;]<\/p>\n","protected":false},"author":1,"featured_media":115742,"comment_status":"open","ping_status":"closed","sticky":false,"template":"","format":"standard","meta":{"amp_status":"","footnotes":""},"categories":[120],"tags":[150310,150309,34252,150312,150313,150311],"class_list":["post-115741","post","type-post","status-publish","format-standard","has-post-thumbnail","hentry","category-jequi","tag-assalto-jequitinhonha","tag-comerciante-reage-a-assalto-e-amarra-ladrao-em-jequitinhonha","tag-jequitinhonha","tag-ladrao-preso-em-jequitinhonha","tag-preso-por-assalto-em-jequitinhonha","tag-roubo-jequitinhonha"],"_links":{"self":[{"href":"https:\/\/aconteceunovale.com.br\/portal\/index.php?rest_route=\/wp\/v2\/posts\/115741","targetHints":{"allow":["GET"]}}],"collection":[{"href":"https:\/\/aconteceunovale.com.br\/portal\/index.php?rest_route=\/wp\/v2\/posts"}],"about":[{"href":"https:\/\/aconteceunovale.com.br\/portal\/index.php?rest_route=\/wp\/v2\/types\/post"}],"author":[{"embeddable":true,"href":"https:\/\/aconteceunovale.com.br\/portal\/index.php?rest_route=\/wp\/v2\/users\/1"}],"replies":[{"embeddable":true,"href":"https:\/\/aconteceunovale.com.br\/portal\/index.php?rest_route=%2Fwp%2Fv2%2Fcomments&post=115741"}],"version-history":[{"count":0,"href":"https:\/\/aconteceunovale.com.br\/portal\/index.php?rest_route=\/wp\/v2\/posts\/115741\/revisions"}],"wp:featuredmedia":[{"embeddable":true,"href":"https:\/\/aconteceunovale.com.br\/portal\/index.php?rest_route=\/wp\/v2\/media\/115742"}],"wp:attachment":[{"href":"https:\/\/aconteceunovale.com.br\/portal\/index.php?rest_route=%2Fwp%2Fv2%2Fmedia&parent=115741"}],"wp:term":[{"taxonomy":"category","embeddable":true,"href":"https:\/\/aconteceunovale.com.br\/portal\/index.php?rest_route=%2Fwp%2Fv2%2Fcategories&post=115741"},{"taxonomy":"post_tag","embeddable":true,"href":"https:\/\/aconteceunovale.com.br\/portal\/index.php?rest_route=%2Fwp%2Fv2%2Ftags&post=115741"}],"curies":[{"name":"wp","href":"https:\/\/api.w.org\/{rel}","templated":true}]}}