{"id":115730,"date":"2017-05-25T10:40:04","date_gmt":"2017-05-25T12:40:04","guid":{"rendered":"http:\/\/aconteceunovale.com.br\/portal\/?p=115730"},"modified":"2017-05-25T10:40:04","modified_gmt":"2017-05-25T12:40:04","slug":"com-depredacao-de-ministerios-e-confronto-ato-em-brasilia-reune-45-mil-pessoas","status":"publish","type":"post","link":"https:\/\/aconteceunovale.com.br\/portal\/?p=115730","title":{"rendered":"Com depreda\u00e7\u00e3o de minist\u00e9rios e confronto, ato em Bras\u00edlia re\u00fane 45 mil pessoas"},"content":{"rendered":"<p>A manifesta\u00e7\u00e3o Ocupa Bras\u00edlia, que levou \u00e0 Esplanada dos Minist\u00e9rios, no centro da capital do pa\u00eds, pelo menos 45 mil de pessoas de v\u00e1rios estados, teve in\u00edcio de forma pac\u00edfica, mas terminou em tumulto e quebra-quebra, com depreda\u00e7\u00e3o de \u00f3rg\u00e3os p\u00fablicos, ap\u00f3s a a\u00e7\u00e3o de v\u00e2ndalos e da atua\u00e7\u00e3o da Pol\u00edcia Militar do Distrito Federal. O ato, promovido por centrais sindicais e movimentos sociais, pediu sa\u00edda do presidente Michel Temer e a rejei\u00e7\u00e3o das reformas previdenci\u00e1ria e trabalhista.<\/p>\n<p>No in\u00edcio da tarde, os manifestantes chegaram \u00e0 capital federal e se concentravam em frente ao Est\u00e1dio Man\u00e9 Garrincha, onde a marcha em dire\u00e7\u00e3o ao Congresso Nacional teve in\u00edcio. Com cartazes com dizeres como \u201cDiretas J\u00e1\u201d e \u201cMais Direitos\u201d, os manifestantes gritavam palavras de ordem. L\u00edderes sindicais revezaram-se em cima de carros de som que acompanharam a marcha. Os dois sentidos da Esplanada ficaram fechados.<\/p>\n<p>De acordo com a Secretaria de Seguran\u00e7a P\u00fablica do Distrito Federal (SSP-DF), 45 mil pessoas participaram do ato. J\u00e1 a Central \u00danica dos Trabalhadores estimou que 200 mil manifestantes passaram pelo local ao longo do protesto.<\/p>\n<p><img decoding=\"async\" src=\"http:\/\/aconteceunovale.com.br\/portal\/wp-content\/uploads\/2017\/05\/quebradeira_bsb_2.jpg\" alt=\"\" \/><em>PMDF e manifestantes entraram em confronto na Esplanada dos Minist\u00e9rios durante protesto contra o governo Temer e as reformas trabalhista e da Previd\u00eancia (Foto: Marcello Casal Jr\/Ag\u00eancia Brasil)<\/em><br \/>\n<\/br><\/p>\n<p><strong>Depreda\u00e7\u00e3o e confronto<\/strong><\/p>\n<p>Uma grande bandeira verde e amarela foi carregada por v\u00e1rias pessoas. Pouco mais de uma hora depois, com alguns grupos j\u00e1 pr\u00f3ximos ao Congresso Nacional, as primeiras provoca\u00e7\u00f5es come\u00e7aram. Um grupo de aproximadamente 20 pessoas mascaradas come\u00e7ou a jogar pedras nos policiais que formavam um cord\u00e3o de isolamento pr\u00f3ximo ao gramado em frente ao Congresso e incendiou alguns objetos de pl\u00e1stico que estavam no local.<\/p>\n<p>Como resposta, a tropa de choque da Pol\u00edcia Militar do Distrito Federal disparou dezenas de bombas de g\u00e1s lacrimog\u00eanio e de efeito moral em dire\u00e7\u00e3o \u00e0 multid\u00e3o.<\/p>\n<p>Parte dos proj\u00e9teis foi direcionada a dois carros de som que estavam estacionados entre os manifestantes e a tropa de choque. Nos discursos, as lideran\u00e7as que estavam nos ve\u00edculos pediam que os policiais identificassem e reagissem apenas contra quem os estava provocando. \u201cParem de atirar contra todos os trabalhadores\u201d, pediu uma lideran\u00e7a.<\/p>\n<p>Houve corre-corre e os black blocks mascarados come\u00e7aram o ataque aos minist\u00e9rios. Vidra\u00e7as, paradas de \u00f4nibus, bicicletas e banheiros qu\u00edmicos foram destru\u00eddos. O grupo ainda entrou em confronto com policiais militares pr\u00f3ximo ao Minist\u00e9rio da Agricultura. Acuados, dois policiais fizeram disparo de armas de fogo em dire\u00e7\u00e3o da manifesta\u00e7\u00e3o. O Corpo de Bombeiros atendeu um manifestante com ferimento \u00e0 bala.<\/p>\n<p>As sedes de tr\u00eas minist\u00e9rios foram incendiadas e, de acordo com a Secretaria de Seguran\u00e7a P\u00fablica, houve depreda\u00e7\u00e3o em oito pr\u00e9dios, incluindo a Catedral Metropolitana de Bras\u00edlia. Oito manifestantes foram conduzidos pelos militares, por motivos como porte de subst\u00e2ncia entorpecente, porte de arma branca, resist\u00eancia e picha\u00e7\u00e3o, les\u00e3o corporal e desacato.<\/p>\n<p>Pouco antes das 17h, o fluxo maior j\u00e1 era de dispers\u00e3o. Com o avan\u00e7o das for\u00e7as policiais de diferentes pontos, inclusive dos minist\u00e9rios atingidos, os manifestantes come\u00e7aram a recuar em dire\u00e7\u00e3o da rodovi\u00e1ria do Plano Piloto. Mais bombas de g\u00e1s lacrimog\u00eaneo foram lan\u00e7adas em dire\u00e7\u00e3o \u00e0 aglomera\u00e7\u00e3o de pessoas. Segundo relatos de diferentes manifestantes, os disparos partiram tamb\u00e9m dos helic\u00f3pteros da PM, que circulavam em torno da \u00e1rea.<\/p>\n<p><strong>Cr\u00edticas \u00e0s reformas<\/strong><\/p>\n<p>O servidor p\u00fablico Carlos Abreu, de 56 anos, considerou que o ato foi \u201cpositivo\u201d, com exce\u00e7\u00e3o da viol\u00eancia. Para ele, a \u201crepress\u00e3o\u201d da PM pode colaborar para \u201cfomentar um movimento maior\u201d no futuro.<\/p>\n<p>\u201cA reforma trabalhista, colocada em regime de urg\u00eancia, simplesmente retira direitos dos trabalhadores conquistados a duras penas. A quest\u00e3o do banco de horas, por exemplo. O trabalhador est\u00e1 em casa, no banco de horas, o patr\u00e3o chama, ele vai, trabalha, tr\u00eas, quatro horas e vai pra casa de novo. Passa dias ou uma semana, o patr\u00e3o chama de novo. Ou seja, n\u00e3o tem estabilidade. N\u00e3o tem fundo de garantia, absolutamente nada&#8221;, disse Abreu, que participou do ato ao lado de dois colegas cearenses representando a Confedera\u00e7\u00e3o dos Servidores P\u00fablicos Federais (Condsef).<\/p>\n<p>Francisco Ma\u00e7al veio de Juazeiro do Norte (CE) participar do protesto e tamb\u00e9m criticou a forma como ocorreram os confrontos. \u201cO certo era a pol\u00edcia ficar resguardando o patrim\u00f4nio p\u00fablico e deixar os manifestantes fazerem o ato, como estava sendo pac\u00edfico. Mas a pol\u00edcia n\u00e3o aceita, quando v\u00ea muita gente reivindicando alguma coisa, quer de todo jeito evadir as pessoas. Isso \u00e9 um erro grav\u00edssimo, na minha opini\u00e3o, das autoridades policiais\u201d, disse.<\/p>\n<p>Ap\u00f3s a manifesta\u00e7\u00e3o, a estudante D\u00e9bora Oliveira, de 22 anos, foi para a Rodovi\u00e1ria do Plano Piloto, no centro de Bras\u00edlia, onde ocorreu uma nova confus\u00e3o. Ela diz que j\u00e1 havia policiais quando chegou ao local e, ao tentar ajudar uma senhora que tinha sido atingida, um policial utilizou spray de pimenta diretamente em seu rosto para dispers\u00e1-la.<\/p>\n<p>\u201cA gente chegou \u00e0 rodovi\u00e1ria com o ato e os manifestantes passaram direto [em dire\u00e7\u00e3o ao Man\u00e9 Garrincha]. As pessoas que vieram para c\u00e1, acredito que eram pessoas como a gente, que iria embora. S\u00f3 que a gente chegou aqui, j\u00e1 tinha o triplo de pol\u00edcia, e a\u00ed chegou mais. Estava na fila do \u00f4nibus, come\u00e7ou a aparecer um monte de pol\u00edcia\u201d, disse, depois de alguns minutos tentando se recuperar.<\/p>\n<p><strong>Balan\u00e7o do governo<\/strong><\/p>\n<p>De acordo com a Secretaria de Seguran\u00e7a P\u00fablica e Paz Social, 49 pessoas feridas receberam atendimento m\u00e9dico, sendo oito policiais. O governo do Distrito Federal confirmou o uso de armas de fogo por dois policiais militares e anunciou a abertura de um inqu\u00e9rito para investigar o fato.<\/p>\n<p>Dentre os manifestantes mais gravemente feridos, est\u00e1 um que foi atingido por arma de fogo, na altura da boca e passou por procedimento cir\u00fargico, e um que teve parte da m\u00e3o danificada ap\u00f3s a bomba que portava explodir antes da hora. Uma bomba explodiu pr\u00f3xima ao pesco\u00e7o de um policial, que tamb\u00e9m foi socorrido.<\/p>\n<p>Em entrevista \u00e0 imprensa ap\u00f3s o ato, o secret\u00e1rio de Seguran\u00e7a P\u00fablica e Paz Social, Edval Novaes, disse que os policiais atuaram de acordo com as recomenda\u00e7\u00f5es, seguindo, o Protocolo T\u00e1tico Integrado, que impede que manifestantes saiam do gramado e se aproximem do Pal\u00e1cio do Planalto. Havia a informa\u00e7\u00e3o, segundo ele, de que os manifestantes tentariam ocupar o Congresso. Novaes declarou que os eventuais excessos ser\u00e3o analisados caso a caso.<\/p>\n<p>De acordo com o comandante-geral da Pol\u00edcia Militar, coronel Marcos Ant\u00f4nio Nunes de Oliveira, o protocolo prev\u00ea que o ponto final dos manifestantes \u00e9 na Alameda das Bandeiras, em frente ao Pal\u00e1cio do Itamaraty, o que causou descontentamento nos manifestantes. \u201cPelo menos a metade ali estava disposta a fazer bagun\u00e7a, praticar danos, ferir as outras pessoas. E uma grande parcela queria, de qualquer forma, invadir o Congresso Nacional. Ficou muito claro nas frases e gritos que ouvimos desde a manh\u00e3 e n\u00e3o foi permitido\u201d, diz.<\/p>\n<p><strong>Fotos<\/strong><\/p>\n<p><img decoding=\"async\" src=\"http:\/\/aconteceunovale.com.br\/portal\/wp-content\/uploads\/2017\/05\/quebradeira_bsb_1.jpg\" alt=\"\" \/><em>PMDF e manifestantes entraram em confronto na Esplanada dos Minist\u00e9rios durante protesto contra o governo Temer e as reformas trabalhista e da Previd\u00eancia (Foto: Marcello Casal Jr\/Ag\u00eancia Brasil)<\/em><br \/>\n<\/br><\/p>\n<p><img decoding=\"async\" src=\"http:\/\/aconteceunovale.com.br\/portal\/wp-content\/uploads\/2017\/05\/quebradeira_bsb_3.jpg\" alt=\"\" \/><em>Centrais sindicais realizam manifesta\u00e7\u00e3o em Bras\u00edlia (Foto: Jos\u00e9 Cruz\/Ag\u00eancia Brasil)<\/em><br \/>\n<\/br><\/p>\n<p><img decoding=\"async\" src=\"http:\/\/aconteceunovale.com.br\/portal\/wp-content\/uploads\/2017\/05\/quebradeira_bsb_4.jpg\" alt=\"\" \/><em>Centrais sindicais realizam manifesta\u00e7\u00e3o em Bras\u00edlia (Foto: Jos\u00e9 Cruz\/Ag\u00eancia Brasil)<\/em><br \/>\n<\/br><\/p>\n<p><em>(Fonte: Ag\u00eancia Brasil)<\/em><\/p>\n","protected":false},"excerpt":{"rendered":"<p>A manifesta\u00e7\u00e3o Ocupa Bras\u00edlia, que levou \u00e0 Esplanada dos Minist\u00e9rios, no centro da capital do pa\u00eds, pelo menos 45 mil de pessoas de v\u00e1rios estados, teve in\u00edcio de forma pac\u00edfica, mas terminou em tumulto e quebra-quebra, com depreda\u00e7\u00e3o de \u00f3rg\u00e3os p\u00fablicos, ap\u00f3s a a\u00e7\u00e3o de v\u00e2ndalos e da atua\u00e7\u00e3o da Pol\u00edcia Militar do Distrito Federal. [&hellip;]<\/p>\n","protected":false},"author":1,"featured_media":115732,"comment_status":"open","ping_status":"closed","sticky":false,"template":"","format":"standard","meta":{"amp_status":"","footnotes":""},"categories":[6],"tags":[150290,150293,4606,150292,150287,150294,150295,1018,54412,150284,150291,37788,128729,41521,128732,150285,150286,150288,150289],"class_list":["post-115730","post","type-post","status-publish","format-standard","has-post-thumbnail","hentry","category-br","tag-ataque-em-brasilia","tag-ato-em-brasilia-reune-45-mil-pessoas","tag-brasilia","tag-com-depredacao-de-ministerios-e-confronto","tag-confronto-em-brasilia","tag-depredacao-de-orgaos-publicos","tag-depredacao-de-orgaos-publicos-em-brasilia","tag-destaque","tag-esplanada-dos-ministerios","tag-fora-temer-em-brasilia","tag-incendio-em-ministerio-em-brasilia","tag-manifestacao","tag-manifestacao-em-brasilia","tag-protesto","tag-protesto-em-brasilia","tag-quebra-pau-em-brasilia","tag-quebra-quebra-em-brasilia","tag-quebradeira-em-brasilia","tag-tumulto"],"_links":{"self":[{"href":"https:\/\/aconteceunovale.com.br\/portal\/index.php?rest_route=\/wp\/v2\/posts\/115730","targetHints":{"allow":["GET"]}}],"collection":[{"href":"https:\/\/aconteceunovale.com.br\/portal\/index.php?rest_route=\/wp\/v2\/posts"}],"about":[{"href":"https:\/\/aconteceunovale.com.br\/portal\/index.php?rest_route=\/wp\/v2\/types\/post"}],"author":[{"embeddable":true,"href":"https:\/\/aconteceunovale.com.br\/portal\/index.php?rest_route=\/wp\/v2\/users\/1"}],"replies":[{"embeddable":true,"href":"https:\/\/aconteceunovale.com.br\/portal\/index.php?rest_route=%2Fwp%2Fv2%2Fcomments&post=115730"}],"version-history":[{"count":0,"href":"https:\/\/aconteceunovale.com.br\/portal\/index.php?rest_route=\/wp\/v2\/posts\/115730\/revisions"}],"wp:featuredmedia":[{"embeddable":true,"href":"https:\/\/aconteceunovale.com.br\/portal\/index.php?rest_route=\/wp\/v2\/media\/115732"}],"wp:attachment":[{"href":"https:\/\/aconteceunovale.com.br\/portal\/index.php?rest_route=%2Fwp%2Fv2%2Fmedia&parent=115730"}],"wp:term":[{"taxonomy":"category","embeddable":true,"href":"https:\/\/aconteceunovale.com.br\/portal\/index.php?rest_route=%2Fwp%2Fv2%2Fcategories&post=115730"},{"taxonomy":"post_tag","embeddable":true,"href":"https:\/\/aconteceunovale.com.br\/portal\/index.php?rest_route=%2Fwp%2Fv2%2Ftags&post=115730"}],"curies":[{"name":"wp","href":"https:\/\/api.w.org\/{rel}","templated":true}]}}