{"id":115618,"date":"2017-05-23T22:37:47","date_gmt":"2017-05-24T00:37:47","guid":{"rendered":"http:\/\/aconteceunovale.com.br\/portal\/?p=115618"},"modified":"2017-05-23T22:37:47","modified_gmt":"2017-05-24T00:37:47","slug":"aecio-neves-se-defende-de-acusacoes-e-diz-que-foi-vitima-de-armacao","status":"publish","type":"post","link":"https:\/\/aconteceunovale.com.br\/portal\/?p=115618","title":{"rendered":"A\u00e9cio Neves se defende de acusa\u00e7\u00f5es e diz que foi v\u00edtima de arma\u00e7\u00e3o"},"content":{"rendered":"<p>O senador afastado A\u00e9cio Neves (PSDB-MG) divulgou hoje (23) um v\u00eddeo no qual se defende da acusa\u00e7\u00e3o de ter recebido R$ 2 milh\u00f5es em propina dos donos do grupo J&#038;F, os irm\u00e3os Joesley e Wesley Batista. No v\u00eddeo, o senador, que teve o mandato suspenso pelo Supremo Tribunal Federal (STF), diz que foi v\u00edtima de uma \u201carma\u00e7\u00e3o\u201d.<\/p>\n<p>\u201cNos \u00faltimos dias, voc\u00eas podem imaginar, minha vida virou pelo avesso. Eu fui v\u00edtima de uma arma\u00e7\u00e3o conduzida por r\u00e9us confessos que s\u00f3 tinham um objetivo: livrar-se dos grav\u00edssimos crimes dos quais s\u00e3o acusados, mesmo que para isso precisassem implicar pessoas de bem\u201d, diz.<\/p>\n<p>A\u00e9cio classifica de \u201cinjustific\u00e1veis\u201d as opera\u00e7\u00f5es que tiveram como alvo ele e sua fam\u00edlia, resultando na pris\u00e3o de sua irm\u00e3, Andrea Neves, e seu primo Frederico Pacheco. \u201cEu reafirmo aqui, de forma definitiva: n\u00e3o cometi crime algum. Minha irm\u00e3 Andrea n\u00e3o cometeu crime algum. Meu primo Frederico n\u00e3o cometeu crime algum. S\u00e3o pessoas de bem, que sofrem hoje com a injusti\u00e7a das san\u00e7\u00f5es que lhes foram impostas\u201d, diz o senador.<\/p>\n<p>No v\u00eddeo, A\u00e9cio Neves tamb\u00e9m volta a afirmar que o pedido de dinheiro a Joesley Batista, feito em conversa gravada pelo delator, foi um empr\u00e9stimo, que seria posteriormente regularizado em um contrato que atestaria se tratar de uma transa\u00e7\u00e3o entre duas pessoas privadas.<\/p>\n<p>\u201cH\u00e1 cerca de dois meses eu pedi \u00e0 minha irm\u00e3 Andrea que procurasse o senhor Joesley e oferecesse a ele a compra do apartamento onde minha m\u00e3e vive h\u00e1 mais de 30 anos, heran\u00e7a de seu ex-marido, e que havia sido colocado \u00e0 venda. Com parte desses recursos eu poderia ent\u00e3o pagar as despesas de minha defesa em inqu\u00e9ritos que, tenho certeza, ser\u00e3o arquivados. E fiz isso porque n\u00e3o tinha dinheiro, n\u00e3o fiz dinheiro na vida p\u00fablica\u201d, afirma.<\/p>\n<p>Segundo o senador, a partir da\u00ed Joesley teria armado uma situa\u00e7\u00e3o na qual o empr\u00e9stimo de R$ 2 milh\u00f5es pareceria um ato ilegal. A\u00e9cio nega que tenha havido qualquer contrapartida pelo empr\u00e9stimo, descaracterizando atos de corrup\u00e7\u00e3o.<\/p>\n<p>\u201cOs criminosos s\u00e3o aqueles que se enriqueceram \u00e0s custas do dinheiro p\u00fablico e que agora, neste instante, l\u00e1 no exterior, zombam dos brasileiros com os inacredit\u00e1veis benef\u00edcios que obtiveram. Eles sim t\u00eam que voltar ao Brasil e responder \u00e0 Justi\u00e7a pelos in\u00fameros crimes que cometeram.\u201d<\/p>\n<p>A\u00e9cio Neves diz que vai se dedicar a provar sua inoc\u00eancia, bem como a de sua irm\u00e3 e a de seu primo. Al\u00e9m disso, afirma que vai lutar para restabelecer a integralidade de seu mandato, que est\u00e1 suspenso por causa das acusa\u00e7\u00f5es.<\/p>\n<p><strong>Dela\u00e7\u00e3o<\/strong><\/p>\n<p>Em dela\u00e7\u00e3o premiada, os executivos da JBS, uma das empresas do grupo J&#038;F, alegam que os R$ 2 milh\u00f5es recebidos pelo senador eram propina e que a contrapartida seria a indica\u00e7\u00e3o para um cargo na Vale, que n\u00e3o se concretizou.<\/p>\n<p>Os executivos afirmam tamb\u00e9m que pagaram propina ao senador durante a campanha presidencial de 2014, com a expectativa de que ele atuaria a favor da empresa posteriormente, se fosse eleito. <\/p>\n<p><strong>V\u00eddeo<\/strong><\/p>\n<p><iframe loading=\"lazy\" src=\"https:\/\/www.facebook.com\/plugins\/video.php?href=https%3A%2F%2Fwww.facebook.com%2FAecioNevesOficial%2Fvideos%2F1588915481153327%2F&#038;show_text=0&#038;width=560\" width=\"560\" height=\"315\" style=\"border:none;overflow:hidden\" scrolling=\"no\" frameborder=\"0\" allowTransparency=\"true\" allowFullScreen=\"true\"><\/iframe><br \/>\n<\/br><\/p>\n<p><strong>VER PRIMEIRO<\/strong><\/p>\n<p>Receba as not\u00edcias do Aconteceu no Vale em primeira m\u00e3o. Clique em curtir no endere\u00e7o <a href=\"https:\/\/www.facebook.com\/aconteceunovale\" target=\"_blank\"><font color=\"red\">www.facebook.com\/aconteceunovale<\/font><\/a> ou no box abaixo:<\/p>\n<div class=\"fb-like\" data-href=\"https:\/\/www.facebook.com\/aconteceunovale\" data-width=\"120\" data-layout=\"standard\" data-action=\"like\" data-size=\"small\" data-show-faces=\"true\" data-share=\"true\"><\/div>\n<p><\/br><\/p>\n<p><em>(Fonte: Ag\u00eancia Brasil)<\/em><\/p>\n","protected":false},"excerpt":{"rendered":"<p>O senador afastado A\u00e9cio Neves (PSDB-MG) divulgou hoje (23) um v\u00eddeo no qual se defende da acusa\u00e7\u00e3o de ter recebido R$ 2 milh\u00f5es em propina dos donos do grupo J&#038;F, os irm\u00e3os Joesley e Wesley Batista. No v\u00eddeo, o senador, que teve o mandato suspenso pelo Supremo Tribunal Federal (STF), diz que foi v\u00edtima de [&hellip;]<\/p>\n","protected":false},"author":1,"featured_media":115446,"comment_status":"open","ping_status":"closed","sticky":false,"template":"","format":"standard","meta":{"amp_status":"","footnotes":""},"categories":[6,123,40240],"tags":[149455,149461,2728,149460,149445,149443,149444,150102,149441,149453,18871,149452,149450,134495,194,965,99279,149454,77983,149459,149457,149456,149424,149468,149469,102497,149448,149434,149440,149458,20181,149471,1496,149506,149449,18095,149491,772,20321,149442,149470,99280,149447,28510,149677,149676,149451,149446],"class_list":["post-115618","post","type-post","status-publish","format-standard","has-post-thumbnail","hentry","category-br","category-gerais","category-politica-2","tag-a-casa-caiu-para-aecio-neves","tag-a-casa-caiu-para-aecio-neves-e-outros-politicos-do-alto-escalao","tag-aecio-neves","tag-aecio-neves-e-outros-politicos-sao-alvos-de-operacao-da-policia-federal","tag-aecio-neves-jbs","tag-aecio-neves-operacao-cala-boca","tag-aecio-neves-propina","tag-aecio-neves-se-defende-de-acusacoes-e-diz-que-foi-vitima-de-armacao","tag-afastamento-aecio-neves","tag-andrea-neves","tag-andrea-neves-da-cunha","tag-andreia-neves","tag-angelo-goulart-villela","tag-apos-denuncias","tag-belo-horizonte","tag-claudio","tag-delacao","tag-delacao-da-jbs","tag-edson-fachin","tag-fachin-manda-afastar-aecio-neves","tag-frederico-pacheco-de-medeiros","tag-frigorifico-jbs","tag-gravacoes-da-jbs","tag-irma-de-aecio-neves-e-presa-em-nova-lima","tag-janot-determina-exoneracao-de-procurador-preso-em-operacao-da-policia-federal","tag-jbs","tag-joao-batista-lima-filho","tag-joesley-batista","tag-mandados-aecio-neves","tag-mandados-em-enderecos-ligados-a-aecio-neves","tag-michel-temer","tag-michel-temer-altera-a-agenda-e-cancela-compromissos","tag-nova-lima","tag-oito-pedidos-de-impeachment-sao-apresentados-no-congresso","tag-operacao-cala-boca","tag-operacao-lava-jato","tag-ouca-a-conversa-entre-michel-temer-e-o-dono-da-jbs","tag-policia-federal","tag-presidente-da-republica","tag-prisao-aecio-neves","tag-procuradoria-geral-eleitoral","tag-propina","tag-rodrigo-rocha-loures","tag-supremo-tribunal-federal","tag-temer-ataca-dono-da-jbs-e-diz-que-vai-pedir-suspensao-de-inquerito","tag-temer-diz-que-vai-pedir-suspensao-de-inquerito","tag-willer-tomaz","tag-zeze-perrela"],"_links":{"self":[{"href":"https:\/\/aconteceunovale.com.br\/portal\/index.php?rest_route=\/wp\/v2\/posts\/115618","targetHints":{"allow":["GET"]}}],"collection":[{"href":"https:\/\/aconteceunovale.com.br\/portal\/index.php?rest_route=\/wp\/v2\/posts"}],"about":[{"href":"https:\/\/aconteceunovale.com.br\/portal\/index.php?rest_route=\/wp\/v2\/types\/post"}],"author":[{"embeddable":true,"href":"https:\/\/aconteceunovale.com.br\/portal\/index.php?rest_route=\/wp\/v2\/users\/1"}],"replies":[{"embeddable":true,"href":"https:\/\/aconteceunovale.com.br\/portal\/index.php?rest_route=%2Fwp%2Fv2%2Fcomments&post=115618"}],"version-history":[{"count":0,"href":"https:\/\/aconteceunovale.com.br\/portal\/index.php?rest_route=\/wp\/v2\/posts\/115618\/revisions"}],"wp:featuredmedia":[{"embeddable":true,"href":"https:\/\/aconteceunovale.com.br\/portal\/index.php?rest_route=\/wp\/v2\/media\/115446"}],"wp:attachment":[{"href":"https:\/\/aconteceunovale.com.br\/portal\/index.php?rest_route=%2Fwp%2Fv2%2Fmedia&parent=115618"}],"wp:term":[{"taxonomy":"category","embeddable":true,"href":"https:\/\/aconteceunovale.com.br\/portal\/index.php?rest_route=%2Fwp%2Fv2%2Fcategories&post=115618"},{"taxonomy":"post_tag","embeddable":true,"href":"https:\/\/aconteceunovale.com.br\/portal\/index.php?rest_route=%2Fwp%2Fv2%2Ftags&post=115618"}],"curies":[{"name":"wp","href":"https:\/\/api.w.org\/{rel}","templated":true}]}}