{"id":115616,"date":"2017-05-23T22:34:06","date_gmt":"2017-05-24T00:34:06","guid":{"rendered":"http:\/\/aconteceunovale.com.br\/portal\/?p=115616"},"modified":"2017-05-23T22:34:06","modified_gmt":"2017-05-24T00:34:06","slug":"belo-horizonte-registra-primeira-morte-por-febre-amarela","status":"publish","type":"post","link":"https:\/\/aconteceunovale.com.br\/portal\/?p=115616","title":{"rendered":"Belo Horizonte registra primeira morte por febre amarela"},"content":{"rendered":"<p>Belo Horizonte registrou a primeira morte por febre amarela no atual surto da doen\u00e7a. A v\u00edtima \u00e9 um homem de 79 anos, que morreu na semana passada. A informa\u00e7\u00e3o foi divulgada hoje (23) pela Secretaria de Sa\u00fade de Minas Gerais (SES-MG). De acordo com o \u00f3rg\u00e3o, o idoso foi infectado durante uma viagem a Mato Grosso.<\/p>\n<p>A primeira morte por febre amarela na capital mineira ocorre em um momento em que o ritmo de transmiss\u00e3o da doen\u00e7a vem diminuindo no estado. De acordo com o \u00faltimo boletim da SES-MG, divulgado no dia 26 de abril, foram confirmadas 151 mortes em Minas e 24 est\u00e3o em investiga\u00e7\u00e3o. Ao todo, os munic\u00edpios mineiros contabilizam 1.139 notifica\u00e7\u00f5es para a doen\u00e7a, sendo que 427 casos foram confirmados, 554 descartados e os 158 restantes ainda est\u00e3o em an\u00e1lise.<\/p>\n<p>O boletim do dia 26 de abril trouxe apenas nove notifica\u00e7\u00f5es a mais do que o registrado nas duas semanas anteriores. Entre os levantamentos dos dias 19 e 12 de abril, a transmiss\u00e3o da febre amarela em Minas Gerais se mostrou est\u00e1vel. Em ambas as datas, o n\u00famero de notifica\u00e7\u00f5es se manteve em 1.130.<\/p>\n<p>O caso do idoso de 79 anos n\u00e3o ser\u00e1 contabilizado nos pr\u00f3ximos boletins da secretaria estadual porque a infec\u00e7\u00e3o n\u00e3o ocorreu em territ\u00f3rio mineiro. Segundo o \u00f3rg\u00e3o, Belo Horizonte segue sem nenhum registro de febre amarela de transmiss\u00e3o aut\u00f3ctone (dentro do munic\u00edpio).<\/p>\n<p>De acordo com dados da Secretaria de Sa\u00fade de Belo Horizonte, outro morador da cidade tamb\u00e9m contraiu a doen\u00e7a em viagem. No entanto, o paciente j\u00e1 recebeu alta.<\/p>\n<p>Diante da avalia\u00e7\u00e3o de que a situa\u00e7\u00e3o da febre amarela est\u00e1 sob controle, a secretaria municipal de Sa\u00fade decidiu na semana passada autorizar o\u00a0acesso do p\u00fablico aos parques\u00a0que estavam interditados. A proibi\u00e7\u00e3o de visitas nesses espa\u00e7os ocorreu porque foram confirmadas mortes de macacos em decorr\u00eancia da febre amarela.<\/p>\n<p>O Parque Jacques Cousteau j\u00e1 foi reaberto e o Parque das Mangabeiras est\u00e1 recebendo de forma preliminar apenas visitas educativas organizadas por escolas. J\u00e1 o Parque da Serra do Cip\u00f3 passa por interven\u00e7\u00f5es e ainda n\u00e3o tem data definida para ser reaberto.<\/p>\n<p><strong>Surto<\/strong><\/p>\n<p>O surto de febre amarela que ocorre desde o in\u00edcio deste ano \u00e9 considerado o maior no Brasil desde 1980, quando o Minist\u00e9rio da Sa\u00fade passou a disponibilizar dados da s\u00e9rie hist\u00f3rica. De acordo com levantamento da pasta divulgado no dia 12 de maio, a doen\u00e7a j\u00e1 levou \u00e0 morte este ano 259 pessoas em todo o pa\u00eds. At\u00e9 ent\u00e3o, a situa\u00e7\u00e3o mais grave havia ocorrido em 2000, quando morreram 40 pessoas.<\/p>\n<p>A febre amarela atinge humanos e macacos e \u00e9 causada por um v\u00edrus da fam\u00edlia\u00a0<em>Flaviviridae<\/em>. No meio rural e silvestre, o v\u00edrus \u00e9 transmitido pelos mosquitos\u00a0<em>Haemagogus\u00a0<\/em>e\u00a0<em>Sabethes<\/em>. Em \u00e1rea urbana, o vetor \u00e9 o\u00a0<em>Aedes aegypti<\/em>, o mesmo da dengue, zika e chikungunya. A vacina \u00e9 a principal medida de combate \u00e0 doen\u00e7a. De acordo com o Minist\u00e9rio da Sa\u00fade, a transmiss\u00e3o da febre amarela no Brasil n\u00e3o ocorre em \u00e1reas urbanas desde 1942.<\/p>\n<p><strong>VER PRIMEIRO<\/strong><\/p>\n<p>Receba as not\u00edcias do Aconteceu no Vale em primeira m\u00e3o. Clique em curtir no endere\u00e7o <a href=\"https:\/\/www.facebook.com\/aconteceunovale\" target=\"_blank\"><font color=\"red\">www.facebook.com\/aconteceunovale<\/font><\/a> ou no box abaixo:<\/p>\n<div class=\"fb-like\" data-href=\"https:\/\/www.facebook.com\/aconteceunovale\" data-width=\"120\" data-layout=\"standard\" data-action=\"like\" data-size=\"small\" data-show-faces=\"true\" data-share=\"true\"><\/div>\n<p><\/br><\/p>\n<p><em>(Fonte: Ag\u00eancia Brasil)<\/em><\/p>\n","protected":false},"excerpt":{"rendered":"<p>Belo Horizonte registrou a primeira morte por febre amarela no atual surto da doen\u00e7a. A v\u00edtima \u00e9 um homem de 79 anos, que morreu na semana passada. A informa\u00e7\u00e3o foi divulgada hoje (23) pela Secretaria de Sa\u00fade de Minas Gerais (SES-MG). De acordo com o \u00f3rg\u00e3o, o idoso foi infectado durante uma viagem a Mato [&hellip;]<\/p>\n","protected":false},"author":1,"featured_media":112787,"comment_status":"open","ping_status":"closed","sticky":false,"template":"","format":"standard","meta":{"amp_status":"","footnotes":""},"categories":[123,40242],"tags":[194,150101,1017,47713,135895,139640,139783,28160,137813,21730],"class_list":["post-115616","post","type-post","status-publish","format-standard","has-post-thumbnail","hentry","category-gerais","category-saude-2","tag-belo-horizonte","tag-belo-horizonte-registra-primeira-morte-por-febre-amarela","tag-bh","tag-febre-amarela","tag-febre-amarela-em-belo-horizonte","tag-febre-amarela-em-bh","tag-febre-amarela-em-minas","tag-morte","tag-surto-de-febre-amarela","tag-vacina"],"_links":{"self":[{"href":"https:\/\/aconteceunovale.com.br\/portal\/index.php?rest_route=\/wp\/v2\/posts\/115616","targetHints":{"allow":["GET"]}}],"collection":[{"href":"https:\/\/aconteceunovale.com.br\/portal\/index.php?rest_route=\/wp\/v2\/posts"}],"about":[{"href":"https:\/\/aconteceunovale.com.br\/portal\/index.php?rest_route=\/wp\/v2\/types\/post"}],"author":[{"embeddable":true,"href":"https:\/\/aconteceunovale.com.br\/portal\/index.php?rest_route=\/wp\/v2\/users\/1"}],"replies":[{"embeddable":true,"href":"https:\/\/aconteceunovale.com.br\/portal\/index.php?rest_route=%2Fwp%2Fv2%2Fcomments&post=115616"}],"version-history":[{"count":0,"href":"https:\/\/aconteceunovale.com.br\/portal\/index.php?rest_route=\/wp\/v2\/posts\/115616\/revisions"}],"wp:featuredmedia":[{"embeddable":true,"href":"https:\/\/aconteceunovale.com.br\/portal\/index.php?rest_route=\/wp\/v2\/media\/112787"}],"wp:attachment":[{"href":"https:\/\/aconteceunovale.com.br\/portal\/index.php?rest_route=%2Fwp%2Fv2%2Fmedia&parent=115616"}],"wp:term":[{"taxonomy":"category","embeddable":true,"href":"https:\/\/aconteceunovale.com.br\/portal\/index.php?rest_route=%2Fwp%2Fv2%2Fcategories&post=115616"},{"taxonomy":"post_tag","embeddable":true,"href":"https:\/\/aconteceunovale.com.br\/portal\/index.php?rest_route=%2Fwp%2Fv2%2Ftags&post=115616"}],"curies":[{"name":"wp","href":"https:\/\/api.w.org\/{rel}","templated":true}]}}