{"id":115608,"date":"2017-05-23T22:16:50","date_gmt":"2017-05-24T00:16:50","guid":{"rendered":"http:\/\/aconteceunovale.com.br\/portal\/?p=115608"},"modified":"2017-05-23T22:16:50","modified_gmt":"2017-05-24T00:16:50","slug":"stf-condena-paulo-maluf-a-mais-de-sete-anos-de-prisao-e-a-perda-do-mandato-de-deputado","status":"publish","type":"post","link":"https:\/\/aconteceunovale.com.br\/portal\/?p=115608","title":{"rendered":"STF condena Paulo Maluf a mais de sete anos de pris\u00e3o e \u00e0 perda do mandato de deputado"},"content":{"rendered":"<p>A Primeira Turma do Supremo Tribunal Federal (STF) condenou hoje (23) o deputado Paulo Maluf (PP-SP) a sete anos, nove meses e 10 dias de reclus\u00e3o pelo crime lavagem de dinheiro. O deputado ter\u00e1 tamb\u00e9m de pagar multa. A pena ser\u00e1 cumprida, inicialmente, em regime fechado.<\/p>\n<p>Os ministros determinaram ainda a perda do mandato parlamentar e interdi\u00e7\u00e3o dele para exerc\u00edcio de cargo ou fun\u00e7\u00e3o p\u00fablica de qualquer natureza. Al\u00e9m disso, Maluf n\u00e3o poder\u00e1 ocupar o cargo de diretor e membro de conselho de administra\u00e7\u00e3o pelo dobro do tempo da pena aplicada a ele, como prev\u00ea a lei de combate \u00e0 lavagem de dinheiro.<\/p>\n<p>Os ministros Edson Fachin (relator do caso), Lu\u00eds Roberto Barroso, Rosa Weber e Luiz Fux votaram pela condena\u00e7\u00e3o, enquanto Marco Aur\u00e9lio foi favor\u00e1vel \u00e0 absolvi\u00e7\u00e3o por entender que o crime j\u00e1 prescreveu.<\/p>\n<p>Na decis\u00e3o, os ministros da Primeira Turma do STF decretaram a perda, em favor da Uni\u00e3o, dos bens, direitos e valores, objetos da lavagem de dinheiro pela qual foi o r\u00e9u condenado, ressalvado o direito do lesado ou de terceiro de boa-f\u00e9.<\/p>\n<p>Conforme a den\u00fancia apresentada pelo Minist\u00e9rio P\u00fablico Federal, Maluf usou contas no exterior para lavar dinheiro desviado da prefeitura de S\u00e3o Paulo no per\u00edodo em que ele comandou o Executivo local, entre os anos de 1993 e 1996.<\/p>\n<p>A defesa do deputado Paulo Maluf vai esperar a publica\u00e7\u00e3o do ac\u00f3rd\u00e3o, pois o julgamento n\u00e3o foi un\u00e2nime. A defesa informou que ir\u00e1 recorrer ao plen\u00e1rio do STF. \u00a0&#8220;O deputado segue confiando na Justi\u00e7a e aguardando a decis\u00e3o final do plen\u00e1rio do Supremo&#8221;, disse o advogado Ant\u00f4nio Carlos de Almeida Castro, o Kakay.<\/p>\n<p><img decoding=\"async\" src=\"http:\/\/aconteceunovale.com.br\/portal\/wp-content\/uploads\/2017\/05\/paulo_maluff.jpg\" alt=\"\" \/><em>Maluf foi condenado pelo crime de lavagem de dinheiro (Foto: Rovena Rosa\/Ag\u00eancia Brasil)<\/em><br \/>\n<\/br><\/p>\n<p><strong>VER PRIMEIRO<\/strong><\/p>\n<p>Receba as not\u00edcias do Aconteceu no Vale em primeira m\u00e3o. Clique em curtir no endere\u00e7o <a href=\"https:\/\/www.facebook.com\/aconteceunovale\" target=\"_blank\"><font color=\"red\">www.facebook.com\/aconteceunovale<\/font><\/a> ou no box abaixo:<\/p>\n<div class=\"fb-like\" data-href=\"https:\/\/www.facebook.com\/aconteceunovale\" data-width=\"120\" data-layout=\"standard\" data-action=\"like\" data-size=\"small\" data-show-faces=\"true\" data-share=\"true\"><\/div>\n<p><\/br><\/p>\n<p><em>(Fonte: Ag\u00eancia Brasil)<\/em><\/p>\n","protected":false},"excerpt":{"rendered":"<p>A Primeira Turma do Supremo Tribunal Federal (STF) condenou hoje (23) o deputado Paulo Maluf (PP-SP) a sete anos, nove meses e 10 dias de reclus\u00e3o pelo crime lavagem de dinheiro. O deputado ter\u00e1 tamb\u00e9m de pagar multa. A pena ser\u00e1 cumprida, inicialmente, em regime fechado. Os ministros determinaram ainda a perda do mandato parlamentar [&hellip;]<\/p>\n","protected":false},"author":1,"featured_media":115609,"comment_status":"open","ping_status":"closed","sticky":false,"template":"","format":"standard","meta":{"amp_status":"","footnotes":""},"categories":[6],"tags":[75954,150085,81843,27172,150086,28511,150087],"class_list":["post-115608","post","type-post","status-publish","format-standard","has-post-thumbnail","hentry","category-br","tag-condenacao","tag-condenacao-paulo-maluf","tag-lavagem-de-dinheiro","tag-paulo-maluf","tag-paulo-maluf-e-condenado-no-stf","tag-stf","tag-stf-condena-paulo-maluf"],"_links":{"self":[{"href":"https:\/\/aconteceunovale.com.br\/portal\/index.php?rest_route=\/wp\/v2\/posts\/115608","targetHints":{"allow":["GET"]}}],"collection":[{"href":"https:\/\/aconteceunovale.com.br\/portal\/index.php?rest_route=\/wp\/v2\/posts"}],"about":[{"href":"https:\/\/aconteceunovale.com.br\/portal\/index.php?rest_route=\/wp\/v2\/types\/post"}],"author":[{"embeddable":true,"href":"https:\/\/aconteceunovale.com.br\/portal\/index.php?rest_route=\/wp\/v2\/users\/1"}],"replies":[{"embeddable":true,"href":"https:\/\/aconteceunovale.com.br\/portal\/index.php?rest_route=%2Fwp%2Fv2%2Fcomments&post=115608"}],"version-history":[{"count":0,"href":"https:\/\/aconteceunovale.com.br\/portal\/index.php?rest_route=\/wp\/v2\/posts\/115608\/revisions"}],"wp:featuredmedia":[{"embeddable":true,"href":"https:\/\/aconteceunovale.com.br\/portal\/index.php?rest_route=\/wp\/v2\/media\/115609"}],"wp:attachment":[{"href":"https:\/\/aconteceunovale.com.br\/portal\/index.php?rest_route=%2Fwp%2Fv2%2Fmedia&parent=115608"}],"wp:term":[{"taxonomy":"category","embeddable":true,"href":"https:\/\/aconteceunovale.com.br\/portal\/index.php?rest_route=%2Fwp%2Fv2%2Fcategories&post=115608"},{"taxonomy":"post_tag","embeddable":true,"href":"https:\/\/aconteceunovale.com.br\/portal\/index.php?rest_route=%2Fwp%2Fv2%2Ftags&post=115608"}],"curies":[{"name":"wp","href":"https:\/\/api.w.org\/{rel}","templated":true}]}}