{"id":115601,"date":"2017-05-23T21:51:49","date_gmt":"2017-05-23T23:51:49","guid":{"rendered":"http:\/\/aconteceunovale.com.br\/portal\/?p=115601"},"modified":"2017-05-23T21:51:49","modified_gmt":"2017-05-23T23:51:49","slug":"energia-eletrica-ficara-mais-barata-para-consumidores-de-minas-gerais","status":"publish","type":"post","link":"https:\/\/aconteceunovale.com.br\/portal\/?p=115601","title":{"rendered":"Energia el\u00e9trica ficar\u00e1 mais barata para consumidores de Minas Gerais"},"content":{"rendered":"<p>A partir do pr\u00f3ximo domingo, os consumidores residenciais atendidos pela Cemig Distribui\u00e7\u00e3o ter\u00e3o uma redu\u00e7\u00e3o de 6,03% na conta de luz. O percentual foi definido hoje (23\/05\/2017) pela Ag\u00eancia Nacional de Energia El\u00e9trica (Aneel).<\/p>\n<p>Para as ind\u00fastrias, a redu\u00e7\u00e3o na tarifa de energia ser\u00e1 de 21,04%. A Cemig atende 8,2 milh\u00f5es de unidades consumidoras localizadas em 774 munic\u00edpios de Minas Gerais.<\/p>\n<p>Ao calcular o reajuste, conforme estabelecido no contrato de concess\u00e3o, a Aneel considera a varia\u00e7\u00e3o de custos associados \u00e0 presta\u00e7\u00e3o do servi\u00e7o. O c\u00e1lculo leva em conta a aquisi\u00e7\u00e3o e a transmiss\u00e3o de energia el\u00e9trica, bem como os encargos setoriais.<\/p>\n<p>Apesar da redu\u00e7\u00e3o definida hoje pela Aneel, os consumidores devem continuar atentos ao consumo de energia, pois outros fatores podem encarecer a conta de luz, como as bandeiras tarif\u00e1rias. Para o m\u00eas de maio, est\u00e1 em vigor a bandeira tarif\u00e1ria vermelha patamar 1, o que representa um acr\u00e9scimo de R$ 3 para cada 100 quilowatts-hora (kWh) consumidos.<\/p>\n<p><strong>VER PRIMEIRO<\/strong><\/p>\n<p>Receba as not\u00edcias do Aconteceu no Vale em primeira m\u00e3o. Clique em curtir no endere\u00e7o <a href=\"https:\/\/www.facebook.com\/aconteceunovale\" target=\"_blank\"><font color=\"red\">www.facebook.com\/aconteceunovale<\/font><\/a> ou no box abaixo:<\/p>\n<div class=\"fb-like\" data-href=\"https:\/\/www.facebook.com\/aconteceunovale\" data-width=\"120\" data-layout=\"standard\" data-action=\"like\" data-size=\"small\" data-show-faces=\"true\" data-share=\"true\"><\/div>\n<p><\/br><\/p>\n<p><em>(Fonte: Ag\u00eancia Brasil)<\/em><\/p>\n","protected":false},"excerpt":{"rendered":"<p>A partir do pr\u00f3ximo domingo, os consumidores residenciais atendidos pela Cemig Distribui\u00e7\u00e3o ter\u00e3o uma redu\u00e7\u00e3o de 6,03% na conta de luz. O percentual foi definido hoje (23\/05\/2017) pela Ag\u00eancia Nacional de Energia El\u00e9trica (Aneel). Para as ind\u00fastrias, a redu\u00e7\u00e3o na tarifa de energia ser\u00e1 de 21,04%. A Cemig atende 8,2 milh\u00f5es de unidades consumidoras localizadas [&hellip;]<\/p>\n","protected":false},"author":1,"featured_media":80123,"comment_status":"open","ping_status":"closed","sticky":false,"template":"","format":"standard","meta":{"amp_status":"","footnotes":""},"categories":[123],"tags":[26918,150072,347,150069,150073,131,29899,150070,150071],"class_list":["post-115601","post","type-post","status-publish","format-standard","has-post-thumbnail","hentry","category-gerais","tag-aneel","tag-baixa-na-conta-da-cemig","tag-cemig","tag-energia-eletrica-ficara-mais-barata-para-consumidores-de-minas-gerais","tag-energia-eletrica-residencia","tag-minas-gerais","tag-reajuste","tag-reducao-da-conta-da-cemig","tag-reducao-do-valor-da-conta-da-cemig"],"_links":{"self":[{"href":"https:\/\/aconteceunovale.com.br\/portal\/index.php?rest_route=\/wp\/v2\/posts\/115601","targetHints":{"allow":["GET"]}}],"collection":[{"href":"https:\/\/aconteceunovale.com.br\/portal\/index.php?rest_route=\/wp\/v2\/posts"}],"about":[{"href":"https:\/\/aconteceunovale.com.br\/portal\/index.php?rest_route=\/wp\/v2\/types\/post"}],"author":[{"embeddable":true,"href":"https:\/\/aconteceunovale.com.br\/portal\/index.php?rest_route=\/wp\/v2\/users\/1"}],"replies":[{"embeddable":true,"href":"https:\/\/aconteceunovale.com.br\/portal\/index.php?rest_route=%2Fwp%2Fv2%2Fcomments&post=115601"}],"version-history":[{"count":0,"href":"https:\/\/aconteceunovale.com.br\/portal\/index.php?rest_route=\/wp\/v2\/posts\/115601\/revisions"}],"wp:featuredmedia":[{"embeddable":true,"href":"https:\/\/aconteceunovale.com.br\/portal\/index.php?rest_route=\/wp\/v2\/media\/80123"}],"wp:attachment":[{"href":"https:\/\/aconteceunovale.com.br\/portal\/index.php?rest_route=%2Fwp%2Fv2%2Fmedia&parent=115601"}],"wp:term":[{"taxonomy":"category","embeddable":true,"href":"https:\/\/aconteceunovale.com.br\/portal\/index.php?rest_route=%2Fwp%2Fv2%2Fcategories&post=115601"},{"taxonomy":"post_tag","embeddable":true,"href":"https:\/\/aconteceunovale.com.br\/portal\/index.php?rest_route=%2Fwp%2Fv2%2Ftags&post=115601"}],"curies":[{"name":"wp","href":"https:\/\/api.w.org\/{rel}","templated":true}]}}