{"id":115598,"date":"2017-05-23T21:47:46","date_gmt":"2017-05-23T23:47:46","guid":{"rendered":"http:\/\/aconteceunovale.com.br\/portal\/?p=115598"},"modified":"2017-05-23T21:47:46","modified_gmt":"2017-05-23T23:47:46","slug":"fiat-e-chevrolet-comunicam-recalls-de-veiculos","status":"publish","type":"post","link":"https:\/\/aconteceunovale.com.br\/portal\/?p=115598","title":{"rendered":"Fiat e Chevrolet comunicam recalls de ve\u00edculos"},"content":{"rendered":"<p>A General Motors do Brasil (GM) convocou, nesta ter\u00e7a-feira (23), os propriet\u00e1rios dos ve\u00edculos da marca Chevrolet \u00d4nix Joy modelo 2017, com data de fabrica\u00e7\u00e3o entre 27 e 31 de mar\u00e7o de 2017, a agendarem junto a uma concession\u00e1ria da marca a inspe\u00e7\u00e3o e eventual substitui\u00e7\u00e3o dos pneus do ve\u00edculo. A identifica\u00e7\u00e3o dos chassis dos ve\u00edculos envolvidos\u00a0<span style=\"color: #ff0000;\"><a href=\"http:\/\/www.procon.sp.gov.br\/noticia.asp?id=5109\" target=\"_blank\"><span style=\"color: #ff0000;\">podem ser vistos na internet<\/span><\/a><\/span>.<\/p>\n<p>No comunicado, a GM informa sobre a possibilidade de haver danos nas paredes laterais dos pneus ocorridos durante o processo de montagem, com fragiliza\u00e7\u00e3o de sua estrutura. Em consequ\u00eancia deste defeito, pode haver ruptura do pneu, que, com o ve\u00edculo em movimento, pode causar perda do controle, com risco de acidentes e les\u00f5es graves. Para agendamento e informa\u00e7\u00f5es, a Chevrolet disponibiliza o telefone 0800 702 4200 e o\u00a0<span style=\"color: #ff0000;\"><a href=\"http:\/\/www.chevrolet.com.br\/\" target=\"_blank\"><span style=\"color: #ff0000;\">site<\/span><\/a><\/span>.<\/p>\n<p>J\u00e1 a Fiat Chrysler convocou ontem (22) os propriet\u00e1rios dos ve\u00edculos Fiat Bravo, Dobl\u00f2, Dobl\u00f2 Furg\u00e3o, Fiorino, Grand Siena, Idea, Linea, Novo Palio, Palio Fire, Palio Weekend, Siena, Strada e Uno, ano\/modelo 2016 e 2017, todas as vers\u00f5es, para agendarem, a partir desta quarta-feira (24), uma visita a uma das concession\u00e1rias da marca para que seja feita a an\u00e1lise, verifica\u00e7\u00e3o e, se necess\u00e1ria, a substitui\u00e7\u00e3o gratuita do alternador.<\/p>\n<p>\u201cFoi detectado que, na hip\u00f3tese de falha do alternador, poder\u00e1 ocorrer o funcionamento irregular do motor e, em casos extremos, o seu desligamento inesperado, comprometendo as condi\u00e7\u00f5es de dirigibilidade do ve\u00edculo e aumentando o risco de colis\u00e3o, com consequentes danos f\u00edsicos e materiais ao condutor, passageiros e terceiros\u201d, alerta o comunicado da montadora.<\/p>\n<p>Para consulta dos n\u00fameros de chassis envolvidos e\/ou mais informa\u00e7\u00f5es, o consumidor deve entrar em contato com a Central de Servi\u00e7os ao Cliente Fiat, pelo telefone 0800 707 1000 ou pela\u00a0<span style=\"color: #ff0000;\"><a href=\"http:\/\/www.fiat.com.br\/\" target=\"_blank\"><span style=\"color: #ff0000;\">internet<\/span><\/a><\/span>.<\/p>\n<p><strong>VER PRIMEIRO<\/strong><\/p>\n<p>Receba as not\u00edcias do Aconteceu no Vale em primeira m\u00e3o. Clique em curtir no endere\u00e7o <a href=\"https:\/\/www.facebook.com\/aconteceunovale\" target=\"_blank\"><font color=\"red\">www.facebook.com\/aconteceunovale<\/font><\/a> ou no box abaixo:<\/p>\n<div class=\"fb-like\" data-href=\"https:\/\/www.facebook.com\/aconteceunovale\" data-width=\"120\" data-layout=\"standard\" data-action=\"like\" data-size=\"small\" data-show-faces=\"true\" data-share=\"true\"><\/div>\n<p><\/br><\/p>\n<p><em>(Fonte: Ag\u00eancia Brasil)<\/em><\/p>\n","protected":false},"excerpt":{"rendered":"<p>A General Motors do Brasil (GM) convocou, nesta ter\u00e7a-feira (23), os propriet\u00e1rios dos ve\u00edculos da marca Chevrolet \u00d4nix Joy modelo 2017, com data de fabrica\u00e7\u00e3o entre 27 e 31 de mar\u00e7o de 2017, a agendarem junto a uma concession\u00e1ria da marca a inspe\u00e7\u00e3o e eventual substitui\u00e7\u00e3o dos pneus do ve\u00edculo. A identifica\u00e7\u00e3o dos chassis dos [&hellip;]<\/p>\n","protected":false},"author":1,"featured_media":115599,"comment_status":"open","ping_status":"closed","sticky":false,"template":"","format":"standard","meta":{"amp_status":"","footnotes":""},"categories":[6],"tags":[150055,150056,148177,150054,67472,150052,150057,150067,150058,150059,150060,150068,150061,150053,150062,150063,19752,16538,150051,150049,150050,150064,150065,150066,34204],"class_list":["post-115598","post","type-post","status-publish","format-standard","has-post-thumbnail","hentry","category-br","tag-doblo","tag-doblo-furgao","tag-fiat","tag-fiat-bravo","tag-fiat-chrysler","tag-fiat-e-chevrolet-comunicam-recalls-de-veiculos","tag-fiorino","tag-gm","tag-grand-siena","tag-idea","tag-linea","tag-montadoras","tag-novo-palio","tag-onix-joy","tag-palio-fire","tag-palio-weekend","tag-procon","tag-recall","tag-recall-chevrolet","tag-recall-fiat","tag-recall-gm","tag-siena","tag-strada","tag-uno","tag-veiculos"],"_links":{"self":[{"href":"https:\/\/aconteceunovale.com.br\/portal\/index.php?rest_route=\/wp\/v2\/posts\/115598","targetHints":{"allow":["GET"]}}],"collection":[{"href":"https:\/\/aconteceunovale.com.br\/portal\/index.php?rest_route=\/wp\/v2\/posts"}],"about":[{"href":"https:\/\/aconteceunovale.com.br\/portal\/index.php?rest_route=\/wp\/v2\/types\/post"}],"author":[{"embeddable":true,"href":"https:\/\/aconteceunovale.com.br\/portal\/index.php?rest_route=\/wp\/v2\/users\/1"}],"replies":[{"embeddable":true,"href":"https:\/\/aconteceunovale.com.br\/portal\/index.php?rest_route=%2Fwp%2Fv2%2Fcomments&post=115598"}],"version-history":[{"count":0,"href":"https:\/\/aconteceunovale.com.br\/portal\/index.php?rest_route=\/wp\/v2\/posts\/115598\/revisions"}],"wp:featuredmedia":[{"embeddable":true,"href":"https:\/\/aconteceunovale.com.br\/portal\/index.php?rest_route=\/wp\/v2\/media\/115599"}],"wp:attachment":[{"href":"https:\/\/aconteceunovale.com.br\/portal\/index.php?rest_route=%2Fwp%2Fv2%2Fmedia&parent=115598"}],"wp:term":[{"taxonomy":"category","embeddable":true,"href":"https:\/\/aconteceunovale.com.br\/portal\/index.php?rest_route=%2Fwp%2Fv2%2Fcategories&post=115598"},{"taxonomy":"post_tag","embeddable":true,"href":"https:\/\/aconteceunovale.com.br\/portal\/index.php?rest_route=%2Fwp%2Fv2%2Ftags&post=115598"}],"curies":[{"name":"wp","href":"https:\/\/api.w.org\/{rel}","templated":true}]}}