{"id":115595,"date":"2017-05-23T21:31:22","date_gmt":"2017-05-23T23:31:22","guid":{"rendered":"http:\/\/aconteceunovale.com.br\/portal\/?p=115595"},"modified":"2017-05-23T21:31:22","modified_gmt":"2017-05-23T23:31:22","slug":"detento-e-estuprado-por-sete-colegas-de-cela-em-juiz-de-fora","status":"publish","type":"post","link":"https:\/\/aconteceunovale.com.br\/portal\/?p=115595","title":{"rendered":"Detento \u00e9 estuprado por sete colegas de cela em Juiz de Fora"},"content":{"rendered":"<p>Um detento do Ceresp (Centro de Remanejamento do Sistema Prisional) de Juiz de Fora, na Zona da Mata mineira, denunciou ter sido estuprado por sete colegas de cela, dentro da unidade. O jovem, de 22 anos, procurou agentes penitenci\u00e1rios, na noite desta segunda-feira (22\/05\/2017), relatando os abusos, que foram confirmados por exames m\u00e9dicos.<\/p>\n<p>Ap\u00f3s relatar o caso aos guardas, A.M.F.N foi encaminhado para atendimento junto \u00e0 equipe m\u00e9dica do pres\u00eddio. O rapaz contou os abusos j\u00e1 aconteciam h\u00e1 dias e que o \u00faltimo foi na noite s\u00e1bado (20). Segundo o jovem, em um dos ataques, os sete suspeitos, que t\u00eam idades entre 19 e 40 anos, teriam mobilizado ele e desenhado \u00f3rg\u00e3os genitais no corpo dele. O rapaz contou que estava sendo amea\u00e7ado de morte para n\u00e3o delatar os suspeitos.<\/p>\n<p>A.M.F.N foi levado para o hospital de Pronto Socorro da cidade, onde foi confirmada acera\u00e7\u00e3o anal. A v\u00edtima indicou aos agentes todos os supostos respons\u00e1veis pelos abusos. A Seap (Secretaria de Administra\u00e7\u00e3o Prisional) informou que foi instaurado um procedimento administrativo para apurar o caso. J\u00e1 as investiga\u00e7\u00f5es criminais s\u00e3o conduzidas pela Pol\u00edcia Civil.<\/p>\n<p><img decoding=\"async\" src=\"http:\/\/aconteceunovale.com.br\/portal\/wp-content\/uploads\/2017\/05\/ceresp_jf.jpg\" alt=\"\" \/><em>Caso aconteceu no Ceresp de Juiz de Fora (Foto: Reprodu\u00e7\u00e3o\/TV Integra\u00e7\u00e3o)<\/em><br \/>\n<\/br><\/p>\n<p><strong>VER PRIMEIRO<\/strong><\/p>\n<p>Receba as not\u00edcias do Aconteceu no Vale em primeira m\u00e3o. Clique em curtir no endere\u00e7o <a href=\"https:\/\/www.facebook.com\/aconteceunovale\" target=\"_blank\"><font color=\"red\">www.facebook.com\/aconteceunovale<\/font><\/a> ou no box abaixo:<\/p>\n<div class=\"fb-like\" data-href=\"https:\/\/www.facebook.com\/aconteceunovale\" data-width=\"120\" data-layout=\"standard\" data-action=\"like\" data-size=\"small\" data-show-faces=\"true\" data-share=\"true\"><\/div>\n<p><\/br><\/p>\n<p><em>(Fonte: R7 em Minas Gerais)<\/em><\/p>\n","protected":false},"excerpt":{"rendered":"<p>Um detento do Ceresp (Centro de Remanejamento do Sistema Prisional) de Juiz de Fora, na Zona da Mata mineira, denunciou ter sido estuprado por sete colegas de cela, dentro da unidade. O jovem, de 22 anos, procurou agentes penitenci\u00e1rios, na noite desta segunda-feira (22\/05\/2017), relatando os abusos, que foram confirmados por exames m\u00e9dicos. Ap\u00f3s relatar [&hellip;]<\/p>\n","protected":false},"author":1,"featured_media":115596,"comment_status":"open","ping_status":"closed","sticky":false,"template":"","format":"standard","meta":{"amp_status":"","footnotes":""},"categories":[123],"tags":[62754,150044,150047,150046,150045,101974,206,150048],"class_list":["post-115595","post","type-post","status-publish","format-standard","has-post-thumbnail","hentry","category-gerais","tag-ceresp-de-juiz-de-fora","tag-detento-e-estuprado-por-sete-colegas-de-cela-em-juiz-de-fora","tag-detento-estuprado-em-juiz-de-fora","tag-estuprado-no-ceresp-de-juiz-de-fora","tag-estupro-ceresp-juiz-de-fora","tag-estupro-juiz-de-fora","tag-juiz-de-fora","tag-preso-estuprado-em-juiz-de-fora"],"_links":{"self":[{"href":"https:\/\/aconteceunovale.com.br\/portal\/index.php?rest_route=\/wp\/v2\/posts\/115595","targetHints":{"allow":["GET"]}}],"collection":[{"href":"https:\/\/aconteceunovale.com.br\/portal\/index.php?rest_route=\/wp\/v2\/posts"}],"about":[{"href":"https:\/\/aconteceunovale.com.br\/portal\/index.php?rest_route=\/wp\/v2\/types\/post"}],"author":[{"embeddable":true,"href":"https:\/\/aconteceunovale.com.br\/portal\/index.php?rest_route=\/wp\/v2\/users\/1"}],"replies":[{"embeddable":true,"href":"https:\/\/aconteceunovale.com.br\/portal\/index.php?rest_route=%2Fwp%2Fv2%2Fcomments&post=115595"}],"version-history":[{"count":0,"href":"https:\/\/aconteceunovale.com.br\/portal\/index.php?rest_route=\/wp\/v2\/posts\/115595\/revisions"}],"wp:featuredmedia":[{"embeddable":true,"href":"https:\/\/aconteceunovale.com.br\/portal\/index.php?rest_route=\/wp\/v2\/media\/115596"}],"wp:attachment":[{"href":"https:\/\/aconteceunovale.com.br\/portal\/index.php?rest_route=%2Fwp%2Fv2%2Fmedia&parent=115595"}],"wp:term":[{"taxonomy":"category","embeddable":true,"href":"https:\/\/aconteceunovale.com.br\/portal\/index.php?rest_route=%2Fwp%2Fv2%2Fcategories&post=115595"},{"taxonomy":"post_tag","embeddable":true,"href":"https:\/\/aconteceunovale.com.br\/portal\/index.php?rest_route=%2Fwp%2Fv2%2Ftags&post=115595"}],"curies":[{"name":"wp","href":"https:\/\/api.w.org\/{rel}","templated":true}]}}