{"id":115593,"date":"2017-05-23T20:56:14","date_gmt":"2017-05-23T22:56:14","guid":{"rendered":"http:\/\/aconteceunovale.com.br\/portal\/?p=115593"},"modified":"2017-05-23T20:56:14","modified_gmt":"2017-05-23T22:56:14","slug":"governo-de-minas-gerais-nomeia-mais-1-493-servidores-para-educacao","status":"publish","type":"post","link":"https:\/\/aconteceunovale.com.br\/portal\/?p=115593","title":{"rendered":"Governo de Minas Gerais nomeia mais 1.493 servidores para Educa\u00e7\u00e3o"},"content":{"rendered":"<p>O Governo do Estado publicou, nesta ter\u00e7a-feira (23\/5), no\u00a0Di\u00e1rio Oficial Minas Gerais, mais uma lista com a nomea\u00e7\u00e3o de 1.493\u00a0servidores para a\u00a0Educa\u00e7\u00e3o, totalizando, com isso, cerca de 8.000 novos profissionais nomeados somente neste ano.<\/p>\n<p>A lista contempla professores de Ensino Religioso do edital SEE\/Seplag n\u00ba 02\/2014; professores regentes de turmas (anos iniciais do ensino fundamental) e regentes de aulas (professores de disciplinas) do edital SEE\/Seplag n\u00ba 04\/2014, em todas as 47 Superintend\u00eancias Regionais de Ensino (SREs).<\/p>\n<p>Com essa nova listagem, o n\u00famero de servidores nomeados desde o in\u00edcio da gest\u00e3o do governador Fernando Pimentel chega a 45.051 \u2013 em 2015 e 2016 foram nomeados 37.051 novos servidores.<\/p>\n<p>J\u00e1 em janeiro deste ano, foram 2.500 professores nomeados para atuarem nos anos iniciais do ensino fundamental do edital SEE\/Seplag n\u00ba 01\/2011, que teve sua vig\u00eancia encerrada no dia 30 de janeiro; em mar\u00e7o, o Governo nomeou mais 1.500 professores do Edital SEE\/Seplag n\u00ba 04\/2014. E em abril, foram outras 2.500 nomea\u00e7\u00f5es dos Editais SEE\/Seplag n\u00ba 02 e 03\/2014.<\/p>\n<p><span style=\"color: #ff0000;\"><a href=\"http:\/\/jornal.iof.mg.gov.br\/xmlui\/handle\/123456789\/182673\" target=\"_blank\"><span style=\"color: #ff0000;\">Confira aqui a lista de servidores nomeados<\/span><\/a><\/span>.<\/p>\n<h3>Exames<\/h3>\n<p>Uma vez publicada a nomea\u00e7\u00e3o, o aprovado deve submeter-se a exame m\u00e9dico pr\u00e9-admissional, a ser realizado pela Superintend\u00eancia Central de Per\u00edcia M\u00e9dica e Sa\u00fade Ocupacional (SCPMSO) da\u00a0Secretaria de Estado de Planejamento e Gest\u00e3o (Seplag), nas datas e hor\u00e1rios que ser\u00e3o publicados no site da Seplag. Ap\u00f3s a per\u00edcia, os aprovados t\u00eam 30 dias para tomar posse.<\/p>\n<p><strong>VER PRIMEIRO<\/strong><\/p>\n<p>Receba as not\u00edcias do Aconteceu no Vale em primeira m\u00e3o. Clique em curtir no endere\u00e7o <a href=\"https:\/\/www.facebook.com\/aconteceunovale\" target=\"_blank\"><font color=\"red\">www.facebook.com\/aconteceunovale<\/font><\/a> ou no box abaixo:<\/p>\n<div class=\"fb-like\" data-href=\"https:\/\/www.facebook.com\/aconteceunovale\" data-width=\"120\" data-layout=\"standard\" data-action=\"like\" data-size=\"small\" data-show-faces=\"true\" data-share=\"true\"><\/div>\n<p><\/br><\/p>\n<p><em>(Fonte: Ag\u00eancia Minas)<\/em><\/p>\n","protected":false},"excerpt":{"rendered":"<p>O Governo do Estado publicou, nesta ter\u00e7a-feira (23\/5), no\u00a0Di\u00e1rio Oficial Minas Gerais, mais uma lista com a nomea\u00e7\u00e3o de 1.493\u00a0servidores para a\u00a0Educa\u00e7\u00e3o, totalizando, com isso, cerca de 8.000 novos profissionais nomeados somente neste ano. A lista contempla professores de Ensino Religioso do edital SEE\/Seplag n\u00ba 02\/2014; professores regentes de turmas (anos iniciais do ensino fundamental) [&hellip;]<\/p>\n","protected":false},"author":1,"featured_media":69034,"comment_status":"open","ping_status":"closed","sticky":false,"template":"","format":"standard","meta":{"amp_status":"","footnotes":""},"categories":[40238,123],"tags":[142369,142368,142363,150043,131,142364,43418,142365,94800,142366,142367,142370],"class_list":["post-115593","post","type-post","status-publish","format-standard","has-post-thumbnail","hentry","category-educacao-2","category-gerais","tag-ensino-fundamental-minas-gerais","tag-ensino-medio-minas-gerais","tag-estado-nomeia-mais-1-500-professores-para-atuarem-nos-anos-finais-do-ensino-fundamental-e-no-ensino-medio","tag-governo-de-minas-gerais-nomeia-mais-1-493-servidores-para-educacao","tag-minas-gerais","tag-nomeacao-de-professores-em-mg","tag-nomeacao-de-professores-em-minas-gerais","tag-professores-nomeados-em-mg","tag-professores-nomeados-em-minas-gerais","tag-professores-nomeados-para-o-ensino-fundamental-em-minas","tag-professores-nomeados-para-o-ensino-medio-em-minas-gerais","tag-rede-estadual-de-ensino-em-minas-gerais"],"_links":{"self":[{"href":"https:\/\/aconteceunovale.com.br\/portal\/index.php?rest_route=\/wp\/v2\/posts\/115593","targetHints":{"allow":["GET"]}}],"collection":[{"href":"https:\/\/aconteceunovale.com.br\/portal\/index.php?rest_route=\/wp\/v2\/posts"}],"about":[{"href":"https:\/\/aconteceunovale.com.br\/portal\/index.php?rest_route=\/wp\/v2\/types\/post"}],"author":[{"embeddable":true,"href":"https:\/\/aconteceunovale.com.br\/portal\/index.php?rest_route=\/wp\/v2\/users\/1"}],"replies":[{"embeddable":true,"href":"https:\/\/aconteceunovale.com.br\/portal\/index.php?rest_route=%2Fwp%2Fv2%2Fcomments&post=115593"}],"version-history":[{"count":0,"href":"https:\/\/aconteceunovale.com.br\/portal\/index.php?rest_route=\/wp\/v2\/posts\/115593\/revisions"}],"wp:featuredmedia":[{"embeddable":true,"href":"https:\/\/aconteceunovale.com.br\/portal\/index.php?rest_route=\/wp\/v2\/media\/69034"}],"wp:attachment":[{"href":"https:\/\/aconteceunovale.com.br\/portal\/index.php?rest_route=%2Fwp%2Fv2%2Fmedia&parent=115593"}],"wp:term":[{"taxonomy":"category","embeddable":true,"href":"https:\/\/aconteceunovale.com.br\/portal\/index.php?rest_route=%2Fwp%2Fv2%2Fcategories&post=115593"},{"taxonomy":"post_tag","embeddable":true,"href":"https:\/\/aconteceunovale.com.br\/portal\/index.php?rest_route=%2Fwp%2Fv2%2Ftags&post=115593"}],"curies":[{"name":"wp","href":"https:\/\/api.w.org\/{rel}","templated":true}]}}