{"id":115556,"date":"2017-05-23T00:15:02","date_gmt":"2017-05-23T02:15:02","guid":{"rendered":"http:\/\/aconteceunovale.com.br\/portal\/?p=115556"},"modified":"2017-05-23T00:15:02","modified_gmt":"2017-05-23T02:15:02","slug":"fabio-schvartsman-e-o-novo-diretor-presidente-da-vale","status":"publish","type":"post","link":"https:\/\/aconteceunovale.com.br\/portal\/?p=115556","title":{"rendered":"Fabio Schvartsman \u00e9 o novo diretor-presidente da Vale"},"content":{"rendered":"<p>O executivo Fabio Schvartsman tomou posse nesta segunda-feira (22\/05) como novo diretor-executivo da Vale. Ele tem 63 anos, \u00e9 graduado e p\u00f3s-graduado em Engenharia de Produ\u00e7\u00e3o pela Universidade Polit\u00e9cnica de S\u00e3o Paulo e p\u00f3s-graduado em Administra\u00e7\u00e3o de Empresas pela Funda\u00e7\u00e3o Get\u00falio Vargas.<\/p>\n<p>Segundo a empresa, ele foi eleito pelo Conselho de Administra\u00e7\u00e3o a partir de uma lista preparada por empresa internacional de sele\u00e7\u00e3o de executivos em conformidade com as normas e governan\u00e7a da companhia. Schvartsman assume o cargo no lugar de Murilo Ferreira, que presidiu a empresa por seis anos.<\/p>\n<p><img decoding=\"async\" src=\"http:\/\/aconteceunovale.com.br\/portal\/wp-content\/uploads\/2017\/05\/diretor-vale.jpeg\" alt=\"\" \/><em>Schvartsman assume o cargo no lugar de Murilo Ferreira (Foto: Divulga\u00e7\u00e3o\/Governo do Paran\u00e1)<\/em><br \/>\n<\/br><\/p>\n<p><strong>VER PRIMEIRO<\/strong><\/p>\n<p>Receba as not\u00edcias do Aconteceu no Vale em primeira m\u00e3o. Clique em curtir no endere\u00e7o <a href=\"https:\/\/www.facebook.com\/aconteceunovale\" target=\"_blank\"><font color=\"red\">www.facebook.com\/aconteceunovale<\/font><\/a> ou no box abaixo:<\/p>\n<div class=\"fb-like\" data-href=\"https:\/\/www.facebook.com\/aconteceunovale\" data-width=\"120\" data-layout=\"standard\" data-action=\"like\" data-size=\"small\" data-show-faces=\"true\" data-share=\"true\"><\/div>\n<p><\/br><\/p>\n<p><em>(Fonte: Portal Brasil)<\/em><\/p>\n","protected":false},"excerpt":{"rendered":"<p>O executivo Fabio Schvartsman tomou posse nesta segunda-feira (22\/05) como novo diretor-executivo da Vale. Ele tem 63 anos, \u00e9 graduado e p\u00f3s-graduado em Engenharia de Produ\u00e7\u00e3o pela Universidade Polit\u00e9cnica de S\u00e3o Paulo e p\u00f3s-graduado em Administra\u00e7\u00e3o de Empresas pela Funda\u00e7\u00e3o Get\u00falio Vargas. Segundo a empresa, ele foi eleito pelo Conselho de Administra\u00e7\u00e3o a partir de [&hellip;]<\/p>\n","protected":false},"author":1,"featured_media":115558,"comment_status":"open","ping_status":"closed","sticky":false,"template":"","format":"standard","meta":{"amp_status":"","footnotes":""},"categories":[6,123],"tags":[149979,149977,116249,36793,149978,149980,2910],"class_list":["post-115556","post","type-post","status-publish","format-standard","has-post-thumbnail","hentry","category-br","category-gerais","tag-fabio-schvartsman","tag-fabio-schvartsman-e-o-novo-diretor-presidente-da-vale","tag-logistica","tag-mineracao","tag-novo-diretor-presidente-da-vale","tag-schvartsman-assume-o-cargo-no-lugar-de-murilo-ferreira","tag-vale"],"_links":{"self":[{"href":"https:\/\/aconteceunovale.com.br\/portal\/index.php?rest_route=\/wp\/v2\/posts\/115556","targetHints":{"allow":["GET"]}}],"collection":[{"href":"https:\/\/aconteceunovale.com.br\/portal\/index.php?rest_route=\/wp\/v2\/posts"}],"about":[{"href":"https:\/\/aconteceunovale.com.br\/portal\/index.php?rest_route=\/wp\/v2\/types\/post"}],"author":[{"embeddable":true,"href":"https:\/\/aconteceunovale.com.br\/portal\/index.php?rest_route=\/wp\/v2\/users\/1"}],"replies":[{"embeddable":true,"href":"https:\/\/aconteceunovale.com.br\/portal\/index.php?rest_route=%2Fwp%2Fv2%2Fcomments&post=115556"}],"version-history":[{"count":0,"href":"https:\/\/aconteceunovale.com.br\/portal\/index.php?rest_route=\/wp\/v2\/posts\/115556\/revisions"}],"wp:featuredmedia":[{"embeddable":true,"href":"https:\/\/aconteceunovale.com.br\/portal\/index.php?rest_route=\/wp\/v2\/media\/115558"}],"wp:attachment":[{"href":"https:\/\/aconteceunovale.com.br\/portal\/index.php?rest_route=%2Fwp%2Fv2%2Fmedia&parent=115556"}],"wp:term":[{"taxonomy":"category","embeddable":true,"href":"https:\/\/aconteceunovale.com.br\/portal\/index.php?rest_route=%2Fwp%2Fv2%2Fcategories&post=115556"},{"taxonomy":"post_tag","embeddable":true,"href":"https:\/\/aconteceunovale.com.br\/portal\/index.php?rest_route=%2Fwp%2Fv2%2Ftags&post=115556"}],"curies":[{"name":"wp","href":"https:\/\/api.w.org\/{rel}","templated":true}]}}