{"id":115551,"date":"2017-05-23T00:06:28","date_gmt":"2017-05-23T02:06:28","guid":{"rendered":"http:\/\/aconteceunovale.com.br\/portal\/?p=115551"},"modified":"2017-05-23T00:06:28","modified_gmt":"2017-05-23T02:06:28","slug":"situacao-de-emergencia-em-padre-carvalho-e-reconhecida-por-governo-federal","status":"publish","type":"post","link":"https:\/\/aconteceunovale.com.br\/portal\/?p=115551","title":{"rendered":"Situa\u00e7\u00e3o de emerg\u00eancia em Padre Carvalho \u00e9 reconhecida por Governo Federal"},"content":{"rendered":"<p>O Minist\u00e9rio da Integra\u00e7\u00e3o Nacional publicou, no\u00a0<em>Di\u00e1rio Oficial<\/em>\u00a0da Uni\u00e3o desta segunda-feira (22\/05\/2017), o reconhecimento de situa\u00e7\u00e3o de emerg\u00eancia de seis munic\u00edpios dos estados do Amazonas, Par\u00e1, Cear\u00e1, Bahia e Minas Gerais,\u00a0atingidos por desastres naturais.<\/p>\n<p>A medida vai permitir que as prefeituras solicitem o apoio do governo federal para a\u00e7\u00f5es de socorro, assist\u00eancia, restabelecimento de servi\u00e7os essenciais e recupera\u00e7\u00e3o de danos.<\/p>\n<p>Dentre as cidades que passam a integrar a lista de reconhecimentos em decorr\u00eancia de chuvas intensas e inunda\u00e7\u00f5es est\u00e3o Rio Preto da Eva e Juru\u00e1, no Amazonas, e Porto de Moz, no Par\u00e1. J\u00e1 Caetit\u00e9, na Bahia, Piquet Carneiro, no Cear\u00e1, e Padre Carvalho, em Minas Gerais, foram afetadas pelo extenso per\u00edodo de seca e estiagem. A portaria tem vig\u00eancia por 180 dias.<\/p>\n<p><strong>Santa Catarina<\/strong><\/p>\n<p>O minist\u00e9rio tamb\u00e9m autorizou o repasse de R$ 1,536 milh\u00e3o para obras em estruturas p\u00fablicas danificadas pelas chuvas intensas no munic\u00edpio de Bombinhas (SC). Os recursos ser\u00e3o aplicados na reconstru\u00e7\u00e3o de ponte de concreto, muro de conten\u00e7\u00e3o, estabiliza\u00e7\u00e3o de margens fluviais e de encostas.<\/p>\n<p>O prazo para execu\u00e7\u00e3o das obras \u00e9 de 365 dias. Todas as a\u00e7\u00f5es ser\u00e3o realizadas com investimentos da Secretaria Nacional de Prote\u00e7\u00e3o e Defesa Civil (Sedec), do Minist\u00e9rio da Integra\u00e7\u00e3o.<\/p>\n<p><strong>VER PRIMEIRO<\/strong><\/p>\n<p>Receba as not\u00edcias do Aconteceu no Vale em primeira m\u00e3o. Clique em curtir no endere\u00e7o <a href=\"https:\/\/www.facebook.com\/aconteceunovale\" target=\"_blank\"><font color=\"red\">www.facebook.com\/aconteceunovale<\/font><\/a> ou no box abaixo:<\/p>\n<div class=\"fb-like\" data-href=\"https:\/\/www.facebook.com\/aconteceunovale\" data-width=\"120\" data-layout=\"standard\" data-action=\"like\" data-size=\"small\" data-show-faces=\"true\" data-share=\"true\"><\/div>\n<p><\/br><\/p>\n<p><em>(Fonte: Portal Brasil)<\/em><\/p>\n","protected":false},"excerpt":{"rendered":"<p>O Minist\u00e9rio da Integra\u00e7\u00e3o Nacional publicou, no\u00a0Di\u00e1rio Oficial\u00a0da Uni\u00e3o desta segunda-feira (22\/05\/2017), o reconhecimento de situa\u00e7\u00e3o de emerg\u00eancia de seis munic\u00edpios dos estados do Amazonas, Par\u00e1, Cear\u00e1, Bahia e Minas Gerais,\u00a0atingidos por desastres naturais. A medida vai permitir que as prefeituras solicitem o apoio do governo federal para a\u00e7\u00f5es de socorro, assist\u00eancia, restabelecimento de servi\u00e7os [&hellip;]<\/p>\n","protected":false},"author":1,"featured_media":21209,"comment_status":"open","ping_status":"closed","sticky":false,"template":"","format":"standard","meta":{"amp_status":"","footnotes":""},"categories":[6,1236],"tags":[15952,2379,11469,1191,97776,131,132847,877,15362,29078,1372,149968,149967],"class_list":["post-115551","post","type-post","status-publish","format-standard","has-post-thumbnail","hentry","category-br","category-norte_de_minas","tag-amazonas","tag-bahia","tag-ceara","tag-chuvas","tag-desastres-naturais","tag-minas-gerais","tag-obras","tag-padre-carvalho","tag-para","tag-prefeituras","tag-situacao-de-emergencia","tag-situacao-de-emergencia-em-padre-carvalho","tag-situacao-de-emergencia-em-padre-carvalho-e-reconhecida-por-governo-federal"],"_links":{"self":[{"href":"https:\/\/aconteceunovale.com.br\/portal\/index.php?rest_route=\/wp\/v2\/posts\/115551","targetHints":{"allow":["GET"]}}],"collection":[{"href":"https:\/\/aconteceunovale.com.br\/portal\/index.php?rest_route=\/wp\/v2\/posts"}],"about":[{"href":"https:\/\/aconteceunovale.com.br\/portal\/index.php?rest_route=\/wp\/v2\/types\/post"}],"author":[{"embeddable":true,"href":"https:\/\/aconteceunovale.com.br\/portal\/index.php?rest_route=\/wp\/v2\/users\/1"}],"replies":[{"embeddable":true,"href":"https:\/\/aconteceunovale.com.br\/portal\/index.php?rest_route=%2Fwp%2Fv2%2Fcomments&post=115551"}],"version-history":[{"count":0,"href":"https:\/\/aconteceunovale.com.br\/portal\/index.php?rest_route=\/wp\/v2\/posts\/115551\/revisions"}],"wp:featuredmedia":[{"embeddable":true,"href":"https:\/\/aconteceunovale.com.br\/portal\/index.php?rest_route=\/wp\/v2\/media\/21209"}],"wp:attachment":[{"href":"https:\/\/aconteceunovale.com.br\/portal\/index.php?rest_route=%2Fwp%2Fv2%2Fmedia&parent=115551"}],"wp:term":[{"taxonomy":"category","embeddable":true,"href":"https:\/\/aconteceunovale.com.br\/portal\/index.php?rest_route=%2Fwp%2Fv2%2Fcategories&post=115551"},{"taxonomy":"post_tag","embeddable":true,"href":"https:\/\/aconteceunovale.com.br\/portal\/index.php?rest_route=%2Fwp%2Fv2%2Ftags&post=115551"}],"curies":[{"name":"wp","href":"https:\/\/api.w.org\/{rel}","templated":true}]}}