{"id":115543,"date":"2017-05-22T23:54:32","date_gmt":"2017-05-23T01:54:32","guid":{"rendered":"http:\/\/aconteceunovale.com.br\/portal\/?p=115543"},"modified":"2017-05-22T23:54:32","modified_gmt":"2017-05-23T01:54:32","slug":"colisao-entre-onibus-e-moto-deixa-dois-feridos-em-capelinha","status":"publish","type":"post","link":"https:\/\/aconteceunovale.com.br\/portal\/?p=115543","title":{"rendered":"Colis\u00e3o entre \u00f4nibus e moto deixa dois feridos em Capelinha"},"content":{"rendered":"<p>Duas pessoas ficaram feridas em um acidente na noite desta segunda-feira (22\/05) em Capelinha (MG). Informa\u00e7\u00f5es iniciais da Pol\u00edcia Militar (PM) indicam que um \u00f4nibus subia a Rua Rio Branco e ao fazer uma convers\u00e3o para Carlos Prates, atingiu uma motocicleta que seguia na mesma dire\u00e7\u00e3o. <\/p>\n<p>Com o impacto, o passageiro e o condutor da motocicleta ficaram feridos. Eles foram socorridos por uma equipe do Servi\u00e7o de Atendimento M\u00f3vel de Urg\u00eancia (SAMU) e encaminhados ao Hospital S\u00e3o Vicente de Paulo. Ap\u00f3s avalia\u00e7\u00e3o m\u00e9dica, as v\u00edtimas foram liberadas.<\/p>\n<p>Policiais militares compareceram ao local e isolaram a \u00e1rea para o trabalho da per\u00edcia. As causas do acidente ser\u00e3o apuradas.<\/p>\n<p><img decoding=\"async\" src=\"http:\/\/aconteceunovale.com.br\/portal\/wp-content\/uploads\/2017\/05\/acidente_rio_branco_capelinha_1.jpg\" alt=\"\" \/><em>Acidente aconteceu na rua Rio Branco (Foto: Enviada para o WhatsApp do Aconteceu no Vale)<\/em><br \/>\n<\/br><\/p>\n<p><img decoding=\"async\" src=\"http:\/\/aconteceunovale.com.br\/portal\/wp-content\/uploads\/2017\/05\/acidente_rio_branco_capelinha_2.jpg\" alt=\"\" \/><em>V\u00edtimas foram socorridas pelo Samu (Foto: Enviada para o WhatsApp do Aconteceu no Vale)<\/em><br \/>\n<\/br><\/p>\n<p><strong>VER PRIMEIRO<\/strong><\/p>\n<p>Receba as not\u00edcias do Aconteceu no Vale em primeira m\u00e3o. Clique em curtir no endere\u00e7o <a href=\"https:\/\/www.facebook.com\/aconteceunovale\" target=\"_blank\"><font color=\"red\">www.facebook.com\/aconteceunovale<\/font><\/a> ou no box abaixo:<\/p>\n<div class=\"fb-like\" data-href=\"https:\/\/www.facebook.com\/aconteceunovale\" data-width=\"120\" data-layout=\"standard\" data-action=\"like\" data-size=\"small\" data-show-faces=\"true\" data-share=\"true\"><\/div>\n<p><\/br><\/p>\n","protected":false},"excerpt":{"rendered":"<p>Duas pessoas ficaram feridas em um acidente na noite desta segunda-feira (22\/05) em Capelinha (MG). Informa\u00e7\u00f5es iniciais da Pol\u00edcia Militar (PM) indicam que um \u00f4nibus subia a Rua Rio Branco e ao fazer uma convers\u00e3o para Carlos Prates, atingiu uma motocicleta que seguia na mesma dire\u00e7\u00e3o. Com o impacto, o passageiro e o condutor da [&hellip;]<\/p>\n","protected":false},"author":1,"featured_media":115544,"comment_status":"open","ping_status":"closed","sticky":false,"template":"","format":"standard","meta":{"amp_status":"","footnotes":""},"categories":[120],"tags":[149959,149958,4598,149957,149956,132,149955],"class_list":["post-115543","post","type-post","status-publish","format-standard","has-post-thumbnail","hentry","category-jequi","tag-acidente-com-moto-em-capelinha","tag-acidente-com-onibus-em-capelinha","tag-acidente-em-capelinha","tag-acidente-entre-moto-e-onibus-em-capelinha","tag-acidente-na-rua-rio-branco-em-capelinha","tag-capelinha","tag-colisao-entre-onibus-e-moto-deixa-dois-feridos-em-capelinha"],"_links":{"self":[{"href":"https:\/\/aconteceunovale.com.br\/portal\/index.php?rest_route=\/wp\/v2\/posts\/115543","targetHints":{"allow":["GET"]}}],"collection":[{"href":"https:\/\/aconteceunovale.com.br\/portal\/index.php?rest_route=\/wp\/v2\/posts"}],"about":[{"href":"https:\/\/aconteceunovale.com.br\/portal\/index.php?rest_route=\/wp\/v2\/types\/post"}],"author":[{"embeddable":true,"href":"https:\/\/aconteceunovale.com.br\/portal\/index.php?rest_route=\/wp\/v2\/users\/1"}],"replies":[{"embeddable":true,"href":"https:\/\/aconteceunovale.com.br\/portal\/index.php?rest_route=%2Fwp%2Fv2%2Fcomments&post=115543"}],"version-history":[{"count":0,"href":"https:\/\/aconteceunovale.com.br\/portal\/index.php?rest_route=\/wp\/v2\/posts\/115543\/revisions"}],"wp:featuredmedia":[{"embeddable":true,"href":"https:\/\/aconteceunovale.com.br\/portal\/index.php?rest_route=\/wp\/v2\/media\/115544"}],"wp:attachment":[{"href":"https:\/\/aconteceunovale.com.br\/portal\/index.php?rest_route=%2Fwp%2Fv2%2Fmedia&parent=115543"}],"wp:term":[{"taxonomy":"category","embeddable":true,"href":"https:\/\/aconteceunovale.com.br\/portal\/index.php?rest_route=%2Fwp%2Fv2%2Fcategories&post=115543"},{"taxonomy":"post_tag","embeddable":true,"href":"https:\/\/aconteceunovale.com.br\/portal\/index.php?rest_route=%2Fwp%2Fv2%2Ftags&post=115543"}],"curies":[{"name":"wp","href":"https:\/\/api.w.org\/{rel}","templated":true}]}}