{"id":115533,"date":"2017-05-22T22:51:05","date_gmt":"2017-05-23T00:51:05","guid":{"rendered":"http:\/\/aconteceunovale.com.br\/portal\/?p=115533"},"modified":"2017-05-22T22:51:05","modified_gmt":"2017-05-23T00:51:05","slug":"procurador-geral-da-republica-recorre-ao-stf-contra-decisao-que-negou-prisao-de-aecio-e-loures","status":"publish","type":"post","link":"https:\/\/aconteceunovale.com.br\/portal\/?p=115533","title":{"rendered":"Procurador-geral da Rep\u00fablica recorre ao STF contra decis\u00e3o que negou pris\u00e3o de A\u00e9cio e Loures"},"content":{"rendered":"<p>O procurador-geral da Rep\u00fablica, Rodrigo Janot, apresentou hoje (22\/05\/2017) recurso para o plen\u00e1rio do Supremo Tribunal Federal (STF) para defender a pris\u00e3o preventiva do senador afastado A\u00e9cio Neves (PSDB-MG) e do deputado federal licenciado Rodrigo Rocha Loures (PMDB-PR). Na semana passada, o ministro Edson Fachin rejeitou individualmente o pedido de pris\u00e3o e aceitou apenas o afastamento dos parlamentares do mandato. As acusa\u00e7\u00f5es est\u00e3o baseadas nas informa\u00e7\u00f5es prestadas no acordo de dela\u00e7\u00e3o premiada dos executivos da empresa JBS.<\/p>\n<p>No recurso, Janot afirma que a pris\u00e3o de A\u00e9cio e de Loures \u00e9 \u201cimprescind\u00edvel para a garantia da ordem p\u00fablica e da instru\u00e7\u00e3o criminal\u201d.  O procurador justifica que h\u00e1 no inqu\u00e9rito aberto pelo Supremo escutas telef\u00f4nicas e outras provas que demonstram que ambos atuam para obstruir as investiga\u00e7\u00f5es da Opera\u00e7\u00e3o Lava Jato.<\/p>\n<p>\u201cEm virtude dos grav\u00edssimos fatos expostos, o procurador-geral da Rep\u00fablica requer a reconsidera\u00e7\u00e3o parcial, que indeferiu o pedido de pris\u00e3o preventiva decorrente do flagrante por crime inafian\u00e7\u00e1vel\u201d, argumenta Janot.<\/p>\n<p>Em depoimento de dela\u00e7\u00e3o premiada homologado pelo STF, o empres\u00e1rio Joesley Batista disse que pagou este ano R$ 2 milh\u00f5es em propina a A\u00e9cio Neves, a fim de que ele atuasse em favor da aprova\u00e7\u00e3o da Lei de Abuso de Autoridade e anistia ao caixa 2 em campanhas eleitorais. Nos depoimentos de dela\u00e7\u00e3o, os donos da JBS afirmam que Rocha Loures recebeu R$ 500 mil para interceder em assuntos de interesse do grupo.<\/p>\n<p>O dinheiro teria sido entregue a um primo de A\u00e9cio, Frederico Pacheco de Medeiros, que foi preso quinta-feira (18). A entrega foi registrada em v\u00eddeo pela PF, que rastreou o caminho do dinheiro e descobriu que o montante foi depositado na conta de uma empresa do senador Zez\u00e9 Perrella (PMDB-MG).<\/p>\n<p>A defesa de A\u00e9cio informou em nota que, com rela\u00e7\u00e3o ao pedido da PGR, aguarda ser intimada para apresentar seus argumentos, &#8220;oportunidade em que demonstrar\u00e1 a impropriedade e descabimento do pedido ministerial&#8221;. Os advogados reiteraram ainda que amanh\u00e3 entrar\u00e3o com um agravo contra a decis\u00e3o de Fachin que, dentro outras medidas, afastou o senador do cargo.<\/p>\n<p>J\u00e1 os advogados de Rocha Loures argumentam que n\u00e3o h\u00e1 qualquer motivo para a pris\u00e3o do deputado. &#8220;A defesa aguarda pelo STF a manuten\u00e7\u00e3o da decis\u00e3o que negou o pedido do Minist\u00e9rio P\u00fablico. O deputado no momento oportuno ir\u00e1 prestar todos os esclarecimentos devidos&#8221;, diz a nota assinada pela defesa.<\/p>\n<p><strong>VER PRIMEIRO<\/strong><\/p>\n<p>Receba as not\u00edcias do Aconteceu no Vale em primeira m\u00e3o. Clique em curtir no endere\u00e7o <a href=\"https:\/\/www.facebook.com\/aconteceunovale\" target=\"_blank\"><font color=\"red\">www.facebook.com\/aconteceunovale<\/font><\/a> ou no box abaixo:<\/p>\n<div class=\"fb-like\" data-href=\"https:\/\/www.facebook.com\/aconteceunovale\" data-width=\"120\" data-layout=\"standard\" data-action=\"like\" data-size=\"small\" data-show-faces=\"true\" data-share=\"true\"><\/div>\n<p><\/br><\/p>\n<p><em>(Fonte: Ag\u00eancia Brasil)<\/em><\/p>\n","protected":false},"excerpt":{"rendered":"<p>O procurador-geral da Rep\u00fablica, Rodrigo Janot, apresentou hoje (22\/05\/2017) recurso para o plen\u00e1rio do Supremo Tribunal Federal (STF) para defender a pris\u00e3o preventiva do senador afastado A\u00e9cio Neves (PSDB-MG) e do deputado federal licenciado Rodrigo Rocha Loures (PMDB-PR). Na semana passada, o ministro Edson Fachin rejeitou individualmente o pedido de pris\u00e3o e aceitou apenas o [&hellip;]<\/p>\n","protected":false},"author":1,"featured_media":115534,"comment_status":"open","ping_status":"closed","sticky":false,"template":"","format":"standard","meta":{"amp_status":"","footnotes":""},"categories":[6,40240],"tags":[149455,149461,2728,149460,149445,149443,149444,149441,149453,18871,149452,149450,134495,194,965,99279,149454,149531,77983,149459,149457,149456,149424,149468,149469,102497,149448,149434,27144,149440,149458,20181,149471,1496,149506,149449,18095,149491,85356,772,20321,149442,149935,149936,149937,149470,149447,28511,28510,149677,149676,149451,149446],"class_list":["post-115533","post","type-post","status-publish","format-standard","has-post-thumbnail","hentry","category-br","category-politica-2","tag-a-casa-caiu-para-aecio-neves","tag-a-casa-caiu-para-aecio-neves-e-outros-politicos-do-alto-escalao","tag-aecio-neves","tag-aecio-neves-e-outros-politicos-sao-alvos-de-operacao-da-policia-federal","tag-aecio-neves-jbs","tag-aecio-neves-operacao-cala-boca","tag-aecio-neves-propina","tag-afastamento-aecio-neves","tag-andrea-neves","tag-andrea-neves-da-cunha","tag-andreia-neves","tag-angelo-goulart-villela","tag-apos-denuncias","tag-belo-horizonte","tag-claudio","tag-delacao","tag-delacao-da-jbs","tag-delacao-jbs","tag-edson-fachin","tag-fachin-manda-afastar-aecio-neves","tag-frederico-pacheco-de-medeiros","tag-frigorifico-jbs","tag-gravacoes-da-jbs","tag-irma-de-aecio-neves-e-presa-em-nova-lima","tag-janot-determina-exoneracao-de-procurador-preso-em-operacao-da-policia-federal","tag-jbs","tag-joao-batista-lima-filho","tag-joesley-batista","tag-lava-jato","tag-mandados-aecio-neves","tag-mandados-em-enderecos-ligados-a-aecio-neves","tag-michel-temer","tag-michel-temer-altera-a-agenda-e-cancela-compromissos","tag-nova-lima","tag-oito-pedidos-de-impeachment-sao-apresentados-no-congresso","tag-operacao-cala-boca","tag-operacao-lava-jato","tag-ouca-a-conversa-entre-michel-temer-e-o-dono-da-jbs","tag-pgr","tag-policia-federal","tag-presidente-da-republica","tag-prisao-aecio-neves","tag-prisao-de-aecio-neves","tag-prisao-do-senador-aecio-neves","tag-procurador-geral-da-republica-recorre-ao-stf-contra-decisao-que-negou-prisao-de-aecio-e-loures","tag-procuradoria-geral-eleitoral","tag-rodrigo-rocha-loures","tag-stf","tag-supremo-tribunal-federal","tag-temer-ataca-dono-da-jbs-e-diz-que-vai-pedir-suspensao-de-inquerito","tag-temer-diz-que-vai-pedir-suspensao-de-inquerito","tag-willer-tomaz","tag-zeze-perrela"],"_links":{"self":[{"href":"https:\/\/aconteceunovale.com.br\/portal\/index.php?rest_route=\/wp\/v2\/posts\/115533","targetHints":{"allow":["GET"]}}],"collection":[{"href":"https:\/\/aconteceunovale.com.br\/portal\/index.php?rest_route=\/wp\/v2\/posts"}],"about":[{"href":"https:\/\/aconteceunovale.com.br\/portal\/index.php?rest_route=\/wp\/v2\/types\/post"}],"author":[{"embeddable":true,"href":"https:\/\/aconteceunovale.com.br\/portal\/index.php?rest_route=\/wp\/v2\/users\/1"}],"replies":[{"embeddable":true,"href":"https:\/\/aconteceunovale.com.br\/portal\/index.php?rest_route=%2Fwp%2Fv2%2Fcomments&post=115533"}],"version-history":[{"count":0,"href":"https:\/\/aconteceunovale.com.br\/portal\/index.php?rest_route=\/wp\/v2\/posts\/115533\/revisions"}],"wp:featuredmedia":[{"embeddable":true,"href":"https:\/\/aconteceunovale.com.br\/portal\/index.php?rest_route=\/wp\/v2\/media\/115534"}],"wp:attachment":[{"href":"https:\/\/aconteceunovale.com.br\/portal\/index.php?rest_route=%2Fwp%2Fv2%2Fmedia&parent=115533"}],"wp:term":[{"taxonomy":"category","embeddable":true,"href":"https:\/\/aconteceunovale.com.br\/portal\/index.php?rest_route=%2Fwp%2Fv2%2Fcategories&post=115533"},{"taxonomy":"post_tag","embeddable":true,"href":"https:\/\/aconteceunovale.com.br\/portal\/index.php?rest_route=%2Fwp%2Fv2%2Ftags&post=115533"}],"curies":[{"name":"wp","href":"https:\/\/api.w.org\/{rel}","templated":true}]}}