{"id":115524,"date":"2017-05-22T22:14:14","date_gmt":"2017-05-23T00:14:14","guid":{"rendered":"http:\/\/aconteceunovale.com.br\/portal\/?p=115524"},"modified":"2017-05-22T22:14:14","modified_gmt":"2017-05-23T00:14:14","slug":"duas-jiboias-sao-resgatadas-pelo-corpo-de-bombeiros-em-governador-valadares","status":"publish","type":"post","link":"https:\/\/aconteceunovale.com.br\/portal\/?p=115524","title":{"rendered":"Duas jiboias s\u00e3o resgatadas pelo Corpo de Bombeiros em Governador Valadares"},"content":{"rendered":"<p>Duas jiboias foram apreendidas na tarde desta segunda-feira (22\/05\/2017) em Governador Valadares, no Vale do Rio Doce. Segundo o Corpo de Bombeiros, as apreens\u00f5es foram fruto de chamadas distintas por parte da popula\u00e7\u00e3o, mas elas foram encontradas em locais relativamente pr\u00f3ximos, na sa\u00edda do Bairro Cidade Jardim.<\/p>\n<p>A primeira cobra apreendida media cerca de 2,5 metros e aparentava ter se alimentado h\u00e1 pouco tempo. J\u00e1 a segunda jiboia recolhida pelos bombeiros possu\u00eda pouco mais de um metro de extens\u00e3o. Segundo o subtenente Geraldo Neto, a esp\u00e9cie n\u00e3o \u00e9 venenosa.<\/p>\n<p>\u201cA jiboia tem \u00edndole pac\u00edfica e geralmente n\u00e3o ataca o homem, normalmente fugindo da aproxima\u00e7\u00e3o. Mas, quando se sente amea\u00e7ada, ela ataca de forma silenciosa, para surpreender. \u00c9 uma esp\u00e9cie comum na nossa regi\u00e3o e neste ano tivemos muitos chamados. O correto \u00e9 acionar o Corpo de Bombeiros ao encontrar este animal\u201d, explicou o subtenente.<\/p>\n<p>Depois de serem recolhidas, as cobras foram examinadas para identificar se n\u00e3o possu\u00edam ferimentos. Como estavam saud\u00e1veis, foram soltas em \u00e1rea afastada da zona urbana, pr\u00f3xima ao Rio Doce.<\/p>\n<p><img decoding=\"async\" src=\"http:\/\/aconteceunovale.com.br\/portal\/wp-content\/uploads\/2017\/05\/jiboias_gv_1.jpeg\" alt=\"\" \/><em>Militares seguram as duas cobras apreendidas (Foto: Corpo de Bombeiros\/Divulga\u00e7\u00e3o)<\/em><br \/>\n<\/br><\/p>\n<p><strong>VER PRIMEIRO<\/strong><\/p>\n<p>Receba as not\u00edcias do Aconteceu no Vale em primeira m\u00e3o. Clique em curtir no endere\u00e7o <a href=\"https:\/\/www.facebook.com\/aconteceunovale\" target=\"_blank\"><font color=\"red\">www.facebook.com\/aconteceunovale<\/font><\/a> ou no box abaixo:<\/p>\n<div class=\"fb-like\" data-href=\"https:\/\/www.facebook.com\/aconteceunovale\" data-width=\"120\" data-layout=\"standard\" data-action=\"like\" data-size=\"small\" data-show-faces=\"true\" data-share=\"true\"><\/div>\n<p><\/br><\/p>\n<p><em>(Fonte: G1 Vales)<\/em><\/p>\n","protected":false},"excerpt":{"rendered":"<p>Duas jiboias foram apreendidas na tarde desta segunda-feira (22\/05\/2017) em Governador Valadares, no Vale do Rio Doce. Segundo o Corpo de Bombeiros, as apreens\u00f5es foram fruto de chamadas distintas por parte da popula\u00e7\u00e3o, mas elas foram encontradas em locais relativamente pr\u00f3ximos, na sa\u00edda do Bairro Cidade Jardim. A primeira cobra apreendida media cerca de 2,5 [&hellip;]<\/p>\n","protected":false},"author":1,"featured_media":115525,"comment_status":"open","ping_status":"closed","sticky":false,"template":"","format":"standard","meta":{"amp_status":"","footnotes":""},"categories":[121],"tags":[149926,1018,149925,247,62748,90372,92614],"class_list":["post-115524","post","type-post","status-publish","format-standard","has-post-thumbnail","hentry","category-leste","tag-apreensao-de-jiboia-em-governador-valadares","tag-destaque","tag-duas-jiboias-sao-resgatadas-pelo-corpo-de-bombeiros-em-governador-valadares","tag-governador-valadares","tag-jiboia-governador-valadares","tag-jiboia-resgatada-em-governador-valadares","tag-resgate-de-jiboia-em-governador-valadares"],"_links":{"self":[{"href":"https:\/\/aconteceunovale.com.br\/portal\/index.php?rest_route=\/wp\/v2\/posts\/115524","targetHints":{"allow":["GET"]}}],"collection":[{"href":"https:\/\/aconteceunovale.com.br\/portal\/index.php?rest_route=\/wp\/v2\/posts"}],"about":[{"href":"https:\/\/aconteceunovale.com.br\/portal\/index.php?rest_route=\/wp\/v2\/types\/post"}],"author":[{"embeddable":true,"href":"https:\/\/aconteceunovale.com.br\/portal\/index.php?rest_route=\/wp\/v2\/users\/1"}],"replies":[{"embeddable":true,"href":"https:\/\/aconteceunovale.com.br\/portal\/index.php?rest_route=%2Fwp%2Fv2%2Fcomments&post=115524"}],"version-history":[{"count":0,"href":"https:\/\/aconteceunovale.com.br\/portal\/index.php?rest_route=\/wp\/v2\/posts\/115524\/revisions"}],"wp:featuredmedia":[{"embeddable":true,"href":"https:\/\/aconteceunovale.com.br\/portal\/index.php?rest_route=\/wp\/v2\/media\/115525"}],"wp:attachment":[{"href":"https:\/\/aconteceunovale.com.br\/portal\/index.php?rest_route=%2Fwp%2Fv2%2Fmedia&parent=115524"}],"wp:term":[{"taxonomy":"category","embeddable":true,"href":"https:\/\/aconteceunovale.com.br\/portal\/index.php?rest_route=%2Fwp%2Fv2%2Fcategories&post=115524"},{"taxonomy":"post_tag","embeddable":true,"href":"https:\/\/aconteceunovale.com.br\/portal\/index.php?rest_route=%2Fwp%2Fv2%2Ftags&post=115524"}],"curies":[{"name":"wp","href":"https:\/\/api.w.org\/{rel}","templated":true}]}}