{"id":115519,"date":"2017-05-22T21:58:20","date_gmt":"2017-05-22T23:58:20","guid":{"rendered":"http:\/\/aconteceunovale.com.br\/portal\/?p=115519"},"modified":"2017-05-22T21:58:20","modified_gmt":"2017-05-22T23:58:20","slug":"jovem-e-morto-a-tiros-em-aracuai-no-vale-do-jequitinhonha","status":"publish","type":"post","link":"https:\/\/aconteceunovale.com.br\/portal\/?p=115519","title":{"rendered":"Jovem \u00e9 morto a tiros em Ara\u00e7ua\u00ed, no Vale do Jequitinhonha"},"content":{"rendered":"<p>Um jovem de 25 anos foi morto a tiros na noite deste domingo (21\/05\/2017) na Rua Jacinto Mota, no bairro Arraial, em Ara\u00e7ua\u00ed (MG). A Pol\u00edcia Militar foi acionada pelo  190, por volta das 21h30, e encontrou o jovem Silvestre Silva Rodrigues j\u00e1 sem vida, ao lado da moto que ele conduzia. Nenhuma testemunha foi localizada para falar sobre o caso.<\/p>\n<p>Ainda segundo a ocorr\u00eancia, a v\u00edtima residia na Comunidade do Calhauzinho, zona rural do munic\u00edpio, e n\u00e3o possu\u00eda antecedentes criminais. <\/p>\n<p>Durante os trabalhos periciais, foi constatado tr\u00eas perfura\u00e7\u00f5es na regi\u00e3o lombar da v\u00edtima. Um rev\u00f3lver calibre 32, descarregado, foi encontrado na cintura do rapaz.<\/p>\n<p>O corpo foi encaminhado para o Instituto M\u00e9dico Legal (IML) em Pedra Azul. A arma encontrada foi apreendida e ser\u00e1 entregue \u00e0 Pol\u00edcia Civil. A motocicleta foi removida para o p\u00e1tio credenciado. Ela est\u00e1 com a documenta\u00e7\u00e3o atrasada.<\/p>\n<p>At\u00e9 o momento, nenhum suspeito foi detido e a motiva\u00e7\u00e3o do crime \u00e9 desconhecida. O caso ser\u00e1 investigado pela Pol\u00edcia Civil.<\/p>\n<p><img decoding=\"async\" src=\"http:\/\/aconteceunovale.com.br\/portal\/wp-content\/uploads\/2017\/05\/homicidio_aracuai.jpeg\" alt=\"\" \/><em>Rev\u00f3lver encontrado na cintura da v\u00edtima foi apreendido (Foto: Reprodu\u00e7\u00e3o\/Gazeta de Ara\u00e7ua\u00ed)<\/em><br \/>\n<\/br><\/p>\n<h3>Moto apreendida em Cachoeira de Paje\u00fa<\/h3>\n<p>A Pol\u00edcia Militar de Cachoeira do Paje\u00fa, no Vale do Jequitinhonha, apreendeu na noite de domingo (21) uma moto Honda CG 150, de cor preta, com placa de S\u00e3o Paulo, que estava em poder de um jovem de 23 anos.<\/p>\n<p>O ve\u00edculo foi localizado durante patrulhamento policial na cidade. Ao  realizar a abordagem  os militares descobriram que o chassi da moto  havia sido parcialmente raspado e que a mesma apresentava queixa de furto.<\/p>\n<p>O ve\u00edculo foi removido para p\u00e1tio credenciado. O propriet\u00e1rio, um jovem de 23 anos, informou que havia comprado a moto de uma terceira pessoa e apresentou um DAE (Documento de Arrecada\u00e7\u00e3o Estadual).<\/p>\n<p>O jovem foi advertido e informado que ser\u00e1 intimado para esclarecimentos \u00e0 Pol\u00edcia Civil.<\/p>\n<p><img decoding=\"async\" src=\"http:\/\/aconteceunovale.com.br\/portal\/wp-content\/uploads\/2017\/05\/moto_pajeu.jpg\" alt=\"\" \/><em>Moto foi apreendida em Cachoeira do Paje\u00fa (Foto: Divulga\u00e7\u00e3o\/PM)<\/em><br \/>\n<\/br><\/p>\n<h3>Moto recuperada em Almenara<\/h3>\n<p>Um vaqueiro de 34 anos foi preso na tarde de s\u00e1bado (20), em Almenara, no Vale do Jequitinhonha. Ele estava com uma moto que havia sido furtada em Belo Horizonte.<\/p>\n<p>A Pol\u00edcia Militar realizava uma opera\u00e7\u00e3o no bairro Monte das Oliveiras quando deparou com o motociclista exercendo dire\u00e7\u00e3o perigosa e expondo em riscos moradores. A motocicleta foi encontrada na sa\u00edda para a cidade Pedra Azul, na mesma regi\u00e3o, onde ocorria um evento em uma fazenda.<\/p>\n<p>O suspeito tentou fugir novamente, mas foi contido e preso. A moto foi apreendida. O suspeito alegou ter comprado o ve\u00edculo por R$ 1.800,00. O suspeito foi encaminhado para a Delegacia para demais provid\u00eancias.<\/p>\n<p><img decoding=\"async\" src=\"http:\/\/aconteceunovale.com.br\/portal\/wp-content\/uploads\/2017\/05\/moto_almenara.jpg\" alt=\"\" \/><em>Moto apreendida com vaqueiro em Almenara (Foto: Divulga\u00e7\u00e3o\/PM)<\/em><br \/>\n<\/br><\/p>\n<p><strong>VER PRIMEIRO<\/strong><\/p>\n<p>Receba as not\u00edcias do Aconteceu no Vale em primeira m\u00e3o. Clique em curtir no endere\u00e7o <a href=\"https:\/\/www.facebook.com\/aconteceunovale\" target=\"_blank\"><font color=\"red\">www.facebook.com\/aconteceunovale<\/font><\/a> ou no box abaixo:<\/p>\n<div class=\"fb-like\" data-href=\"https:\/\/www.facebook.com\/aconteceunovale\" data-width=\"120\" data-layout=\"standard\" data-action=\"like\" data-size=\"small\" data-show-faces=\"true\" data-share=\"true\"><\/div>\n<p><\/br><\/p>\n<p><em>(Com informa\u00e7\u00f5es da PM e Gazeta de Ara\u00e7ua\u00ed)<\/em><\/p>\n","protected":false},"excerpt":{"rendered":"<p>Um jovem de 25 anos foi morto a tiros na noite deste domingo (21\/05\/2017) na Rua Jacinto Mota, no bairro Arraial, em Ara\u00e7ua\u00ed (MG). A Pol\u00edcia Militar foi acionada pelo 190, por volta das 21h30, e encontrou o jovem Silvestre Silva Rodrigues j\u00e1 sem vida, ao lado da moto que ele conduzia. Nenhuma testemunha foi [&hellip;]<\/p>\n","protected":false},"author":1,"featured_media":115521,"comment_status":"open","ping_status":"closed","sticky":false,"template":"","format":"standard","meta":{"amp_status":"","footnotes":""},"categories":[120],"tags":[142,186,5258,20884,149921,43602,43604,149922,149923,70522,149924],"class_list":["post-115519","post","type-post","status-publish","format-standard","has-post-thumbnail","hentry","category-jequi","tag-almenara","tag-aracuai","tag-cachoeira-de-pajeu","tag-homicidio-em-aracuai","tag-jovem-e-morto-a-tiros-em-aracuai","tag-morte-em-aracuai","tag-morto-em-aracuai","tag-moto-apreendida-em-cachoeira-de-pajeu","tag-moto-recuperada-em-almenara","tag-preso-em-almenara","tag-vaqueiro-preso-em-almenara"],"_links":{"self":[{"href":"https:\/\/aconteceunovale.com.br\/portal\/index.php?rest_route=\/wp\/v2\/posts\/115519","targetHints":{"allow":["GET"]}}],"collection":[{"href":"https:\/\/aconteceunovale.com.br\/portal\/index.php?rest_route=\/wp\/v2\/posts"}],"about":[{"href":"https:\/\/aconteceunovale.com.br\/portal\/index.php?rest_route=\/wp\/v2\/types\/post"}],"author":[{"embeddable":true,"href":"https:\/\/aconteceunovale.com.br\/portal\/index.php?rest_route=\/wp\/v2\/users\/1"}],"replies":[{"embeddable":true,"href":"https:\/\/aconteceunovale.com.br\/portal\/index.php?rest_route=%2Fwp%2Fv2%2Fcomments&post=115519"}],"version-history":[{"count":0,"href":"https:\/\/aconteceunovale.com.br\/portal\/index.php?rest_route=\/wp\/v2\/posts\/115519\/revisions"}],"wp:featuredmedia":[{"embeddable":true,"href":"https:\/\/aconteceunovale.com.br\/portal\/index.php?rest_route=\/wp\/v2\/media\/115521"}],"wp:attachment":[{"href":"https:\/\/aconteceunovale.com.br\/portal\/index.php?rest_route=%2Fwp%2Fv2%2Fmedia&parent=115519"}],"wp:term":[{"taxonomy":"category","embeddable":true,"href":"https:\/\/aconteceunovale.com.br\/portal\/index.php?rest_route=%2Fwp%2Fv2%2Fcategories&post=115519"},{"taxonomy":"post_tag","embeddable":true,"href":"https:\/\/aconteceunovale.com.br\/portal\/index.php?rest_route=%2Fwp%2Fv2%2Ftags&post=115519"}],"curies":[{"name":"wp","href":"https:\/\/api.w.org\/{rel}","templated":true}]}}