{"id":115515,"date":"2017-05-22T21:17:58","date_gmt":"2017-05-22T23:17:58","guid":{"rendered":"http:\/\/aconteceunovale.com.br\/portal\/?p=115515"},"modified":"2017-05-22T23:35:58","modified_gmt":"2017-05-23T01:35:58","slug":"professores-mineiros-usam-imagens-da-gretchen-na-correcao-de-provas","status":"publish","type":"post","link":"https:\/\/aconteceunovale.com.br\/portal\/?p=115515","title":{"rendered":"Professores mineiros usam imagens da Gretchen na corre\u00e7\u00e3o de provas"},"content":{"rendered":"<p>Foi bem na prova? Nada de receber \u201cestrelinha\u201d ou carimbo do Mickey estampado ao lado da nota. Pelo menos para os estudantes da Escola Estadual Professor Caetano Azeredo, em Belo Horizonte, o incentivo vem de fotos da Gretchen, considerada a rainha de memes do Brasil.<\/p>\n<p>\u201cSe o aluno foi bem, recebe a \u2018Gretchen sorrindo\u2019. Se a nota for na m\u00e9dia, recebe a \u2018Gretchen s\u00e9ria\u2019. Se a nota for baixa, a\u00ed leva a foto da \u2018Gretchen triste\u2019\u201d, contou o professor de L\u00edngua Portuguesa, Vitor Lucas, autor da brincadeira que acabou viralizando na web.<\/p>\n<p>Por\u00e9m, a iniciativa do professor foi inspirada em uma a\u00e7\u00e3o que j\u00e1 vinha sendo feita por um colega dele. \u201cA ideia mesmo \u00e9 do Alan Raniel, professor de matem\u00e1tica. Quando eu vi um post dele na internet com as fotos da Gretchen nas provas perguntei pra ele se eu podia fazer o mesmo e a\u00ed que tudo come\u00e7ou\u201d, contou.<\/p>\n<p>Alan \u00e9 professor da Escola Municipal Gilberto Alves da Silva, em Betim, na Regi\u00e3o Metropolitana de Belo Horizonte. \u201cEu sempre gostei de s\u00e9ries, de animes e vivia colocando Pokemon, o Coiote nas minhas provas porque matem\u00e1tica j\u00e1 \u00e9 uma mat\u00e9ria que gera tens\u00e3o, n\u00e9? Quando eu tive a ideia de colocar imagens dos memes da Gretchen, os alunos adoraram. Eles acharam muito engra\u00e7ado\u201d, contou.<\/p>\n<p>A hist\u00f3ria acabou chegando at\u00e9 \u00e0 Rainha do Bumbum. \u201cEu achei incr\u00edvel. Ali\u00e1s foi super inovador. Ele d\u00e1 as notas das provas com os meus memes, com os meus gifs. Adorei! Achei super criativo\u201d, disse Gretchen, f\u00e3 dos memes e gifs inspirados nela. \u201cEu adoro todos eles\u201d.<\/p>\n<p>Agora ela quer encontrar Vitor Lucas. \u201cComo eu vou estar fazendo show em Belo Horizonte, vou fazer quest\u00e3o de conhecer esse professor. Com certeza\u201d. Ela vai se apresentar no dia 26 de junho na capital mineira.<\/p>\n<p><img decoding=\"async\" src=\"http:\/\/aconteceunovale.com.br\/portal\/wp-content\/uploads\/2017\/05\/memes_gretchen_1.jpg\" alt=\"\" \/><em>Imagens de Gretchen nas provas corrigidas por professor de BH (Foto: Vitor Lucas\/G1)<\/em><br \/>\n<\/br><\/p>\n<p><img decoding=\"async\" src=\"http:\/\/aconteceunovale.com.br\/portal\/wp-content\/uploads\/2017\/05\/memes_gretchen_2.jpg\" alt=\"\" \/><em>Memes de Gretchen come\u00e7aram a ser usados por professor de Betim (Foto: Alan Raniel\/G1)<\/em><br \/>\n<\/br><\/p>\n<p><strong>VER PRIMEIRO<\/strong><\/p>\n<p>Receba as not\u00edcias do Aconteceu no Vale em primeira m\u00e3o. Clique em curtir no endere\u00e7o <a href=\"https:\/\/www.facebook.com\/aconteceunovale\" target=\"_blank\"><font color=\"red\">www.facebook.com\/aconteceunovale<\/font><\/a> ou no box abaixo:<\/p>\n<div class=\"fb-like\" data-href=\"https:\/\/www.facebook.com\/aconteceunovale\" data-width=\"120\" data-layout=\"standard\" data-action=\"like\" data-size=\"small\" data-show-faces=\"true\" data-share=\"true\"><\/div>\n<p><\/br><\/p>\n<p><em>(Fonte: G1 Minas)<\/em><\/p>\n","protected":false},"excerpt":{"rendered":"<p>Foi bem na prova? Nada de receber \u201cestrelinha\u201d ou carimbo do Mickey estampado ao lado da nota. Pelo menos para os estudantes da Escola Estadual Professor Caetano Azeredo, em Belo Horizonte, o incentivo vem de fotos da Gretchen, considerada a rainha de memes do Brasil. \u201cSe o aluno foi bem, recebe a \u2018Gretchen sorrindo\u2019. Se [&hellip;]<\/p>\n","protected":false},"author":1,"featured_media":115516,"comment_status":"open","ping_status":"closed","sticky":false,"template":"","format":"standard","meta":{"amp_status":"","footnotes":""},"categories":[40238,123],"tags":[194,1495,149918,149919,149913,149915,149914,149912,149920,149916,149917],"class_list":["post-115515","post","type-post","status-publish","format-standard","has-post-thumbnail","hentry","category-educacao-2","category-gerais","tag-belo-horizonte","tag-betim","tag-escola-estadual-professor-caetano-azeredo","tag-escola-municipal-gilberto-alves-da-silva","tag-gretchen","tag-imagens-da-gretchen-na-correcao-de-provas","tag-memes-da-gretchen-na-correcao-de-provas","tag-professor-mineiro-usa-imagens-da-gretchen-na-correcao-de-provas","tag-professores-mineiros-usam-imagens-da-gretchen-na-correcao-de-provas","tag-provas-com-imagens-da-gretchen","tag-provas-com-memens-da-gretchen"],"_links":{"self":[{"href":"https:\/\/aconteceunovale.com.br\/portal\/index.php?rest_route=\/wp\/v2\/posts\/115515","targetHints":{"allow":["GET"]}}],"collection":[{"href":"https:\/\/aconteceunovale.com.br\/portal\/index.php?rest_route=\/wp\/v2\/posts"}],"about":[{"href":"https:\/\/aconteceunovale.com.br\/portal\/index.php?rest_route=\/wp\/v2\/types\/post"}],"author":[{"embeddable":true,"href":"https:\/\/aconteceunovale.com.br\/portal\/index.php?rest_route=\/wp\/v2\/users\/1"}],"replies":[{"embeddable":true,"href":"https:\/\/aconteceunovale.com.br\/portal\/index.php?rest_route=%2Fwp%2Fv2%2Fcomments&post=115515"}],"version-history":[{"count":0,"href":"https:\/\/aconteceunovale.com.br\/portal\/index.php?rest_route=\/wp\/v2\/posts\/115515\/revisions"}],"wp:featuredmedia":[{"embeddable":true,"href":"https:\/\/aconteceunovale.com.br\/portal\/index.php?rest_route=\/wp\/v2\/media\/115516"}],"wp:attachment":[{"href":"https:\/\/aconteceunovale.com.br\/portal\/index.php?rest_route=%2Fwp%2Fv2%2Fmedia&parent=115515"}],"wp:term":[{"taxonomy":"category","embeddable":true,"href":"https:\/\/aconteceunovale.com.br\/portal\/index.php?rest_route=%2Fwp%2Fv2%2Fcategories&post=115515"},{"taxonomy":"post_tag","embeddable":true,"href":"https:\/\/aconteceunovale.com.br\/portal\/index.php?rest_route=%2Fwp%2Fv2%2Ftags&post=115515"}],"curies":[{"name":"wp","href":"https:\/\/api.w.org\/{rel}","templated":true}]}}