{"id":115503,"date":"2017-05-22T20:39:35","date_gmt":"2017-05-22T22:39:35","guid":{"rendered":"http:\/\/aconteceunovale.com.br\/portal\/?p=115503"},"modified":"2017-05-22T20:39:35","modified_gmt":"2017-05-22T22:39:35","slug":"integrante-do-mst-e-preso-com-armas-no-municipio-de-capitao-eneas-no-norte-de-minas","status":"publish","type":"post","link":"https:\/\/aconteceunovale.com.br\/portal\/?p=115503","title":{"rendered":"Integrante do MST \u00e9 preso com armas no munic\u00edpio de Capit\u00e3o En\u00e9as, no Norte de Minas"},"content":{"rendered":"<p>Um homem de 30 anos foi detido nesta segunda-feira (22\/05\/2017) durante patrulhamento de rotina da Pol\u00edcia Militar em Capit\u00e3o En\u00e9as, no Norte de Minas. A PM afirmou que o preso \u00e9 integrante do acampamento do Movimento dos Trabalhadores Rurais Sem Terra, que ocupa a Fazenda Norte Am\u00e9rica. A pol\u00edcia recebeu uma den\u00fancia informando que pessoas ligadas ao MST estavam deslocando, armadas, na regi\u00e3o em um carro de passeio.<\/p>\n<p>Militares fizeram v\u00e1rias abordagens na rodovia LMG-631, onde pararam um carro em que estava um membro do acampamento, que ocupa a da Fazenda Norte Am\u00e9rica desde janeiro deste ano. Durante buscas foram encontradas duas armas de fogo no carro; um rev\u00f3lver calibre .32 e uma espingarda de fabrica\u00e7\u00e3o artesanal com uma muni\u00e7\u00e3o calibre .16.<\/p>\n<p>O integrante do MST afirmou que o rev\u00f3lver era dele, mas a espingarda teria sido encontrada em um barraco abandonado e ele estava deslocando para fazer a entrega volunt\u00e1ria junto ao quartel da PM. De acordo com o BO, o autor afirmou estar armado com o rev\u00f3lver por ter sido amea\u00e7ado por um rapaz que foi expulso do acampamento.<\/p>\n<p>A assessoria de comunica\u00e7\u00e3o do MST afirmou que a pris\u00e3o do membro do acampamento foi um epis\u00f3dio isolado e foge \u00e0s linhas de atua\u00e7\u00e3o do movimento. A assessoria disse ainda que o MST &#8220;sempre orientou seus militantes a n\u00e3o utilizarem armas de fogo. &#8220;N\u00e3o acreditamos na viol\u00eancia contra a vida, mas sim na efetiva\u00e7\u00e3o das pol\u00edticas de Estado como solu\u00e7\u00e3o dos conflitos no campo&#8221;, completa anota.<\/p>\n<p><img decoding=\"async\" src=\"http:\/\/aconteceunovale.com.br\/portal\/wp-content\/uploads\/2017\/05\/armas_mst_capitao.jpg\" alt=\"\" \/><em>Armas foram encontradas no porta-luvas e embaixo do banco do carro (Foto: PM\/Divulga\u00e7\u00e3o)<\/em><br \/>\n<\/br><\/p>\n<p><strong>VER PRIMEIRO<\/strong><\/p>\n<p>Receba as not\u00edcias do Aconteceu no Vale em primeira m\u00e3o. Clique em curtir no endere\u00e7o <a href=\"https:\/\/www.facebook.com\/aconteceunovale\" target=\"_blank\"><font color=\"red\">www.facebook.com\/aconteceunovale<\/font><\/a> ou no box abaixo:<\/p>\n<div class=\"fb-like\" data-href=\"https:\/\/www.facebook.com\/aconteceunovale\" data-width=\"120\" data-layout=\"standard\" data-action=\"like\" data-size=\"small\" data-show-faces=\"true\" data-share=\"true\"><\/div>\n<p><\/br><\/p>\n<p><em>(Fonte: G1 Grande Minas)<\/em><\/p>\n","protected":false},"excerpt":{"rendered":"<p>Um homem de 30 anos foi detido nesta segunda-feira (22\/05\/2017) durante patrulhamento de rotina da Pol\u00edcia Militar em Capit\u00e3o En\u00e9as, no Norte de Minas. A PM afirmou que o preso \u00e9 integrante do acampamento do Movimento dos Trabalhadores Rurais Sem Terra, que ocupa a Fazenda Norte Am\u00e9rica. A pol\u00edcia recebeu uma den\u00fancia informando que pessoas [&hellip;]<\/p>\n","protected":false},"author":1,"featured_media":115504,"comment_status":"open","ping_status":"closed","sticky":false,"template":"","format":"standard","meta":{"amp_status":"","footnotes":""},"categories":[1236],"tags":[1429,136322,149894,149896,149892,149895,68544,36873,16686,149893],"class_list":["post-115503","post","type-post","status-publish","format-standard","has-post-thumbnail","hentry","category-norte_de_minas","tag-capitao-eneas","tag-fazenda-norte-america","tag-homem-preso-em-capitao-eneas","tag-integrante-do-mst-e-preso-com-armas-no-municipio-de-capitao-eneas","tag-integrante-do-mst-preso-em-capitao-eneas","tag-lmg-631","tag-movimento-dos-sem-terra","tag-movimento-dos-trabalhadores-rurais-sem-terra","tag-mst","tag-preso-em-capitao-eneas"],"_links":{"self":[{"href":"https:\/\/aconteceunovale.com.br\/portal\/index.php?rest_route=\/wp\/v2\/posts\/115503","targetHints":{"allow":["GET"]}}],"collection":[{"href":"https:\/\/aconteceunovale.com.br\/portal\/index.php?rest_route=\/wp\/v2\/posts"}],"about":[{"href":"https:\/\/aconteceunovale.com.br\/portal\/index.php?rest_route=\/wp\/v2\/types\/post"}],"author":[{"embeddable":true,"href":"https:\/\/aconteceunovale.com.br\/portal\/index.php?rest_route=\/wp\/v2\/users\/1"}],"replies":[{"embeddable":true,"href":"https:\/\/aconteceunovale.com.br\/portal\/index.php?rest_route=%2Fwp%2Fv2%2Fcomments&post=115503"}],"version-history":[{"count":0,"href":"https:\/\/aconteceunovale.com.br\/portal\/index.php?rest_route=\/wp\/v2\/posts\/115503\/revisions"}],"wp:featuredmedia":[{"embeddable":true,"href":"https:\/\/aconteceunovale.com.br\/portal\/index.php?rest_route=\/wp\/v2\/media\/115504"}],"wp:attachment":[{"href":"https:\/\/aconteceunovale.com.br\/portal\/index.php?rest_route=%2Fwp%2Fv2%2Fmedia&parent=115503"}],"wp:term":[{"taxonomy":"category","embeddable":true,"href":"https:\/\/aconteceunovale.com.br\/portal\/index.php?rest_route=%2Fwp%2Fv2%2Fcategories&post=115503"},{"taxonomy":"post_tag","embeddable":true,"href":"https:\/\/aconteceunovale.com.br\/portal\/index.php?rest_route=%2Fwp%2Fv2%2Ftags&post=115503"}],"curies":[{"name":"wp","href":"https:\/\/api.w.org\/{rel}","templated":true}]}}