{"id":115500,"date":"2017-05-22T20:33:18","date_gmt":"2017-05-22T22:33:18","guid":{"rendered":"http:\/\/aconteceunovale.com.br\/portal\/?p=115500"},"modified":"2017-05-22T20:33:18","modified_gmt":"2017-05-22T22:33:18","slug":"pm-leiloa-128-viaturas-sucatas-e-aparelhos-eletronicos-no-norte-de-minas","status":"publish","type":"post","link":"https:\/\/aconteceunovale.com.br\/portal\/?p=115500","title":{"rendered":"PM leiloa 128 viaturas, sucatas e aparelhos eletr\u00f4nicos no Norte de Minas"},"content":{"rendered":"<p>A Pol\u00edcia Militar vai leiloar, no Norte de Minas, 119 carros e 9 motos, al\u00e9m de sucatas de ve\u00edculos e aparelhos eletr\u00f4nicos. A visita\u00e7\u00e3o dos lotes pode ser feita nesta segunda (22) ou ter\u00e7a-feira (23), para que os interessados em dar lances analisem as condi\u00e7\u00f5es dos ve\u00edculos. De acordo com a PM, apenas 5 carros, dentre as 119 viaturas, precisam receber reparos mec\u00e2nicos antes de rodarem.<\/p>\n<p>O leil\u00e3o para arremate das viaturas acontece na pr\u00f3xima quarta-feira (24). Os lances iniciais variam de R$ 400 a R$ 2.400, no caso dos ve\u00edculos em boas condi\u00e7\u00f5es. No caso das sucatas, os pre\u00e7os est\u00e3o entre R$ 300 e R$ 600. De acordo com o tenente da Pol\u00edcia Militar, Jo\u00e3o Eudes Teixeira, os ve\u00edculos repar\u00e1veis podem ser arrematados por qualquer pessoa. J\u00e1 as sucatas s\u00f3 podem ser compradas por empres\u00e1rios que trabalhem no ramo.<\/p>\n<p>\u201cA pessoa que desejar arrematar um ve\u00edculo precisa comparecer ao batalh\u00e3o com documentos pessoais e comprovante de endere\u00e7o. J\u00e1 no caso das sucatas, que s\u00f3 podem ser arrematadas por pessoas jur\u00eddicas que trabalhem no ramo, o comprador precisa portar a documenta\u00e7\u00e3o que comprove o trabalho dele nestes setores\u201d, explica o tenente.<\/p>\n<p><strong>Credenciamento de participantes<\/strong><\/p>\n<p>O credenciamento dos participantes do leil\u00e3o ser\u00e1 feito pela Secretaria de Planejamento e Gest\u00e3o de Minas Gerais (Seplag), na ter\u00e7a-feira (23) nas depend\u00eancias do 10\u00ba Batalh\u00e3o de Pol\u00edcia Militar. A Sess\u00e3o de Leil\u00e3o em Montes Claros ser\u00e1 realizada no audit\u00f3rio do Col\u00e9gio Tiradentes, no Bairro Nossa Senhora de F\u00e1tima, das 9h \u00e0s 12h.<\/p>\n<p>Ainda segundo o tenente Jo\u00e3o Eudes, os ve\u00edculos saem com a documenta\u00e7\u00e3o em dia e sem emplacamento. A retirada dos ve\u00edculos ocorrer\u00e1 entre os dias 24 e 29 de maio, no p\u00e1tio interno do 10\u00ba Batalh\u00e3o da Pol\u00edcia Militar, em Montes Claros.<\/p>\n<p>Al\u00e9m de Montes Claros, as cidades de Taiobeiras e Janu\u00e1ria tamb\u00e9m realizam leil\u00f5es de ve\u00edculos que t\u00eam visita\u00e7\u00f5es abertas durante esta semana. Mais informa\u00e7\u00f5es sobre o arremate e o edital do leil\u00e3o podem ser acessadas no <a href=\"http:\/\/www.planejamento.mg.gov.br\/leiloes\" target=\"_blank\">site da Seplag (www.planejamento.mg.gov.br\/leiloes)<\/a> ou na Se\u00e7\u00e3o de Apoio Log\u00edstico do Centro de Apoio Administrativo, pelo telefone (38) 3201-0340.<\/p>\n<p><img decoding=\"async\" src=\"http:\/\/aconteceunovale.com.br\/portal\/wp-content\/uploads\/2017\/05\/leilao_pm.jpg\" alt=\"\" \/><em>P\u00e1tio interno da PM recebe visita\u00e7\u00f5es (Foto: Pol\u00edcia Militar\/Divulga\u00e7\u00e3o)<\/em><br \/>\n<\/br><\/p>\n<p><strong>VER PRIMEIRO<\/strong><\/p>\n<p>Receba as not\u00edcias do Aconteceu no Vale em primeira m\u00e3o. Clique em curtir no endere\u00e7o <a href=\"https:\/\/www.facebook.com\/aconteceunovale\" target=\"_blank\"><font color=\"red\">www.facebook.com\/aconteceunovale<\/font><\/a> ou no box abaixo:<\/p>\n<div class=\"fb-like\" data-href=\"https:\/\/www.facebook.com\/aconteceunovale\" data-width=\"120\" data-layout=\"standard\" data-action=\"like\" data-size=\"small\" data-show-faces=\"true\" data-share=\"true\"><\/div>\n<p><\/br><\/p>\n<p><em>(Fonte: G1 Grande Minas)<\/em><\/p>\n","protected":false},"excerpt":{"rendered":"<p>A Pol\u00edcia Militar vai leiloar, no Norte de Minas, 119 carros e 9 motos, al\u00e9m de sucatas de ve\u00edculos e aparelhos eletr\u00f4nicos. A visita\u00e7\u00e3o dos lotes pode ser feita nesta segunda (22) ou ter\u00e7a-feira (23), para que os interessados em dar lances analisem as condi\u00e7\u00f5es dos ve\u00edculos. De acordo com a PM, apenas 5 carros, [&hellip;]<\/p>\n","protected":false},"author":1,"featured_media":115501,"comment_status":"open","ping_status":"closed","sticky":false,"template":"","format":"standard","meta":{"amp_status":"","footnotes":""},"categories":[1236],"tags":[149887,149885,149883,149884,149886,149888,149889,67204,149891,169,3372,149890],"class_list":["post-115500","post","type-post","status-publish","format-standard","has-post-thumbnail","hentry","category-norte_de_minas","tag-joao-eudes-teixeira","tag-leilao-da-pm-em-policia-militar","tag-leilao-da-pm-no-norte-de-minas","tag-leilao-da-policia-militar-em-montes-claros","tag-leilao-da-policia-militar-no-norte-de-minas","tag-leilao-da-seplag-em-montes-claros","tag-leilao-da-seplag-no-norte-de-minas","tag-leilao-de-viaturas-em-montes-claros","tag-pm-leiloa-128-viaturas-sucatas-e-aparelhos-eletronicos-no-norte-de-minas","tag-policia-militar","tag-seplag","tag-viaturas-leiloadas-em-montes-claros"],"_links":{"self":[{"href":"https:\/\/aconteceunovale.com.br\/portal\/index.php?rest_route=\/wp\/v2\/posts\/115500","targetHints":{"allow":["GET"]}}],"collection":[{"href":"https:\/\/aconteceunovale.com.br\/portal\/index.php?rest_route=\/wp\/v2\/posts"}],"about":[{"href":"https:\/\/aconteceunovale.com.br\/portal\/index.php?rest_route=\/wp\/v2\/types\/post"}],"author":[{"embeddable":true,"href":"https:\/\/aconteceunovale.com.br\/portal\/index.php?rest_route=\/wp\/v2\/users\/1"}],"replies":[{"embeddable":true,"href":"https:\/\/aconteceunovale.com.br\/portal\/index.php?rest_route=%2Fwp%2Fv2%2Fcomments&post=115500"}],"version-history":[{"count":0,"href":"https:\/\/aconteceunovale.com.br\/portal\/index.php?rest_route=\/wp\/v2\/posts\/115500\/revisions"}],"wp:featuredmedia":[{"embeddable":true,"href":"https:\/\/aconteceunovale.com.br\/portal\/index.php?rest_route=\/wp\/v2\/media\/115501"}],"wp:attachment":[{"href":"https:\/\/aconteceunovale.com.br\/portal\/index.php?rest_route=%2Fwp%2Fv2%2Fmedia&parent=115500"}],"wp:term":[{"taxonomy":"category","embeddable":true,"href":"https:\/\/aconteceunovale.com.br\/portal\/index.php?rest_route=%2Fwp%2Fv2%2Fcategories&post=115500"},{"taxonomy":"post_tag","embeddable":true,"href":"https:\/\/aconteceunovale.com.br\/portal\/index.php?rest_route=%2Fwp%2Fv2%2Ftags&post=115500"}],"curies":[{"name":"wp","href":"https:\/\/api.w.org\/{rel}","templated":true}]}}