{"id":115497,"date":"2017-05-22T20:25:32","date_gmt":"2017-05-22T22:25:32","guid":{"rendered":"http:\/\/aconteceunovale.com.br\/portal\/?p=115497"},"modified":"2017-05-22T20:25:32","modified_gmt":"2017-05-22T22:25:32","slug":"homem-e-flagrado-pilotando-moto-bebado-e-sem-habilitacao-em-montes-claros","status":"publish","type":"post","link":"https:\/\/aconteceunovale.com.br\/portal\/?p=115497","title":{"rendered":"Homem \u00e9 flagrado pilotando moto b\u00eabado e sem habilita\u00e7\u00e3o em Montes Claros"},"content":{"rendered":"<p>Um motociclista inabilitado, de 52 anos, foi preso pilotando embriagado na BR-251, em Montes Claros, neste domingo (21\/05\/2017). Militares faziam patrulhamento e avistaram o condutor em ziguezague na rodovia. O resultado do teste do baf\u00f4metro foi de 1,08 miligramas de \u00e1lcool por litro de ar expirado.<\/p>\n<p>Para os militares, o motociclista disse ter ingerido duas garrafas pequenas de bebida alco\u00f3lica. Durante a abordagem, ele apresentava dificuldades para se equilibrar na moto.<\/p>\n<p>A pol\u00edcia informou que o homem \u00e9 habilitado apenas na categoria \u201cB\u201d e estava com o licenciamento da motocicleta atrasado, com o \u00faltimo pagamento de 2015. Ele foi encaminhado \u00e0 delegacia.<\/p>\n<p><img decoding=\"async\" src=\"http:\/\/aconteceunovale.com.br\/portal\/wp-content\/uploads\/2017\/05\/moto_apreendida_moc.jpg\" alt=\"\" \/><em>Motocicleta foi apreendida em Montes Claros (Foto: Pol\u00edcia Militar\/Divulga\u00e7\u00e3o)<\/em><br \/>\n<\/br><\/p>\n<h3>Jana\u00faba e Taiobeiras<\/h3>\n<p>Um motorista de 39 anos tamb\u00e9m foi preso por dirigir embriagado na MGC-122, em Jana\u00faba, nesse domingo (21). Segundo a Pol\u00edcia Militar, ele estava em uma caminhonete e \u00e9 suspeito de bater em duas motocicletas. As v\u00edtimas, de 23 e 36 anos, estavam cada uma em uma moto e foram socorridas em estado grave pelo Samu, e encaminhadas para um hospital da cidade.<\/p>\n<p>Ainda segundo a PM, o resultado do teste do baf\u00f4metro foi de 0,92 miligramas de \u00e1lcool por litro de ar expirado, comprovando o crime de embriaguez.<\/p>\n<p>Em Taiobeiras, um motociclista inabilitado, de 19 anos, tamb\u00e9m foi detido pilotando embriagado. Segundo a pol\u00edcia, o resultado do teste do baf\u00f4metro foi de 0,56 miligramas de \u00e1lcool por litro de ar expirado, medida superior ao permitido em lei.<\/p>\n<p>Nos dois casos, os condutores foram encaminhados \u00e0 Delegacia de Pol\u00edcia Civil para demais provid\u00eancias.<\/p>\n<h3>Homic\u00eddio em Montes Claros<\/h3>\n<p>A Pol\u00edcia Militar de Montes Claros encontrou o corpo de um homem, de 28 anos, nesse domingo (21), no Bairro Jardim Alegre. Segundo a PM, a v\u00edtima estava com diversos ferimentos de faca na regi\u00e3o da cabe\u00e7a, peito e costas. Uma faca com a l\u00e2mina quebrada foi apreendida pr\u00f3ximo ao corpo. A motiva\u00e7\u00e3o do crime \u00e9 desconhecida e at\u00e9 o momento ningu\u00e9m foi preso.<\/p>\n<p>De acordo com a Pol\u00edcia Militar, o corpo foi identificado por familiares da v\u00edtima. A per\u00edcia foi acionada e a Pol\u00edcia Civil vai investigar o caso.<\/p>\n<p><strong>VER PRIMEIRO<\/strong><\/p>\n<p>Receba as not\u00edcias do Aconteceu no Vale em primeira m\u00e3o. Clique em curtir no endere\u00e7o <a href=\"https:\/\/www.facebook.com\/aconteceunovale\" target=\"_blank\"><font color=\"red\">www.facebook.com\/aconteceunovale<\/font><\/a> ou no box abaixo:<\/p>\n<div class=\"fb-like\" data-href=\"https:\/\/www.facebook.com\/aconteceunovale\" data-width=\"120\" data-layout=\"standard\" data-action=\"like\" data-size=\"small\" data-show-faces=\"true\" data-share=\"true\"><\/div>\n<p><\/br><\/p>\n<p><em>(Fonte: G1 Grande Minas)<\/em><\/p>\n","protected":false},"excerpt":{"rendered":"<p>Um motociclista inabilitado, de 52 anos, foi preso pilotando embriagado na BR-251, em Montes Claros, neste domingo (21\/05\/2017). Militares faziam patrulhamento e avistaram o condutor em ziguezague na rodovia. O resultado do teste do baf\u00f4metro foi de 1,08 miligramas de \u00e1lcool por litro de ar expirado. Para os militares, o motociclista disse ter ingerido duas [&hellip;]<\/p>\n","protected":false},"author":1,"featured_media":115498,"comment_status":"open","ping_status":"closed","sticky":false,"template":"","format":"standard","meta":{"amp_status":"","footnotes":""},"categories":[1236],"tags":[921,149878,149881,25220,204,47325,210,63142,149882,149879,149877,149880,419],"class_list":["post-115497","post","type-post","status-publish","format-standard","has-post-thumbnail","hentry","category-norte_de_minas","tag-br-251","tag-embriagado-montes-claros","tag-homem-e-flagrado-pilotando-moto-bebado-e-sem-habilitacao-em-montes-claros","tag-homicidio-em-montes-claros","tag-janauba","tag-mgc-122","tag-montes-claros","tag-morto-em-montes-claros","tag-morto-no-bairro-jardim-alegre-em-montes-claros","tag-motociclista-detido-em-janauba","tag-motociclista-detido-em-montes-claros","tag-motociclista-detido-em-taiobeiras","tag-taiobeiras"],"_links":{"self":[{"href":"https:\/\/aconteceunovale.com.br\/portal\/index.php?rest_route=\/wp\/v2\/posts\/115497","targetHints":{"allow":["GET"]}}],"collection":[{"href":"https:\/\/aconteceunovale.com.br\/portal\/index.php?rest_route=\/wp\/v2\/posts"}],"about":[{"href":"https:\/\/aconteceunovale.com.br\/portal\/index.php?rest_route=\/wp\/v2\/types\/post"}],"author":[{"embeddable":true,"href":"https:\/\/aconteceunovale.com.br\/portal\/index.php?rest_route=\/wp\/v2\/users\/1"}],"replies":[{"embeddable":true,"href":"https:\/\/aconteceunovale.com.br\/portal\/index.php?rest_route=%2Fwp%2Fv2%2Fcomments&post=115497"}],"version-history":[{"count":0,"href":"https:\/\/aconteceunovale.com.br\/portal\/index.php?rest_route=\/wp\/v2\/posts\/115497\/revisions"}],"wp:featuredmedia":[{"embeddable":true,"href":"https:\/\/aconteceunovale.com.br\/portal\/index.php?rest_route=\/wp\/v2\/media\/115498"}],"wp:attachment":[{"href":"https:\/\/aconteceunovale.com.br\/portal\/index.php?rest_route=%2Fwp%2Fv2%2Fmedia&parent=115497"}],"wp:term":[{"taxonomy":"category","embeddable":true,"href":"https:\/\/aconteceunovale.com.br\/portal\/index.php?rest_route=%2Fwp%2Fv2%2Fcategories&post=115497"},{"taxonomy":"post_tag","embeddable":true,"href":"https:\/\/aconteceunovale.com.br\/portal\/index.php?rest_route=%2Fwp%2Fv2%2Ftags&post=115497"}],"curies":[{"name":"wp","href":"https:\/\/api.w.org\/{rel}","templated":true}]}}