{"id":115494,"date":"2017-05-22T20:11:46","date_gmt":"2017-05-22T22:11:46","guid":{"rendered":"http:\/\/aconteceunovale.com.br\/portal\/?p=115494"},"modified":"2017-05-22T20:11:46","modified_gmt":"2017-05-22T22:11:46","slug":"taxi-roubado-em-montes-claros-e-encontrado-no-municipio-de-coracao-de-jesus","status":"publish","type":"post","link":"https:\/\/aconteceunovale.com.br\/portal\/?p=115494","title":{"rendered":"T\u00e1xi roubado em Montes Claros \u00e9 encontrado no munic\u00edpio de Cora\u00e7\u00e3o de Jesus"},"content":{"rendered":"<p>Um taxista de 68 anos teve o carro roubado em Montes Claros, nesse domingo (21\/05\/2017). De acordo com a Pol\u00edcia Militar (PM), a v\u00edtima relatou que foi abordada no Centro da cidade e ap\u00f3s roubar o ve\u00edculo, o criminoso armado fugiu sentido a Avenida Dulce Sarmento. Al\u00e9m do t\u00e1xi, ele levou documentos pessoais, R$ 150 e tr\u00eas celulares.<\/p>\n<p>Durante rastreamento, os militares receberam informa\u00e7\u00f5es de que o t\u00e1xi foi visto em uma festa religiosa na comunidade de Fonseca, na Zona rural de Cora\u00e7\u00e3o de Jesus. Testemunhas disseram que o condutor apresentava sinais de embriaguez, dirigia fazendo manobras perigosas e chegou a danificar um carro no local. <\/p>\n<p>Com ajuda de moradores, os militares encontraram o ve\u00edculo dentro de uma mata fechada e foi necess\u00e1rio o uso de um trator para fazer o reboque.<\/p>\n<p>Ainda em Cora\u00e7\u00e3o de Jesus, um homem, de 27 anos, foi preso suspeito de envolvimento no crime e o comparsa dele est\u00e1 sendo procurado. A PM informou que ele tem passagens por tr\u00e1fico de drogas, roubo e recepta\u00e7\u00e3o. Ainda segundo a pol\u00edcia, ao ser detido o homem informou um nome falso.<\/p>\n<p><img decoding=\"async\" src=\"http:\/\/aconteceunovale.com.br\/portal\/wp-content\/uploads\/2017\/05\/taxi_moc_roubado.jpg\" alt=\"\" \/><em>Ve\u00edculo foi encontrado na zona rural de Cora\u00e7\u00e3o de Jesus (Foto: Pol\u00edcia Militar\/Divulga\u00e7\u00e3o)<\/em><br \/>\n<\/br><\/p>\n<p><strong>VER PRIMEIRO<\/strong><\/p>\n<p>Receba as not\u00edcias do Aconteceu no Vale em primeira m\u00e3o. Clique em curtir no endere\u00e7o <a href=\"https:\/\/www.facebook.com\/aconteceunovale\" target=\"_blank\"><font color=\"red\">www.facebook.com\/aconteceunovale<\/font><\/a> ou no box abaixo:<\/p>\n<div class=\"fb-like\" data-href=\"https:\/\/www.facebook.com\/aconteceunovale\" data-width=\"120\" data-layout=\"standard\" data-action=\"like\" data-size=\"small\" data-show-faces=\"true\" data-share=\"true\"><\/div>\n<p><\/br><\/p>\n<p><em>(Fonte: G1 Grande Minas)<\/em><\/p>\n","protected":false},"excerpt":{"rendered":"<p>Um taxista de 68 anos teve o carro roubado em Montes Claros, nesse domingo (21\/05\/2017). De acordo com a Pol\u00edcia Militar (PM), a v\u00edtima relatou que foi abordada no Centro da cidade e ap\u00f3s roubar o ve\u00edculo, o criminoso armado fugiu sentido a Avenida Dulce Sarmento. Al\u00e9m do t\u00e1xi, ele levou documentos pessoais, R$ 150 [&hellip;]<\/p>\n","protected":false},"author":1,"featured_media":115495,"comment_status":"open","ping_status":"closed","sticky":false,"template":"","format":"standard","meta":{"amp_status":"","footnotes":""},"categories":[1236],"tags":[1801,149875,149876,149874,149873],"class_list":["post-115494","post","type-post","status-publish","format-standard","has-post-thumbnail","hentry","category-norte_de_minas","tag-coracao-de-jesus","tag-roubo-de-taxi-em-montes-claros","tag-taxi-encontrado-em-coracao-de-jesus","tag-taxi-roubado-em-montes-claros","tag-taxi-roubado-em-montes-claros-e-encontrado-no-municipio-de-coracao-de-jesus"],"_links":{"self":[{"href":"https:\/\/aconteceunovale.com.br\/portal\/index.php?rest_route=\/wp\/v2\/posts\/115494","targetHints":{"allow":["GET"]}}],"collection":[{"href":"https:\/\/aconteceunovale.com.br\/portal\/index.php?rest_route=\/wp\/v2\/posts"}],"about":[{"href":"https:\/\/aconteceunovale.com.br\/portal\/index.php?rest_route=\/wp\/v2\/types\/post"}],"author":[{"embeddable":true,"href":"https:\/\/aconteceunovale.com.br\/portal\/index.php?rest_route=\/wp\/v2\/users\/1"}],"replies":[{"embeddable":true,"href":"https:\/\/aconteceunovale.com.br\/portal\/index.php?rest_route=%2Fwp%2Fv2%2Fcomments&post=115494"}],"version-history":[{"count":0,"href":"https:\/\/aconteceunovale.com.br\/portal\/index.php?rest_route=\/wp\/v2\/posts\/115494\/revisions"}],"wp:featuredmedia":[{"embeddable":true,"href":"https:\/\/aconteceunovale.com.br\/portal\/index.php?rest_route=\/wp\/v2\/media\/115495"}],"wp:attachment":[{"href":"https:\/\/aconteceunovale.com.br\/portal\/index.php?rest_route=%2Fwp%2Fv2%2Fmedia&parent=115494"}],"wp:term":[{"taxonomy":"category","embeddable":true,"href":"https:\/\/aconteceunovale.com.br\/portal\/index.php?rest_route=%2Fwp%2Fv2%2Fcategories&post=115494"},{"taxonomy":"post_tag","embeddable":true,"href":"https:\/\/aconteceunovale.com.br\/portal\/index.php?rest_route=%2Fwp%2Fv2%2Ftags&post=115494"}],"curies":[{"name":"wp","href":"https:\/\/api.w.org\/{rel}","templated":true}]}}