{"id":115490,"date":"2017-05-22T20:01:17","date_gmt":"2017-05-22T22:01:17","guid":{"rendered":"http:\/\/aconteceunovale.com.br\/portal\/?p=115490"},"modified":"2017-05-22T20:01:17","modified_gmt":"2017-05-22T22:01:17","slug":"aula-inaugural-em-governador-valadares-da-inicio-a-segunda-fase-do-capacita-suas","status":"publish","type":"post","link":"https:\/\/aconteceunovale.com.br\/portal\/?p=115490","title":{"rendered":"Aula inaugural em Governador Valadares d\u00e1 in\u00edcio \u00e0 segunda fase do Capacita Suas"},"content":{"rendered":"<p>A segunda etapa do Capacita Suas teve in\u00edcio nesta segunda-feira (22\/05) na cidade de Governador Valadares, Territ\u00f3rio Vale do Rio Doce, em Minas Gerais. Cerca de 130 pessoas, entre gestores, t\u00e9cnicos e secret\u00e1rios da assist\u00eancia social, representando 82 munic\u00edpios estiveram presentes na aula inaugural do curso de \u201cAtualiza\u00e7\u00e3o em Vigil\u00e2ncia Socioassistencial do Suas\u201d.<\/p>\n<p>De acordo com o \u00faltimo Censo Suas, realizado em 2016, 88% dos \u00f3rg\u00e3os gestores da pol\u00edtica de assist\u00eancia social no estado n\u00e3o possuem profissionais exclusivos para a vigil\u00e2ncia socioassistencial.<\/p>\n<p>A iniciativa da Sedese vem para preencher essa lacuna. &#8220;A vigil\u00e2ncia \u00e9 importante para que a gente conhe\u00e7a o nosso trabalho, por meio de indicadores e dados. Ela \u00e9 um instrumento de gest\u00e3o e sem ela \u00e9 muito dif\u00edcil que pol\u00edtica de assist\u00eancia social avance&#8221;, afirmou o chefe de gabinete da Sedese, Ronaldo Camargos.<\/p>\n<p>A mesa de abertura contou ainda com a presen\u00e7a da coordenadora geral da Unis\/Fapemig, Nancy Christiane, do professor e coordenador do Capacita Suas da Funda\u00e7\u00e3o Jo\u00e3o Pinheiro, Marcos Assis, e do diretor regional da Sedese em Governador Valadares, Jaime Lu\u00eds.<\/p>\n<p>Para Simone Fernandes, coordenadora da vigil\u00e2ncia socioassistencial na cidade de Governador Valadares, a vigil\u00e2ncia produz informa\u00e7\u00f5es sobre os riscos e vulnerabilidades que afetam os territ\u00f3rios, al\u00e9m de informa\u00e7\u00f5es sobre os padr\u00f5es dos servi\u00e7os ofertados pela assist\u00eancia e isso \u00e9 de fundamental import\u00e2ncia.<\/p>\n<p>\u201cDessa forma, a vigil\u00e2ncia contribui para o planejamento dos servi\u00e7os conforme as necessidades da popula\u00e7\u00e3o\u201d, explica Simone.<\/p>\n<p>O objetivo da capacita\u00e7\u00e3o dos trabalhadores \u00e9 aprimorar o trabalho e a gest\u00e3o nos munic\u00edpios.<\/p>\n<p>Eliane Alvarenga, secret\u00e1ria municipal de assist\u00eancia social de Reduto, participou da capacita\u00e7\u00e3o no ano passado e explica como foi importante para a gest\u00e3o da assist\u00eancia social no munic\u00edpio, que enfrentava bloqueio de recursos.<\/p>\n<p>\u201cN\u00f3s n\u00e3o t\u00ednhamos entendimento do funcionamento do sistema, ele n\u00e3o estava sendo alimentado da forma correta. Quando eu participei na primeira capacita\u00e7\u00e3o percebi o que estava errado, conseguimos colocar tudo em pr\u00e1tica e desbloquear todos os recursos, que nesse ano j\u00e1 come\u00e7aram a cair\u201d, afirma Eliane.<\/p>\n<p>A primeira fase do Capacita Suas foi executada nos meses de agosto a dezembro de 2016, com a oferta dos cursos de \u201cgest\u00e3o Or\u00e7ament\u00e1ria e Financeira do Suas\u201d e \u201cAtualiza\u00e7\u00e3o sobre Especificidade e Interfaces da Prote\u00e7\u00e3o Social B\u00e1sica\u201d, em 21 polos de capacita\u00e7\u00e3o<\/p>\n<p>Tamb\u00e9m em Passos, no Territ\u00f3rio Sudoeste, foi ministrada nesta segunda-feira, a aula inaugural do Capacita Suas, pelo superintendente de Capacita\u00e7\u00e3o, Monitoramento, Controle e Avalia\u00e7\u00e3o de Pol\u00edticas de Assist\u00eancia Social, Jaime Adriano Rabelo.<\/p>\n<p>Nessa segunda fase do Capacita Suas, que acontece entre os meses de maio a julho, nos 21 polos de capacita\u00e7\u00e3o distribu\u00eddos pelo estado, est\u00e3o previstas 1.748 vagas, em 45 turmas.<\/p>\n<p><img decoding=\"async\" src=\"http:\/\/aconteceunovale.com.br\/portal\/wp-content\/uploads\/2017\/05\/capacita_suas_gv_1.jpg\" alt=\"\" \/><em>Aula inaugural em Valadares d\u00e1 in\u00edcio \u00e0 segunda fase do Capacita Suas (Divulga\u00e7\u00e3o\/Sedese)<\/em><br \/>\n<\/br><\/p>\n<p><img decoding=\"async\" src=\"http:\/\/aconteceunovale.com.br\/portal\/wp-content\/uploads\/2017\/05\/capacita_suas_gv_2.jpg\" alt=\"\" \/><em>Aula inaugural em Valadares d\u00e1 in\u00edcio \u00e0 segunda fase do Capacita Suas (Divulga\u00e7\u00e3o\/Sedese)<\/em><br \/>\n<\/br><\/p>\n<p><strong>VER PRIMEIRO<\/strong><\/p>\n<p>Receba as not\u00edcias do Aconteceu no Vale em primeira m\u00e3o. Clique em curtir no endere\u00e7o <a href=\"https:\/\/www.facebook.com\/aconteceunovale\" target=\"_blank\"><font color=\"red\">www.facebook.com\/aconteceunovale<\/font><\/a> ou no box abaixo:<\/p>\n<div class=\"fb-like\" data-href=\"https:\/\/www.facebook.com\/aconteceunovale\" data-width=\"120\" data-layout=\"standard\" data-action=\"like\" data-size=\"small\" data-show-faces=\"true\" data-share=\"true\"><\/div>\n<p><\/br><\/p>\n<p><em>(Fonte: Sedese\/Ag\u00eancia Minas)<\/em><\/p>\n","protected":false},"excerpt":{"rendered":"<p>A segunda etapa do Capacita Suas teve in\u00edcio nesta segunda-feira (22\/05) na cidade de Governador Valadares, Territ\u00f3rio Vale do Rio Doce, em Minas Gerais. Cerca de 130 pessoas, entre gestores, t\u00e9cnicos e secret\u00e1rios da assist\u00eancia social, representando 82 munic\u00edpios estiveram presentes na aula inaugural do curso de \u201cAtualiza\u00e7\u00e3o em Vigil\u00e2ncia Socioassistencial do Suas\u201d. De acordo [&hellip;]<\/p>\n","protected":false},"author":1,"featured_media":115492,"comment_status":"open","ping_status":"closed","sticky":false,"template":"","format":"standard","meta":{"amp_status":"","footnotes":""},"categories":[40238,121],"tags":[149865,149860,149861,149869,149862,29801,247,149872,149870,149867,149866,27579,149871,149864,149863,149868],"class_list":["post-115490","post","type-post","status-publish","format-standard","has-post-thumbnail","hentry","category-educacao-2","category-leste","tag-atualizacao-em-vigilancia-socioassistencial-do-suas","tag-aula-inaugural-em-governador-valadares-da-inicio-a-segunda-fase-do-capacita-suas","tag-capacita-suas","tag-capacita-suas-da-fundacao-joao-pinheiro","tag-capacita-suas-em-governador-valadares","tag-fapemig","tag-governador-valadares","tag-jaime-luis","tag-marcos-assis","tag-nancy-christiane","tag-ronaldo-camargos","tag-sedese","tag-sedese-em-governador-valadares","tag-segunda-etapa-do-capacita-suas","tag-segunda-fase-do-capacita-suas","tag-unisfapemig"],"_links":{"self":[{"href":"https:\/\/aconteceunovale.com.br\/portal\/index.php?rest_route=\/wp\/v2\/posts\/115490","targetHints":{"allow":["GET"]}}],"collection":[{"href":"https:\/\/aconteceunovale.com.br\/portal\/index.php?rest_route=\/wp\/v2\/posts"}],"about":[{"href":"https:\/\/aconteceunovale.com.br\/portal\/index.php?rest_route=\/wp\/v2\/types\/post"}],"author":[{"embeddable":true,"href":"https:\/\/aconteceunovale.com.br\/portal\/index.php?rest_route=\/wp\/v2\/users\/1"}],"replies":[{"embeddable":true,"href":"https:\/\/aconteceunovale.com.br\/portal\/index.php?rest_route=%2Fwp%2Fv2%2Fcomments&post=115490"}],"version-history":[{"count":0,"href":"https:\/\/aconteceunovale.com.br\/portal\/index.php?rest_route=\/wp\/v2\/posts\/115490\/revisions"}],"wp:featuredmedia":[{"embeddable":true,"href":"https:\/\/aconteceunovale.com.br\/portal\/index.php?rest_route=\/wp\/v2\/media\/115492"}],"wp:attachment":[{"href":"https:\/\/aconteceunovale.com.br\/portal\/index.php?rest_route=%2Fwp%2Fv2%2Fmedia&parent=115490"}],"wp:term":[{"taxonomy":"category","embeddable":true,"href":"https:\/\/aconteceunovale.com.br\/portal\/index.php?rest_route=%2Fwp%2Fv2%2Fcategories&post=115490"},{"taxonomy":"post_tag","embeddable":true,"href":"https:\/\/aconteceunovale.com.br\/portal\/index.php?rest_route=%2Fwp%2Fv2%2Ftags&post=115490"}],"curies":[{"name":"wp","href":"https:\/\/api.w.org\/{rel}","templated":true}]}}