{"id":115487,"date":"2017-05-22T15:20:33","date_gmt":"2017-05-22T17:20:33","guid":{"rendered":"http:\/\/aconteceunovale.com.br\/portal\/?p=115487"},"modified":"2017-05-22T15:20:33","modified_gmt":"2017-05-22T17:20:33","slug":"alunos-atletas-que-disputaram-o-jemg-participam-de-grandes-competicoes-nacionais","status":"publish","type":"post","link":"https:\/\/aconteceunovale.com.br\/portal\/?p=115487","title":{"rendered":"Alunos-atletas que disputaram o Jemg participam de grandes competi\u00e7\u00f5es nacionais"},"content":{"rendered":"<p>Os Jogos Escolares de Minas Gerais (Jemg), realizados pelas Secretarias de Estado de\u00a0Esportes (Seesp)\u00a0e\u00a0Educa\u00e7\u00e3o (SEE), s\u00e3o a porta de entrada para muitos estudantes no desporto e paradesporto. Muitos desses competidores buscam investir nas modalidades e participar de disputas para alavancarem suas carreiras esportivas.<\/p>\n<p>\u00c9 o caso de \u00c1lvaro Dourado Barbosa, Jean Fernandes Alves e Marcos Vin\u00edcius Coelho que, na \u00faltima semana, disputaram o Campeonato Brasileiro de Sele\u00e7\u00f5es (CBS) na categoria sub-18 masculino da divis\u00e3o especial, em Uberl\u00e2ndia, Territ\u00f3rio Tri\u00e2ngulo Norte.<\/p>\n<p>O campeonato, organizado pela Federa\u00e7\u00e3o Mineira de Voleibol (FMV) e dirigido pela Confedera\u00e7\u00e3o Brasileira de Voleibol (CBV), contou com a participa\u00e7\u00e3o de oito sele\u00e7\u00f5es representando os estados de Minas Gerais, Mato Grosso do Sul, Par\u00e1, Paran\u00e1, Rio de Janeiro, Rio Grande do Sul, Santa Catarina e S\u00e3o Paulo.<\/p>\n<p>Os mineiros encerraram a competi\u00e7\u00e3o com o segundo lugar, atr\u00e1s dos paranaenses.<\/p>\n<p><img decoding=\"async\" src=\"http:\/\/aconteceunovale.com.br\/portal\/wp-content\/uploads\/2017\/05\/jogadores_mg.jpg\" alt=\"\" \/><em>Competidores buscam investir nas modalidades e participar de disputas para alavancarem suas carreiras (Foto: Raphael Oliveira \/ Confedera\u00e7\u00e3o Brasileira de Voleibol &#8211; CBV)<\/em><br \/>\n<\/br><\/p>\n<p><strong>Foco na carreira<\/strong><\/p>\n<p>Marcos Vin\u00edcius Coelho, de 16 anos, joga v\u00f4lei desde 2014 e participou do Jemg em 2016, considerando a experi\u00eancia de grande import\u00e2ncia para sua carreira.<\/p>\n<p>\u201cTive a oportunidade de aprender muitas coisas que n\u00e3o percebia nos treinos, como erros recorrentes na marca\u00e7\u00e3o de bloqueio, na postura do passe e no movimento de ataque. Assim, depois eu pude melhorar\u201d, relata o jovem.<\/p>\n<p>Atualmente, Marcos joga nas categorias de base do Minas T\u00eanis Clube, mas come\u00e7ou no time do Cruzeiro treinado por Manoel Pereira, tamb\u00e9m t\u00e9cnico da sele\u00e7\u00e3o mineira. \u201cPara mim, a competi\u00e7\u00e3o \u00e9 uma grande experi\u00eancia. Ali\u00e1s, \u00e9 o campeonato de maior n\u00edvel de voleibol do Brasil, uma das melhores coisas que pude ter na base\u201d, completa.<\/p>\n<p>A partir de desta ter\u00e7a-feira (23\/5) at\u00e9 s\u00e1bado (27\/5), Uberl\u00e2ndia tamb\u00e9m sediar\u00e1 outra categoria do Campeonato Brasileiro de Sele\u00e7\u00f5es: a sub-17 feminino da divis\u00e3o especial.<\/p>\n<p>A t\u00e9cnica da delega\u00e7\u00e3o mineira, Mirtes Fran\u00e7a, tamb\u00e9m foi campe\u00e3 do Jemg por v\u00e1rias vezes e esteve com suas atletas nos Jogos Escolares da Juventude (JEJ) \u2013 competi\u00e7\u00e3o nacional para a qual os campe\u00f5es escolares estaduais se classificam. Em 2012, treinou a jogadora Fernanda Campos, que venceu o Jemg e, atualmente, \u00e9 vice-campe\u00e3 da Superliga pelo Osasco.<\/p>\n<p>Paratletas tamb\u00e9m se destacaram em duas grandes competi\u00e7\u00f5es realizadas neste ano: os Jogos Parapan-Americanos de Jovens, realizados em S\u00e3o Paulo (SP) em mar\u00e7o, e na etapa Centro-Leste do Circuito Caixa Loterias, em Bras\u00edlia no m\u00eas de abril.<\/p>\n<p>Na primeira, dos 14 representantes de Minas Gerais, nove j\u00e1 disputaram o Jemg e contribu\u00edram para a vit\u00f3ria brasileira, trazendo medalhas nas modalidades de atletismo, halterofilismo, goalball, nata\u00e7\u00e3o, t\u00eanis em cadeira de rodas e t\u00eanis de mesa.<\/p>\n<p>J\u00e1 na segunda, a atleta de maior pontua\u00e7\u00e3o no naipe feminino, Laila Garcia, foi campe\u00e3 do Jemg em 2015 e contribuiu para a marca de 281 medalhas mineiras na competi\u00e7\u00e3o.<\/p>\n<p><strong>Etapa microrregional<\/strong><\/p>\n<p>Desde 1\u00ba de maio e at\u00e9 18 de junho, na primeira fase do Jemg, a microrregional, passar\u00e1 por 49 cidades mineiras, divididas de acordo com as Superintend\u00eancias Regionais de Ensino (SRE) da Secretaria de Estado de Educa\u00e7\u00e3o.<\/p>\n<p>Na semana passada, os classificados para a etapa regional foram conhecidos em mais sete cidades: Carangola (Mata), C\u00e1ssia (Sudoeste), Mariana (Metropolitano), Nova Serrana (Oeste), Ponte Nova (Capara\u00f3), S\u00e3o Jo\u00e3o Evangelista (Vale do Rio Doce) e Santa Vit\u00f3ria (Tri\u00e2ngulo Norte).<\/p>\n<p>Nesta semana, alunos-atletas de 140 munic\u00edpios competem em outras sete cidades-sede: Janu\u00e1ria (Norte), Montes Claros (Norte), Muria\u00e9 (Mata), Pedra Azul (M\u00e9dio e Baixo Jequitinhonha), Prata (Tri\u00e2ngulo Norte), S\u00e3o Jo\u00e3o Del Rei (Vertentes), Te\u00f3filo Otoni (Mucuri) e Varginha (Sul).<\/p>\n<p><strong>Jemg<\/strong><\/p>\n<p>O Jemg, o maior e mais importante programa esportivo-educacional do estado, \u00e9 uma ferramenta pedag\u00f3gica que valoriza a pr\u00e1tica do desporto e a constru\u00e7\u00e3o da cidadania de jovens alunos-atletas. Realizado pelo\u00a0Governo de Minas Gerais\u00a0permite que todas as escolas de ensino fundamental e m\u00e9dio dos 853 munic\u00edpios mineiros participem.<\/p>\n<p><strong>VER PRIMEIRO<\/strong><\/p>\n<p>Receba as not\u00edcias do Aconteceu no Vale em primeira m\u00e3o. Clique em curtir no endere\u00e7o <a href=\"https:\/\/www.facebook.com\/aconteceunovale\" target=\"_blank\"><font color=\"red\">www.facebook.com\/aconteceunovale<\/font><\/a> ou no box abaixo:<\/p>\n<div class=\"fb-like\" data-href=\"https:\/\/www.facebook.com\/aconteceunovale\" data-width=\"120\" data-layout=\"standard\" data-action=\"like\" data-size=\"small\" data-show-faces=\"true\" data-share=\"true\"><\/div>\n<p><\/br><\/p>\n<p><em>(Fonte: Ag\u00eancia Minas)<\/em><\/p>\n","protected":false},"excerpt":{"rendered":"<p>Os Jogos Escolares de Minas Gerais (Jemg), realizados pelas Secretarias de Estado de\u00a0Esportes (Seesp)\u00a0e\u00a0Educa\u00e7\u00e3o (SEE), s\u00e3o a porta de entrada para muitos estudantes no desporto e paradesporto. Muitos desses competidores buscam investir nas modalidades e participar de disputas para alavancarem suas carreiras esportivas. \u00c9 o caso de \u00c1lvaro Dourado Barbosa, Jean Fernandes Alves e Marcos [&hellip;]<\/p>\n","protected":false},"author":1,"featured_media":115488,"comment_status":"open","ping_status":"closed","sticky":false,"template":"","format":"standard","meta":{"amp_status":"","footnotes":""},"categories":[59,123],"tags":[149859,149850,149853,149854,149858,149857,149855,149856,149851,858,857,149852,221],"class_list":["post-115487","post","type-post","status-publish","format-standard","has-post-thumbnail","hentry","category-sports","category-gerais","tag-alunos-atletas-que-disputaram-o-jemg-participam-de-grandes-competicoes-nacionais","tag-alvaro-dourado-barbosa","tag-campeonato-brasileiro-de-selecoes","tag-cbs","tag-cbv","tag-confederacao-brasileira-de-voleibol","tag-federacao-mineira-de-voleibol","tag-fmv","tag-jean-fernandes-alves","tag-jemg","tag-jogos-escolares-de-minas-gerais","tag-marcos-vinicius-coelho","tag-uberlandia"],"_links":{"self":[{"href":"https:\/\/aconteceunovale.com.br\/portal\/index.php?rest_route=\/wp\/v2\/posts\/115487","targetHints":{"allow":["GET"]}}],"collection":[{"href":"https:\/\/aconteceunovale.com.br\/portal\/index.php?rest_route=\/wp\/v2\/posts"}],"about":[{"href":"https:\/\/aconteceunovale.com.br\/portal\/index.php?rest_route=\/wp\/v2\/types\/post"}],"author":[{"embeddable":true,"href":"https:\/\/aconteceunovale.com.br\/portal\/index.php?rest_route=\/wp\/v2\/users\/1"}],"replies":[{"embeddable":true,"href":"https:\/\/aconteceunovale.com.br\/portal\/index.php?rest_route=%2Fwp%2Fv2%2Fcomments&post=115487"}],"version-history":[{"count":0,"href":"https:\/\/aconteceunovale.com.br\/portal\/index.php?rest_route=\/wp\/v2\/posts\/115487\/revisions"}],"wp:featuredmedia":[{"embeddable":true,"href":"https:\/\/aconteceunovale.com.br\/portal\/index.php?rest_route=\/wp\/v2\/media\/115488"}],"wp:attachment":[{"href":"https:\/\/aconteceunovale.com.br\/portal\/index.php?rest_route=%2Fwp%2Fv2%2Fmedia&parent=115487"}],"wp:term":[{"taxonomy":"category","embeddable":true,"href":"https:\/\/aconteceunovale.com.br\/portal\/index.php?rest_route=%2Fwp%2Fv2%2Fcategories&post=115487"},{"taxonomy":"post_tag","embeddable":true,"href":"https:\/\/aconteceunovale.com.br\/portal\/index.php?rest_route=%2Fwp%2Fv2%2Ftags&post=115487"}],"curies":[{"name":"wp","href":"https:\/\/api.w.org\/{rel}","templated":true}]}}