{"id":115484,"date":"2017-05-22T13:57:05","date_gmt":"2017-05-22T15:57:05","guid":{"rendered":"http:\/\/aconteceunovale.com.br\/portal\/?p=115484"},"modified":"2017-05-22T13:57:05","modified_gmt":"2017-05-22T15:57:05","slug":"jumento-pega-e-uma-das-racas-em-destaque-na-57a-exposicao-estadual-agropecuaria","status":"publish","type":"post","link":"https:\/\/aconteceunovale.com.br\/portal\/?p=115484","title":{"rendered":"Jumento P\u00eaga \u00e9 uma das ra\u00e7as em destaque na 57\u00aa Exposi\u00e7\u00e3o Estadual Agropecu\u00e1ria"},"content":{"rendered":"<p>Na tradicional pista de julgamentos do Parque de Exposi\u00e7\u00f5es da Gameleira, em Belo Horizonte, o p\u00fablico poder\u00e1 apreciar a rusticidade, a resist\u00eancia e a versatilidade do jumento p\u00eaga, uma das ra\u00e7as de equ\u00eddeos presentes na 57\u00aa Exposi\u00e7\u00e3o Estadual Agropecu\u00e1ria, que ser\u00e1 realizada entre 1\u00ba a 4 de junho.<\/p>\n<p>Um dos destaques do evento ser\u00e1 a 32\u00aa Exposi\u00e7\u00e3o Nacional de Jumento P\u00eaga (Enap\u00eaga), que vai comemorar os 70 anos de cria\u00e7\u00e3o da Associa\u00e7\u00e3o Brasileira dos Criadores de Jumento P\u00eaga (ABCJP\u00eaga). Est\u00e3o previstos na pista cerca de 200 exemplares de Minas Gerais e de outros estados, numa mostra especial com o melhor da ra\u00e7a, onde ser\u00e3o avaliados quesitos como morfologia e andamentos.<\/p>\n<p>De acordo com o presidente da ABCJP\u00eaga, M\u00e1rcio Jos\u00e9 de Campos, o anivers\u00e1rio de 70 anos da associa\u00e7\u00e3o representa a for\u00e7a e a presen\u00e7a da ra\u00e7a em diversos planteis do Brasil.<\/p>\n<p>\u201c\u00c9 crescente a procura pelo animal, cuja ra\u00e7a \u00e9 ideal para o cruzamento com diversos tipos de \u00e9guas para a produ\u00e7\u00e3o de h\u00edbridos (burros e mulas). Estes animais t\u00eam forte potencial para trabalhos no campo como, por exemplo, a lida di\u00e1ria com o gado\u201d, informa Campos.<\/p>\n<p><img decoding=\"async\" src=\"http:\/\/aconteceunovale.com.br\/portal\/wp-content\/uploads\/2017\/05\/Jumento_Pega_1.jpg\" alt=\"\" \/><em>A ra\u00e7a jumento surgiu no S\u00e9culo XIX, em Lagoa Dourada (Foto: Divulga\u00e7\u00e3o\/IMA)<\/em><br \/>\n<\/br><\/p>\n<p><strong>Campe\u00f5es<\/strong><\/p>\n<p>A ra\u00e7a jumento surgiu no S\u00e9culo XIX, em Lagoa Dourada, munic\u00edpio de Minas Gerais. Marco Ant\u00f4nio Andrade Barbosa integra o rol de criadores tradicionais. Ele cria jumentos p\u00eaga h\u00e1 mais de 40 anos em sua fazenda em Uberaba.<\/p>\n<p>\u201cComecei para produzir muares (mulas e burros) para manejo de gado. Al\u00e9m disso, o p\u00eaga \u00e9 usado tamb\u00e9m como tra\u00e7\u00e3o animal, em cavalgadas e concursos de marcha\u201d, diz Barbosa.<\/p>\n<p>Com um plantel de 120 animais, sendo 60 f\u00eameas em reprodu\u00e7\u00e3o e 10 animais reprodutores, todos premiados em feiras de agroneg\u00f3cio do pa\u00eds, Barbosa levar\u00e1 15 exemplares para a 57\u00aa Exposi\u00e7\u00e3o Estadual Agropecu\u00e1ria. Os destaques ser\u00e3o os grandes campe\u00f5es do ano passado, o macho Maab Sult\u00e3o e a f\u00eamea Maab Rosabela.<\/p>\n<p>\u201cOs campe\u00f5es estar\u00e3o presentes novamente nesta edi\u00e7\u00e3o da Exposi\u00e7\u00e3o Estadual, que representa uma vitrine para o agroneg\u00f3cio, uma \u00f3tima oportunidade para a divulga\u00e7\u00e3o da ra\u00e7a\u201d, comemora.<\/p>\n<p><strong>Shopping<\/strong><\/p>\n<p>O criador de jumentos p\u00eaga da cidade paulista de Quadra, Lucas Radel, estar\u00e1 presente no evento e levar\u00e1 uma novidade para o Parque da Gameleira: o Shopping Haras de Pascoal, um espa\u00e7o que ter\u00e1 mais de 50 animais da ra\u00e7a \u00e0 venda durante a programa\u00e7\u00e3o do evento. Ser\u00e3o exemplares de diversos planteis do pa\u00eds.<\/p>\n<p>Estes animais tamb\u00e9m participar\u00e3o dos julgamentos na pista do Parque da Gameleira. \u201cApesar da crise, a expectativa para o evento \u00e9 muito positiva. O tradicional Parque da Gameleira \u00e9 uma das principais pra\u00e7as de exposi\u00e7\u00e3o do Brasil\u201d, comenta. Radel levar\u00e1 para a exposi\u00e7\u00e3o o bicampe\u00e3o nacional \u2018Cabur\u00e9 da Certeza\u2019, conhecido \u201ccomo o melhor marchador da ra\u00e7a\u201d.<\/p>\n<p><strong>Preg\u00e3o<\/strong><\/p>\n<p>O 16\u00ba Leil\u00e3o dos Associados da ABCJP\u00eaga no dia 3\/6, \u00e0s 18h, no Pavilh\u00e3o Redondo do Parque da Gameleira, contar\u00e1 com 30 lotes e valor m\u00e9dio de R$ 13 mil por animal. Estar\u00e3o \u00e0 venda exemplares provenientes da Bahia, Par\u00e1, Minas Gerais e S\u00e3o Paulo.\u00a0 A expectativa \u00e9 que o preg\u00e3o fature R$ 390 mil.<\/p>\n<p><strong>Realiza\u00e7\u00e3o<\/strong><\/p>\n<p>A 57\u00aa Exposi\u00e7\u00e3o vai reunir cerca de 1.200 animais incluindo, al\u00e9m dos caprinos e ovinos, exemplares de bovinos das ra\u00e7as brahman, guzer\u00e1, nelore, senepol e sindi, b\u00fafalos e equ\u00eddeos das ra\u00e7as \u00e1rabe, campolina, jumento p\u00eaga, mangalarga marchador, pampa e p\u00f4nei.<\/p>\n<p>Desde mar\u00e7o o Parque da Gameleira vem passando por obras de reformas e revitaliza\u00e7\u00e3o, que devem ser finalizadas ainda neste m\u00eas para receber a exposi\u00e7\u00e3o.<\/p>\n<p>Com recursos da\u00a0Companhia de Desenvolvimento Econ\u00f4mico de Minas Gerais (Codemig), na ordem de R$ 4,36 milh\u00f5es, foram feitas pinturas de pavilh\u00f5es e baias, constru\u00e7\u00e3o de banheiros com acessibilidade para portadores de necessidades especiais e reconstru\u00e7\u00e3o de currais, dentre outras melhorias.<\/p>\n<p>A exposi\u00e7\u00e3o ter\u00e1 entrada gratuita e \u00e9 uma realiza\u00e7\u00e3o do\u00a0Governo de Minas Gerais, por meio da\u00a0Secretaria de Estado de Agricultura, Pecu\u00e1ria e Abastecimento (Seapa)\u00a0e do\u00a0Instituto Mineiro de Agropecu\u00e1ria (IMA), em parceria com as institui\u00e7\u00f5es vinculadas\u00a0Emater-MG\u00a0e\u00a0Epamig\u00a0e com a Federa\u00e7\u00e3o da Agricultura e Pecu\u00e1ria do Estado de Minas Gerais (Faemg).<\/p>\n<p><strong>VER PRIMEIRO<\/strong><\/p>\n<p>Receba as not\u00edcias do Aconteceu no Vale em primeira m\u00e3o. Clique em curtir no endere\u00e7o <a href=\"https:\/\/www.facebook.com\/aconteceunovale\" target=\"_blank\"><font color=\"red\">www.facebook.com\/aconteceunovale<\/font><\/a> ou no box abaixo:<\/p>\n<div class=\"fb-like\" data-href=\"https:\/\/www.facebook.com\/aconteceunovale\" data-width=\"120\" data-layout=\"standard\" data-action=\"like\" data-size=\"small\" data-show-faces=\"true\" data-share=\"true\"><\/div>\n<p><\/br><\/p>\n<p><em>(Fonte: Ag\u00eancia Minas)<\/em><\/p>\n","protected":false},"excerpt":{"rendered":"<p>Na tradicional pista de julgamentos do Parque de Exposi\u00e7\u00f5es da Gameleira, em Belo Horizonte, o p\u00fablico poder\u00e1 apreciar a rusticidade, a resist\u00eancia e a versatilidade do jumento p\u00eaga, uma das ra\u00e7as de equ\u00eddeos presentes na 57\u00aa Exposi\u00e7\u00e3o Estadual Agropecu\u00e1ria, que ser\u00e1 realizada entre 1\u00ba a 4 de junho. Um dos destaques do evento ser\u00e1 a [&hellip;]<\/p>\n","protected":false},"author":1,"featured_media":115485,"comment_status":"open","ping_status":"closed","sticky":false,"template":"","format":"standard","meta":{"amp_status":"","footnotes":""},"categories":[123],"tags":[149841,149840,149845,149844,194,149838,1018,149842,149843,149835,149849,1765,149848,149846,149847,149834,132674,149836,149837,149839],"class_list":["post-115484","post","type-post","status-publish","format-standard","has-post-thumbnail","hentry","category-gerais","tag-32a-exposicao-nacional-de-jumento-pega","tag-57a-exposicao-estadual-agropecuaria","tag-abcjpega","tag-associacao-brasileira-dos-criadores-de-jumento-pega","tag-belo-horizonte","tag-caracteristicas-do-jumento-pega","tag-destaque","tag-enapega","tag-exposicao-nacional-de-jumento-pega","tag-jumento-pega","tag-jumento-pega-e-uma-das-racas-em-destaque-na-57a-exposicao-estadual-agropecuaria","tag-lagoa-dourada","tag-lucas-radel","tag-marcio-jose-de-campos","tag-marco-antonio-andrade-barbosa","tag-parque-de-exposicoes-da-gameleira","tag-quadra","tag-qualidades-do-jumento-pega","tag-resistencia-do-jumento-pega","tag-versatilidade-do-jumento-pega"],"_links":{"self":[{"href":"https:\/\/aconteceunovale.com.br\/portal\/index.php?rest_route=\/wp\/v2\/posts\/115484","targetHints":{"allow":["GET"]}}],"collection":[{"href":"https:\/\/aconteceunovale.com.br\/portal\/index.php?rest_route=\/wp\/v2\/posts"}],"about":[{"href":"https:\/\/aconteceunovale.com.br\/portal\/index.php?rest_route=\/wp\/v2\/types\/post"}],"author":[{"embeddable":true,"href":"https:\/\/aconteceunovale.com.br\/portal\/index.php?rest_route=\/wp\/v2\/users\/1"}],"replies":[{"embeddable":true,"href":"https:\/\/aconteceunovale.com.br\/portal\/index.php?rest_route=%2Fwp%2Fv2%2Fcomments&post=115484"}],"version-history":[{"count":0,"href":"https:\/\/aconteceunovale.com.br\/portal\/index.php?rest_route=\/wp\/v2\/posts\/115484\/revisions"}],"wp:featuredmedia":[{"embeddable":true,"href":"https:\/\/aconteceunovale.com.br\/portal\/index.php?rest_route=\/wp\/v2\/media\/115485"}],"wp:attachment":[{"href":"https:\/\/aconteceunovale.com.br\/portal\/index.php?rest_route=%2Fwp%2Fv2%2Fmedia&parent=115484"}],"wp:term":[{"taxonomy":"category","embeddable":true,"href":"https:\/\/aconteceunovale.com.br\/portal\/index.php?rest_route=%2Fwp%2Fv2%2Fcategories&post=115484"},{"taxonomy":"post_tag","embeddable":true,"href":"https:\/\/aconteceunovale.com.br\/portal\/index.php?rest_route=%2Fwp%2Fv2%2Ftags&post=115484"}],"curies":[{"name":"wp","href":"https:\/\/api.w.org\/{rel}","templated":true}]}}