{"id":115478,"date":"2017-05-22T13:28:21","date_gmt":"2017-05-22T15:28:21","guid":{"rendered":"http:\/\/aconteceunovale.com.br\/portal\/?p=115478"},"modified":"2017-05-22T13:28:21","modified_gmt":"2017-05-22T15:28:21","slug":"lei-de-recuperacao-fiscal-dos-estados-e-publicada-pelo-governo","status":"publish","type":"post","link":"https:\/\/aconteceunovale.com.br\/portal\/?p=115478","title":{"rendered":"Lei de recupera\u00e7\u00e3o fiscal dos estados \u00e9 publicada pelo governo"},"content":{"rendered":"<p>A lei complementar que institui o Regime de Recupera\u00e7\u00e3o Fiscal dos Estados e do Distrito Federal foi publicada na edi\u00e7\u00e3o de hoje (22) do\u00a0<a href=\"http:\/\/pesquisa.in.gov.br\/imprensa\/jsp\/visualiza\/index.jsp?jornal=1&amp;pagina=1&amp;data=22\/05\/2017\" target=\"_blank\"><em>Di\u00e1rio Oficial da Uni\u00e3o<\/em><\/a>. A\u00a0lei foi sancionada, sem vetos, na \u00faltima sexta-feira (19) pelo presidente Michel Temer. A medida permite que estados com alto endividamento e problemas de caixa tenham o pagamento da d\u00edvida com a Uni\u00e3o suspenso por tr\u00eas anos, prorrog\u00e1veis por igual per\u00edodo, desde que atendam \u00e0s contrapartidas constantes da proposta. Ap\u00f3s esse per\u00edodo, os estados voltam a quitar seus d\u00e9bitos, mas ainda com parcelas reduzidas.<\/p>\n<p>A lei vale para os estados que est\u00e3o com grave situa\u00e7\u00e3o fiscal, com mais de 70% do or\u00e7amento comprometidos com gasto de pessoal e servi\u00e7o da d\u00edvida; d\u00edvida maior que a receita e caixa dispon\u00edvel menor que as despesas. A medida vai beneficiar estados em situa\u00e7\u00e3o de calamidade fiscal, como o Rio de Janeiro, o Rio Grande do Sul e Minas Gerais. A ades\u00e3o ao regime depender\u00e1 da aprova\u00e7\u00e3o de leis estaduais impondo restri\u00e7\u00f5es aos gastos.<\/p>\n<p>O regime poder\u00e1 durar at\u00e9 tr\u00eas anos, com prorroga\u00e7\u00e3o pelo mesmo per\u00edodo. Durante a primeira etapa, o estado n\u00e3o pagar\u00e1 as presta\u00e7\u00f5es da d\u00edvida com a Uni\u00e3o, em uma esp\u00e9cie de morat\u00f3ria. Se houver prorroga\u00e7\u00e3o do regime, os pagamentos das presta\u00e7\u00f5es ser\u00e3o retomados de forma progressiva e linear at\u00e9 atingir o valor integral ao t\u00e9rmino do prazo da prorroga\u00e7\u00e3o.<\/p>\n<p><strong>Contrapartidas<\/strong><\/p>\n<p>Em troca da suspens\u00e3o das d\u00edvidas, est\u00e3o previstas medidas como o congelamento de reajustes a servidores p\u00fablicos e a restri\u00e7\u00e3o \u00e0 realiza\u00e7\u00e3o de concursos. O estado que aderir tamb\u00e9m n\u00e3o poder\u00e1, durante o regime de recupera\u00e7\u00e3o fiscal, fazer saques em contas de dep\u00f3sitos judiciais, ressalvados aqueles permitidos pela Lei Complementar 151\/15, enquanto n\u00e3o houver a recomposi\u00e7\u00e3o do saldo m\u00ednimo do fundo de reserva.<\/p>\n<p>Al\u00e9m disso, o ente federado fica obrigado a promover leil\u00f5es de negocia\u00e7\u00e3o com os fornecedores credores, com base no maior desconto, para receber antes o pagamento devido pelo governo.<\/p>\n<p><strong>VER PRIMEIRO<\/strong><\/p>\n<p>Receba as not\u00edcias do Aconteceu no Vale em primeira m\u00e3o. Clique em curtir no endere\u00e7o <a href=\"https:\/\/www.facebook.com\/aconteceunovale\" target=\"_blank\"><font color=\"red\">www.facebook.com\/aconteceunovale<\/font><\/a> ou no box abaixo:<\/p>\n<div class=\"fb-like\" data-href=\"https:\/\/www.facebook.com\/aconteceunovale\" data-width=\"120\" data-layout=\"standard\" data-action=\"like\" data-size=\"small\" data-show-faces=\"true\" data-share=\"true\"><\/div>\n<p><\/br><\/p>\n<p><em>(Fonte: Ag\u00eancia Brasil)<\/em><\/p>\n","protected":false},"excerpt":{"rendered":"<p>A lei complementar que institui o Regime de Recupera\u00e7\u00e3o Fiscal dos Estados e do Distrito Federal foi publicada na edi\u00e7\u00e3o de hoje (22) do\u00a0Di\u00e1rio Oficial da Uni\u00e3o. A\u00a0lei foi sancionada, sem vetos, na \u00faltima sexta-feira (19) pelo presidente Michel Temer. A medida permite que estados com alto endividamento e problemas de caixa tenham o pagamento [&hellip;]<\/p>\n","protected":false},"author":1,"featured_media":115479,"comment_status":"open","ping_status":"closed","sticky":false,"template":"","format":"standard","meta":{"amp_status":"","footnotes":""},"categories":[6],"tags":[43212,100058,18918,28553,149597,149831,149832,149596,20181,65796,149599,149598,26959,21892],"class_list":["post-115478","post","type-post","status-publish","format-standard","has-post-thumbnail","hentry","category-br","tag-diario-oficial","tag-dividas-dos-estados","tag-estados","tag-lei","tag-lei-de-recuperacao-fiscal-dos-estados","tag-lei-de-recuperacao-fiscal-dos-estados-e-publicada-no-diario-oficial","tag-lei-de-recuperacao-fiscal-dos-estados-e-publicada-pelo-governo","tag-lei-de-recuperacao-fiscal-dos-estados-e-sancionada-sem-vetos","tag-michel-temer","tag-publicacao","tag-recuperacao-fiscal","tag-recuperacao-fiscal-dos-estados","tag-sancao","tag-uniao"],"_links":{"self":[{"href":"https:\/\/aconteceunovale.com.br\/portal\/index.php?rest_route=\/wp\/v2\/posts\/115478","targetHints":{"allow":["GET"]}}],"collection":[{"href":"https:\/\/aconteceunovale.com.br\/portal\/index.php?rest_route=\/wp\/v2\/posts"}],"about":[{"href":"https:\/\/aconteceunovale.com.br\/portal\/index.php?rest_route=\/wp\/v2\/types\/post"}],"author":[{"embeddable":true,"href":"https:\/\/aconteceunovale.com.br\/portal\/index.php?rest_route=\/wp\/v2\/users\/1"}],"replies":[{"embeddable":true,"href":"https:\/\/aconteceunovale.com.br\/portal\/index.php?rest_route=%2Fwp%2Fv2%2Fcomments&post=115478"}],"version-history":[{"count":0,"href":"https:\/\/aconteceunovale.com.br\/portal\/index.php?rest_route=\/wp\/v2\/posts\/115478\/revisions"}],"wp:featuredmedia":[{"embeddable":true,"href":"https:\/\/aconteceunovale.com.br\/portal\/index.php?rest_route=\/wp\/v2\/media\/115479"}],"wp:attachment":[{"href":"https:\/\/aconteceunovale.com.br\/portal\/index.php?rest_route=%2Fwp%2Fv2%2Fmedia&parent=115478"}],"wp:term":[{"taxonomy":"category","embeddable":true,"href":"https:\/\/aconteceunovale.com.br\/portal\/index.php?rest_route=%2Fwp%2Fv2%2Fcategories&post=115478"},{"taxonomy":"post_tag","embeddable":true,"href":"https:\/\/aconteceunovale.com.br\/portal\/index.php?rest_route=%2Fwp%2Fv2%2Ftags&post=115478"}],"curies":[{"name":"wp","href":"https:\/\/api.w.org\/{rel}","templated":true}]}}