{"id":115467,"date":"2017-05-22T13:04:14","date_gmt":"2017-05-22T15:04:14","guid":{"rendered":"http:\/\/aconteceunovale.com.br\/portal\/?p=115467"},"modified":"2017-05-22T13:04:14","modified_gmt":"2017-05-22T15:04:14","slug":"acidente-entre-carro-e-caminhao-deixa-uma-pessoa-morta-e-tres-feridas-na-br-418-no-vale-do-mucuri","status":"publish","type":"post","link":"https:\/\/aconteceunovale.com.br\/portal\/?p=115467","title":{"rendered":"Acidente entre carro e caminh\u00e3o deixa uma pessoa morta e tr\u00eas feridas na BR-418, no Vale do Mucuri"},"content":{"rendered":"<p>Uma pessoa morreu e tr\u00eas ficaram feridas em um grave acidente na manh\u00e3 desta segunda-feira (22\/05) na altura do quil\u00f4metro 122 da BR-418, munic\u00edpio de Carlos Chagas, no Vale do Mucuri. As informa\u00e7\u00f5es iniciais indicam que um autom\u00f3vel VW\/Gol, placa HCH-5276 (de Governador Valadares) seguia no sentido Te\u00f3filo Otoni\/Nanuque, quando o condutor perdeu o controle direcional, invadiu a contram\u00e3o e colidiu contra o eixo traseiro de um caminh\u00e3o.<\/p>\n<p>Com o impacto do acidente, o passageiro do Gol, identificado como Rodrigo Alves da Silva, de 23 anos, ficou gravemente ferido e veio a \u00f3bito no local. <\/p>\n<p>Outros tr\u00eas ocupantes do carro foram socorridos pelo Servi\u00e7o de Atendimento M\u00f3vel de Urg\u00eancia (SAMU) e encaminhados para um hospital de Te\u00f3filo Otoni. O motorista do caminh\u00e3o n\u00e3o se feriu.<\/p>\n<p>A Per\u00edcia T\u00e9cnica da Pol\u00edcia Civil foi acionada e ap\u00f3s os trabalhos de praxe, o corpo de Rodrigo Alves foi removido ao Instituto M\u00e9dico Legal (IML) em Te\u00f3filo Otoni para necropsia. As causas do acidente ser\u00e3o investigadas.<\/p>\n<p><img decoding=\"async\" src=\"http:\/\/aconteceunovale.com.br\/portal\/wp-content\/uploads\/2017\/05\/acidente_carlos_chagas_1.jpg\" alt=\"\" \/><em>Acidente aconteceu no km 122 da BR-418 (Foto: Reprodu\u00e7\u00e3o\/WhatsApp)<\/em><br \/>\n<\/br><\/p>\n<p><img decoding=\"async\" src=\"http:\/\/aconteceunovale.com.br\/portal\/wp-content\/uploads\/2017\/05\/acidente_carlos_chagas_2.jpg\" alt=\"\" \/><em>Acidente aconteceu no km 122 da BR-418 (Foto: Reprodu\u00e7\u00e3o\/WhatsApp)<\/em><br \/>\n<\/br><\/p>\n<p><img decoding=\"async\" src=\"http:\/\/aconteceunovale.com.br\/portal\/wp-content\/uploads\/2017\/05\/acidente_carlos_chagas_3.jpg\" alt=\"\" \/><em>Acidente aconteceu no km 122 da BR-418 (Foto: Reprodu\u00e7\u00e3o\/WhatsApp)<\/em><br \/>\n<\/br><\/p>\n<p><img decoding=\"async\" src=\"http:\/\/aconteceunovale.com.br\/portal\/wp-content\/uploads\/2017\/05\/acidente_carlos_chagas_4.jpg\" alt=\"\" \/><em>Acidente aconteceu no km 122 da BR-418 (Foto: Reprodu\u00e7\u00e3o\/WhatsApp)<\/em><br \/>\n<\/br><\/p>\n<p><img decoding=\"async\" src=\"http:\/\/aconteceunovale.com.br\/portal\/wp-content\/uploads\/2017\/05\/acidente_carlos_chagas_5.jpg\" alt=\"\" \/><em>Acidente aconteceu no km 122 da BR-418 (Foto: Reprodu\u00e7\u00e3o\/WhatsApp)<\/em><br \/>\n<\/br><\/p>\n<p><img decoding=\"async\" src=\"http:\/\/aconteceunovale.com.br\/portal\/wp-content\/uploads\/2017\/05\/acidente_carlos_chagas_6.jpg\" alt=\"\" \/><em>Acidente aconteceu no km 122 da BR-418 (Foto: Reprodu\u00e7\u00e3o\/WhatsApp)<\/em><br \/>\n<\/br><\/p>\n<p><img decoding=\"async\" src=\"http:\/\/aconteceunovale.com.br\/portal\/wp-content\/uploads\/2017\/05\/acidente_carlos_chagas_8.jpg\" alt=\"\" \/><em>Acidente aconteceu no km 122 da BR-418 (Foto: Reprodu\u00e7\u00e3o\/WhatsApp)<\/em><br \/>\n<\/br><\/p>\n<p><img decoding=\"async\" src=\"http:\/\/aconteceunovale.com.br\/portal\/wp-content\/uploads\/2017\/05\/acidente_carlos_chagas_7.jpg\" alt=\"\" \/><em>Rodrigo Alves da Silva tinha 23 anos (Foto: Reprodu\u00e7\u00e3o\/WhatsApp)<\/em><br \/>\n<\/br><\/p>\n<p><strong>VER PRIMEIRO<\/strong><\/p>\n<p>Receba as not\u00edcias do Aconteceu no Vale em primeira m\u00e3o. Clique em curtir no endere\u00e7o <a href=\"https:\/\/www.facebook.com\/aconteceunovale\" target=\"_blank\"><font color=\"red\">www.facebook.com\/aconteceunovale<\/font><\/a> ou no box abaixo:<\/p>\n<div class=\"fb-like\" data-href=\"https:\/\/www.facebook.com\/aconteceunovale\" data-width=\"120\" data-layout=\"standard\" data-action=\"like\" data-size=\"small\" data-show-faces=\"true\" data-share=\"true\"><\/div>\n<p><\/br><\/p>\n","protected":false},"excerpt":{"rendered":"<p>Uma pessoa morreu e tr\u00eas ficaram feridas em um grave acidente na manh\u00e3 desta segunda-feira (22\/05) na altura do quil\u00f4metro 122 da BR-418, munic\u00edpio de Carlos Chagas, no Vale do Mucuri. As informa\u00e7\u00f5es iniciais indicam que um autom\u00f3vel VW\/Gol, placa HCH-5276 (de Governador Valadares) seguia no sentido Te\u00f3filo Otoni\/Nanuque, quando o condutor perdeu o controle [&hellip;]<\/p>\n","protected":false},"author":1,"featured_media":115469,"comment_status":"open","ping_status":"closed","sticky":false,"template":"","format":"standard","meta":{"amp_status":"","footnotes":""},"categories":[122],"tags":[72011,51545,149827,149828,149829,59142,23211,75490,1175,1018,247,149830,164],"class_list":["post-115467","post","type-post","status-publish","format-standard","has-post-thumbnail","hentry","category-mucuri","tag-acidente-com-gol-de-governador-valadares","tag-acidente-em-carlos-chagas","tag-acidente-entre-carro-e-caminhao-deixa-uma-pessoa-morta-e-tres-feridas-na-br-418","tag-acidente-entre-carro-e-caminhao-na-br-418","tag-acidente-entre-carro-e-caminhao-na-br-418-em-carlos-chagas","tag-acidente-na-br-418-em-carlos-chagas","tag-acidente-perto-de-teofilo-otoni","tag-br-418","tag-carlos-chagas","tag-destaque","tag-governador-valadares","tag-rodrigo-alves-da-silva","tag-teofilo-otoni"],"_links":{"self":[{"href":"https:\/\/aconteceunovale.com.br\/portal\/index.php?rest_route=\/wp\/v2\/posts\/115467","targetHints":{"allow":["GET"]}}],"collection":[{"href":"https:\/\/aconteceunovale.com.br\/portal\/index.php?rest_route=\/wp\/v2\/posts"}],"about":[{"href":"https:\/\/aconteceunovale.com.br\/portal\/index.php?rest_route=\/wp\/v2\/types\/post"}],"author":[{"embeddable":true,"href":"https:\/\/aconteceunovale.com.br\/portal\/index.php?rest_route=\/wp\/v2\/users\/1"}],"replies":[{"embeddable":true,"href":"https:\/\/aconteceunovale.com.br\/portal\/index.php?rest_route=%2Fwp%2Fv2%2Fcomments&post=115467"}],"version-history":[{"count":0,"href":"https:\/\/aconteceunovale.com.br\/portal\/index.php?rest_route=\/wp\/v2\/posts\/115467\/revisions"}],"wp:featuredmedia":[{"embeddable":true,"href":"https:\/\/aconteceunovale.com.br\/portal\/index.php?rest_route=\/wp\/v2\/media\/115469"}],"wp:attachment":[{"href":"https:\/\/aconteceunovale.com.br\/portal\/index.php?rest_route=%2Fwp%2Fv2%2Fmedia&parent=115467"}],"wp:term":[{"taxonomy":"category","embeddable":true,"href":"https:\/\/aconteceunovale.com.br\/portal\/index.php?rest_route=%2Fwp%2Fv2%2Fcategories&post=115467"},{"taxonomy":"post_tag","embeddable":true,"href":"https:\/\/aconteceunovale.com.br\/portal\/index.php?rest_route=%2Fwp%2Fv2%2Ftags&post=115467"}],"curies":[{"name":"wp","href":"https:\/\/api.w.org\/{rel}","templated":true}]}}