{"id":115397,"date":"2017-05-21T13:06:40","date_gmt":"2017-05-21T15:06:40","guid":{"rendered":"http:\/\/aconteceunovale.com.br\/portal\/?p=115397"},"modified":"2017-05-21T13:50:35","modified_gmt":"2017-05-21T15:50:35","slug":"incendio-destroi-dois-onibus-em-francisco-sa-no-norte-de-minas","status":"publish","type":"post","link":"https:\/\/aconteceunovale.com.br\/portal\/?p=115397","title":{"rendered":"Inc\u00eandio criminoso destr\u00f3i dois \u00f4nibus em Francisco S\u00e1, no Norte de Minas"},"content":{"rendered":"<p>O S\u00e9timo Batalh\u00e3o de Bombeiros Militar (7\u00baBBM) foi acionado na madrugada deste domingo (21\/05) para atendimento a uma ocorr\u00eancia de inc\u00eandio a \u00f4nibus ao lado da rodovi\u00e1ria de Francisco S\u00e1, na regi\u00e3o Norte de Minas Gerais. Dois ve\u00edculos foram completamente destru\u00eddos pelas chamas.<\/p>\n<p>De acordo com os bombeiros, ao chegarem ao local, o fogo j\u00e1 estava praticamente extinto devido ao consumo de todo o material inflam\u00e1vel. Os militares realizaram o rescaldo das estruturas.<\/p>\n<p>A Per\u00edcia T\u00e9cnica da Pol\u00edcia Civil foi acionada e iniciou as investiga\u00e7\u00f5es. Uma equipe da Cemig tamb\u00e9m compareceu ao local, j\u00e1 que as chamas atingiram a rede el\u00e9trica e acabaram partindo alguns fios.<\/p>\n<h3>Inc\u00eandio criminoso<\/h3>\n<p>As informa\u00e7\u00f5es iniciais d\u00e3o conta de que os dois \u00f4nibus foram incendiados por criminosos. De acordo com a Pol\u00edcia Militar (PM), o perito encontrou um bilhete com os dizeres <em>\u201cIsto \u00e9 em resposta ao que est\u00e1 acontecendo na penitenci\u00e1ria de Francisco S\u00e1. Opress\u00e3o e maus tratos com os presos! Respeito!!! E parem com a opress\u00e3o\u201d<\/em>.<\/p>\n<p><img decoding=\"async\" src=\"http:\/\/aconteceunovale.com.br\/portal\/wp-content\/uploads\/2017\/05\/incendio_fs_bus_1.jpg\" alt=\"\" \/><em>Ve\u00edculos foram destru\u00eddos por inc\u00eandio (Foto: Reprodu\u00e7\u00e3o\/WhatsApp)<\/em><br \/>\n<\/br><\/p>\n<p><img decoding=\"async\" src=\"http:\/\/aconteceunovale.com.br\/portal\/wp-content\/uploads\/2017\/05\/incendio_fs_bus_2.jpg\" alt=\"\" \/><em>Ve\u00edculos foram destru\u00eddos por inc\u00eandio (Foto: Reprodu\u00e7\u00e3o\/WhatsApp)<\/em><br \/>\n<\/br><\/p>\n<p><img decoding=\"async\" src=\"http:\/\/aconteceunovale.com.br\/portal\/wp-content\/uploads\/2017\/05\/incendio_fs_bus_3.jpg\" alt=\"\" \/><em>Ve\u00edculos foram destru\u00eddos por inc\u00eandio (Foto: Reprodu\u00e7\u00e3o\/WhatsApp)<\/em><br \/>\n<\/br><\/p>\n<p><img decoding=\"async\" src=\"http:\/\/aconteceunovale.com.br\/portal\/wp-content\/uploads\/2017\/05\/incendio_fs_bus_4.jpg\" alt=\"\" \/><em>Ve\u00edculos foram destru\u00eddos por inc\u00eandio (Foto: Reprodu\u00e7\u00e3o\/WhatsApp)<\/em><br \/>\n<\/br><\/p>\n<p><img decoding=\"async\" src=\"http:\/\/aconteceunovale.com.br\/portal\/wp-content\/uploads\/2017\/05\/incendio_fs_bus_5.jpg\" alt=\"\" \/><em>Ve\u00edculos foram destru\u00eddos por inc\u00eandio (Foto: Reprodu\u00e7\u00e3o\/WhatsApp)<\/em><br \/>\n<\/br><\/p>\n<p><img decoding=\"async\" src=\"http:\/\/aconteceunovale.com.br\/portal\/wp-content\/uploads\/2017\/05\/incendio_fs_bus_6.jpg\" alt=\"\" \/><em>Ve\u00edculos foram destru\u00eddos por inc\u00eandio (Foto: Reprodu\u00e7\u00e3o\/WhatsApp)<\/em><br \/>\n<\/br><\/p>\n<p><img decoding=\"async\" src=\"http:\/\/aconteceunovale.com.br\/portal\/wp-content\/uploads\/2017\/05\/incendio_fs_bus_7.jpg\" alt=\"\" \/><em>Ve\u00edculos foram destru\u00eddos por inc\u00eandio (Foto: Reprodu\u00e7\u00e3o\/WhatsApp)<\/em><br \/>\n<\/br><\/p>\n<p><strong>VER PRIMEIRO<\/strong><\/p>\n<p>Receba as not\u00edcias do Aconteceu no Vale em primeira m\u00e3o. Clique em curtir no endere\u00e7o <a href=\"https:\/\/www.facebook.com\/aconteceunovale\" target=\"_blank\"><font color=\"red\">www.facebook.com\/aconteceunovale<\/font><\/a> ou no box abaixo:<\/p>\n<div class=\"fb-like\" data-href=\"https:\/\/www.facebook.com\/aconteceunovale\" data-width=\"120\" data-layout=\"standard\" data-action=\"like\" data-size=\"small\" data-show-faces=\"true\" data-share=\"true\"><\/div>\n<p><\/br><\/p>\n","protected":false},"excerpt":{"rendered":"<p>O S\u00e9timo Batalh\u00e3o de Bombeiros Militar (7\u00baBBM) foi acionado na madrugada deste domingo (21\/05) para atendimento a uma ocorr\u00eancia de inc\u00eandio a \u00f4nibus ao lado da rodovi\u00e1ria de Francisco S\u00e1, na regi\u00e3o Norte de Minas Gerais. Dois ve\u00edculos foram completamente destru\u00eddos pelas chamas. De acordo com os bombeiros, ao chegarem ao local, o fogo j\u00e1 [&hellip;]<\/p>\n","protected":false},"author":1,"featured_media":115399,"comment_status":"open","ping_status":"closed","sticky":false,"template":"","format":"standard","meta":{"amp_status":"","footnotes":""},"categories":[1236],"tags":[1395,149739,149736,149737,149738,33228,149735],"class_list":["post-115397","post","type-post","status-publish","format-standard","has-post-thumbnail","hentry","category-norte_de_minas","tag-francisco-sa","tag-incendio-criminoso-destroi-dois-onibus-em-francisco-sa","tag-incendio-destroi-dois-onibus-em-francisco-sa","tag-incendio-em-francisco-sa","tag-incendio-na-rodoviaria-de-francisco-sa","tag-no-norte-de-minas","tag-onibus-pegam-fogo-ao-lado-da-rodoviaria-de-francisco-sa"],"_links":{"self":[{"href":"https:\/\/aconteceunovale.com.br\/portal\/index.php?rest_route=\/wp\/v2\/posts\/115397","targetHints":{"allow":["GET"]}}],"collection":[{"href":"https:\/\/aconteceunovale.com.br\/portal\/index.php?rest_route=\/wp\/v2\/posts"}],"about":[{"href":"https:\/\/aconteceunovale.com.br\/portal\/index.php?rest_route=\/wp\/v2\/types\/post"}],"author":[{"embeddable":true,"href":"https:\/\/aconteceunovale.com.br\/portal\/index.php?rest_route=\/wp\/v2\/users\/1"}],"replies":[{"embeddable":true,"href":"https:\/\/aconteceunovale.com.br\/portal\/index.php?rest_route=%2Fwp%2Fv2%2Fcomments&post=115397"}],"version-history":[{"count":0,"href":"https:\/\/aconteceunovale.com.br\/portal\/index.php?rest_route=\/wp\/v2\/posts\/115397\/revisions"}],"wp:featuredmedia":[{"embeddable":true,"href":"https:\/\/aconteceunovale.com.br\/portal\/index.php?rest_route=\/wp\/v2\/media\/115399"}],"wp:attachment":[{"href":"https:\/\/aconteceunovale.com.br\/portal\/index.php?rest_route=%2Fwp%2Fv2%2Fmedia&parent=115397"}],"wp:term":[{"taxonomy":"category","embeddable":true,"href":"https:\/\/aconteceunovale.com.br\/portal\/index.php?rest_route=%2Fwp%2Fv2%2Fcategories&post=115397"},{"taxonomy":"post_tag","embeddable":true,"href":"https:\/\/aconteceunovale.com.br\/portal\/index.php?rest_route=%2Fwp%2Fv2%2Ftags&post=115397"}],"curies":[{"name":"wp","href":"https:\/\/api.w.org\/{rel}","templated":true}]}}