{"id":115382,"date":"2017-05-21T00:59:17","date_gmt":"2017-05-21T02:59:17","guid":{"rendered":"http:\/\/aconteceunovale.com.br\/portal\/?p=115382"},"modified":"2017-05-21T00:59:17","modified_gmt":"2017-05-21T02:59:17","slug":"ipatinga-retira-totens-parquimetros-e-retoma-estacionamento-faixa-azul","status":"publish","type":"post","link":"https:\/\/aconteceunovale.com.br\/portal\/?p=115382","title":{"rendered":"Ipatinga retira totens-parqu\u00edmetros e retoma estacionamento Faixa Azul"},"content":{"rendered":"<p>Todos os totens-parqu\u00edmetros utilizados para controlar e taxar o uso das \u00e1reas de estacionamento rotativo no Centro de Ipatinga come\u00e7am a ser retirados a partir da pr\u00f3xima semana. O an\u00fancio foi feito na tarde dessa sexta-feira (19\/05\/2017) pelo prefeito Sebasti\u00e3o Quint\u00e3o, durante entrevista coletiva em seu gabinete. Outra decis\u00e3o importante anunciada \u00e9 o estudo para cancelamento de todas as multas aplicadas exclusivamente por uso indevido destas mesmas \u00e1reas regidas pelos equipamentos eletr\u00f4nicos, desde janeiro deste ano. O assunto foi encaminhado para an\u00e1lise da Procuradoria Geral (Proger) do munic\u00edpio.<\/p>\n<p>\u201cEmbora os equipamentos se revelassem obsoletos, precisamos estudar juridicamente a quest\u00e3o, j\u00e1 que havia um contrato em vigor, que n\u00e3o foi nosso governo que celebrou. Vamos agora verificar com a ajuda da Associa\u00e7\u00e3o Comercial, C\u00e2mara de Dirigentes Lojistas, o legislativo, um sistema mais moderno e que seja f\u00e1cil de ser manuseado, que atenda aos anseios da popula\u00e7\u00e3o, como a emiss\u00e3o de cupom para comprova\u00e7\u00e3o do pagamento pela utiliza\u00e7\u00e3o das vagas do estacionamento rotativo\u201d, declarou o prefeito, ao confirmar que o desligamento dos parqu\u00edmetros ser\u00e1 feito imediatamente.<\/p>\n<p>Quint\u00e3o deu a not\u00edcia ao lado do vice-prefeito J\u00e9sus Nascimento, do secret\u00e1rio de Servi\u00e7os Urbanos e Meio Ambiente (Sesuma), Gilmar Luciano Alves, e vereadores. Tamb\u00e9m estavam presentes o presidente da C\u00e2mara de Dirigentes Lojistas (CDL) de Ipatinga, Cl\u00e1udio Zambaldi , e tamb\u00e9m o presidente da Associa\u00e7\u00e3o Comercial, Industrial, Agropecu\u00e1ria e de Presta\u00e7\u00e3o de Servi\u00e7os de Ipatinga (Aciapi), Lu\u00eds Henrique Alves, que deram aval \u00e0 decis\u00e3o. Os dirigentes empresariais elogiaram a administra\u00e7\u00e3o municipal por ter se sensibilizado com o apelo das entidades no sentido de desligar os parqu\u00edmetros somente ap\u00f3s a passagem do Dia das M\u00e3es e com outra alternativa j\u00e1 oferecida, \u201co que contribuiu para que o com\u00e9rcio tivesse um desempenho muito positivo com a preserva\u00e7\u00e3o de espa\u00e7os para os clientes nas \u00e1reas de estacionamento no centro\u201d.<\/p>\n<p>Os totens foram implantados na cidade por meio de contrato firmado pelo governo anterior. Desde o in\u00edcio do atual governo, havia a inten\u00e7\u00e3o de rever o sistema, que al\u00e9m de n\u00e3o ser capaz de emitir aos usu\u00e1rios comprovantes do tempo utilizado, tamb\u00e9m se mostrava inaplic\u00e1vel sob o aspecto econ\u00f4mico, j\u00e1 que gerava mais despesas que arrecada\u00e7\u00e3o.<\/p>\n<p><strong>FAIXA AZUL<\/strong><\/p>\n<p>Por solicita\u00e7\u00e3o de representantes do com\u00e9rcio, em coletiva no dia 8 de maio o prefeito Sebasti\u00e3o Quint\u00e3o resolveu manter os totens ao menos at\u00e9 a passagem do Dia das M\u00e3es, enquanto buscava com sua equipe uma alternativa para substitu\u00ed-lo. A decis\u00e3o da administra\u00e7\u00e3o \u00e9 que o rotativo passar\u00e1 a ser temporariamente operacionalizado pelo munic\u00edpio por meio do Faixa Azul, at\u00e9 defini\u00e7\u00e3o de novo sistema e que haja a licita\u00e7\u00e3o para definir a empresa prestadora do servi\u00e7o. <\/p>\n<p><img decoding=\"async\" src=\"http:\/\/aconteceunovale.com.br\/portal\/wp-content\/uploads\/2017\/05\/parquimetro_ipatinga.jpg\" alt=\"\" \/><em>Prefeitura anunciou retirada de totens-parqu\u00edmetros (Foto: SECOM\/PMI)<\/em><br \/>\n<\/br><\/p>\n<p><strong>VER PRIMEIRO<\/strong><\/p>\n<p>Receba as not\u00edcias do Aconteceu no Vale em primeira m\u00e3o. Clique em curtir no endere\u00e7o <a href=\"https:\/\/www.facebook.com\/aconteceunovale\" target=\"_blank\"><font color=\"red\">www.facebook.com\/aconteceunovale<\/font><\/a> ou no box abaixo:<\/p>\n<div class=\"fb-like\" data-href=\"https:\/\/www.facebook.com\/aconteceunovale\" data-width=\"120\" data-layout=\"standard\" data-action=\"like\" data-size=\"small\" data-show-faces=\"true\" data-share=\"true\"><\/div>\n<p><\/br><\/p>\n<p><em>(Fonte: SECOM\/PMI)<\/em><\/p>\n","protected":false},"excerpt":{"rendered":"<p>Todos os totens-parqu\u00edmetros utilizados para controlar e taxar o uso das \u00e1reas de estacionamento rotativo no Centro de Ipatinga come\u00e7am a ser retirados a partir da pr\u00f3xima semana. O an\u00fancio foi feito na tarde dessa sexta-feira (19\/05\/2017) pelo prefeito Sebasti\u00e3o Quint\u00e3o, durante entrevista coletiva em seu gabinete. Outra decis\u00e3o importante anunciada \u00e9 o estudo para [&hellip;]<\/p>\n","protected":false},"author":1,"featured_media":115383,"comment_status":"open","ping_status":"closed","sticky":false,"template":"","format":"standard","meta":{"amp_status":"","footnotes":""},"categories":[121],"tags":[149710,149709,201,149713,149711,149712,120132,149707,149708],"class_list":["post-115382","post","type-post","status-publish","format-standard","has-post-thumbnail","hentry","category-leste","tag-estacionamento-ipatinga","tag-faixa-azul-ipatinga","tag-ipatinga","tag-ipatinga-retira-totens-parquimetros","tag-ipatinga-retira-totens-parquimetros-e-retoma-estacionamento-faixa-azul","tag-ipatinga-retoma-estacionamento-faixa-azul","tag-sebastiao-quintao","tag-totens-parquimetros","tag-totens-parquimetros-ipatinga"],"_links":{"self":[{"href":"https:\/\/aconteceunovale.com.br\/portal\/index.php?rest_route=\/wp\/v2\/posts\/115382","targetHints":{"allow":["GET"]}}],"collection":[{"href":"https:\/\/aconteceunovale.com.br\/portal\/index.php?rest_route=\/wp\/v2\/posts"}],"about":[{"href":"https:\/\/aconteceunovale.com.br\/portal\/index.php?rest_route=\/wp\/v2\/types\/post"}],"author":[{"embeddable":true,"href":"https:\/\/aconteceunovale.com.br\/portal\/index.php?rest_route=\/wp\/v2\/users\/1"}],"replies":[{"embeddable":true,"href":"https:\/\/aconteceunovale.com.br\/portal\/index.php?rest_route=%2Fwp%2Fv2%2Fcomments&post=115382"}],"version-history":[{"count":0,"href":"https:\/\/aconteceunovale.com.br\/portal\/index.php?rest_route=\/wp\/v2\/posts\/115382\/revisions"}],"wp:featuredmedia":[{"embeddable":true,"href":"https:\/\/aconteceunovale.com.br\/portal\/index.php?rest_route=\/wp\/v2\/media\/115383"}],"wp:attachment":[{"href":"https:\/\/aconteceunovale.com.br\/portal\/index.php?rest_route=%2Fwp%2Fv2%2Fmedia&parent=115382"}],"wp:term":[{"taxonomy":"category","embeddable":true,"href":"https:\/\/aconteceunovale.com.br\/portal\/index.php?rest_route=%2Fwp%2Fv2%2Fcategories&post=115382"},{"taxonomy":"post_tag","embeddable":true,"href":"https:\/\/aconteceunovale.com.br\/portal\/index.php?rest_route=%2Fwp%2Fv2%2Ftags&post=115382"}],"curies":[{"name":"wp","href":"https:\/\/api.w.org\/{rel}","templated":true}]}}