{"id":115373,"date":"2017-05-20T20:24:59","date_gmt":"2017-05-20T22:24:59","guid":{"rendered":"http:\/\/aconteceunovale.com.br\/portal\/?p=115373"},"modified":"2017-05-20T20:24:59","modified_gmt":"2017-05-20T22:24:59","slug":"show-dos-paralamas-do-sucesso-em-montes-claros-e-cancelado","status":"publish","type":"post","link":"https:\/\/aconteceunovale.com.br\/portal\/?p=115373","title":{"rendered":"Show dos Paralamas do Sucesso em Montes Claros \u00e9 cancelado"},"content":{"rendered":"<p>A assessoria de comunica\u00e7\u00e3o do Norte Music Festival divulgou nota neste s\u00e1bado (20\/05) informando sobre o cancelamento da apresenta\u00e7\u00e3o do grupo &#8220;Os Paralamas do Sucesso&#8221;, prevista para esta noite em Montes Claros (MG). Os valores dos ingressos ser\u00e3o devolvidos, segundo a organiza\u00e7\u00e3o do evento.<\/p>\n<p>Leia a nota: \u201cA Assessoria do Norte Music Festival vem a p\u00fablico informar o cancelamento do show dos Paralamas do Sucesso que deveria ocorrer na noite deste s\u00e1bado, 20 de maio. <\/p>\n<p>Apesar dos esfor\u00e7os da organiza\u00e7\u00e3o e da Banda Paralamas do Sucesso (que se encontra na cidade), fatores externos contribu\u00edram para a n\u00e3o realiza\u00e7\u00e3o do evento.<\/p>\n<p>Os idealizadores do Norte Music Festival lamentam, profundamente, o ocorrido e informam que os valores pagos pelo p\u00fablico para o show dos Paralamas ser\u00e3o devolvidos, integralmente, em data a ser divulgada posteriormente.\u201d<\/p>\n<p><img decoding=\"async\" src=\"http:\/\/aconteceunovale.com.br\/portal\/wp-content\/uploads\/2017\/05\/paralalamas.jpg\" alt=\"\" \/><em>Show dos Paralamas do Sucesso em Montes Claros foi cancelado (Foto: Divulga\u00e7\u00e3o)<\/em><br \/>\n<\/br><\/p>\n<p><strong>VER PRIMEIRO<\/strong><\/p>\n<p>Receba as not\u00edcias do Aconteceu no Vale em primeira m\u00e3o. Clique em curtir no endere\u00e7o <a href=\"https:\/\/www.facebook.com\/aconteceunovale\" target=\"_blank\"><font color=\"red\">www.facebook.com\/aconteceunovale<\/font><\/a> ou no box abaixo:<\/p>\n<div class=\"fb-like\" data-href=\"https:\/\/www.facebook.com\/aconteceunovale\" data-width=\"120\" data-layout=\"standard\" data-action=\"like\" data-size=\"small\" data-show-faces=\"true\" data-share=\"true\"><\/div>\n<p><\/br><\/p>\n","protected":false},"excerpt":{"rendered":"<p>A assessoria de comunica\u00e7\u00e3o do Norte Music Festival divulgou nota neste s\u00e1bado (20\/05) informando sobre o cancelamento da apresenta\u00e7\u00e3o do grupo &#8220;Os Paralamas do Sucesso&#8221;, prevista para esta noite em Montes Claros (MG). Os valores dos ingressos ser\u00e3o devolvidos, segundo a organiza\u00e7\u00e3o do evento. Leia a nota: \u201cA Assessoria do Norte Music Festival vem a [&hellip;]<\/p>\n","protected":false},"author":1,"featured_media":115374,"comment_status":"open","ping_status":"closed","sticky":false,"template":"","format":"standard","meta":{"amp_status":"","footnotes":""},"categories":[125,1236],"tags":[149349,149348,149347,149350,149343,149342,149352,149353,149351,149344,149345,149354,149355,10925,149695,149694,149346],"class_list":["post-115373","post","type-post","status-publish","format-standard","has-post-thumbnail","hentry","category-noticias","category-norte_de_minas","tag-agenda-norte-music-festival","tag-atracoes-norte-music-festival","tag-bandas-norte-music-festival","tag-datas-norte-music-festival","tag-montes-claros-recebe-norte-music-festival","tag-montes-claros-recebe-norte-music-festival-com-nando-reis-e-paralamas-do-sucesso","tag-nando-reis","tag-nando-reis-em-montes-claros","tag-nmf","tag-norte-music-festival","tag-norte-music-festival-em-montes-claros","tag-paralamas-do-sucesso","tag-paralamas-do-sucesso-em-montes-claros","tag-parque-de-exposicoes-joao-alencar-athayde","tag-show-dos-paralamas-do-sucesso-em-montes-claros","tag-show-dos-paralamas-do-sucesso-em-montes-claros-e-cancelado","tag-shows-norte-music-festival"],"_links":{"self":[{"href":"https:\/\/aconteceunovale.com.br\/portal\/index.php?rest_route=\/wp\/v2\/posts\/115373","targetHints":{"allow":["GET"]}}],"collection":[{"href":"https:\/\/aconteceunovale.com.br\/portal\/index.php?rest_route=\/wp\/v2\/posts"}],"about":[{"href":"https:\/\/aconteceunovale.com.br\/portal\/index.php?rest_route=\/wp\/v2\/types\/post"}],"author":[{"embeddable":true,"href":"https:\/\/aconteceunovale.com.br\/portal\/index.php?rest_route=\/wp\/v2\/users\/1"}],"replies":[{"embeddable":true,"href":"https:\/\/aconteceunovale.com.br\/portal\/index.php?rest_route=%2Fwp%2Fv2%2Fcomments&post=115373"}],"version-history":[{"count":0,"href":"https:\/\/aconteceunovale.com.br\/portal\/index.php?rest_route=\/wp\/v2\/posts\/115373\/revisions"}],"wp:featuredmedia":[{"embeddable":true,"href":"https:\/\/aconteceunovale.com.br\/portal\/index.php?rest_route=\/wp\/v2\/media\/115374"}],"wp:attachment":[{"href":"https:\/\/aconteceunovale.com.br\/portal\/index.php?rest_route=%2Fwp%2Fv2%2Fmedia&parent=115373"}],"wp:term":[{"taxonomy":"category","embeddable":true,"href":"https:\/\/aconteceunovale.com.br\/portal\/index.php?rest_route=%2Fwp%2Fv2%2Fcategories&post=115373"},{"taxonomy":"post_tag","embeddable":true,"href":"https:\/\/aconteceunovale.com.br\/portal\/index.php?rest_route=%2Fwp%2Fv2%2Ftags&post=115373"}],"curies":[{"name":"wp","href":"https:\/\/api.w.org\/{rel}","templated":true}]}}