{"id":115367,"date":"2017-05-20T17:28:02","date_gmt":"2017-05-20T19:28:02","guid":{"rendered":"http:\/\/aconteceunovale.com.br\/portal\/?p=115367"},"modified":"2017-05-20T17:28:02","modified_gmt":"2017-05-20T19:28:02","slug":"gravacao-clandestina-foi-adulterada-com-objetivos-subterraneos-diz-temer","status":"publish","type":"post","link":"https:\/\/aconteceunovale.com.br\/portal\/?p=115367","title":{"rendered":"\u201cGrava\u00e7\u00e3o clandestina foi adulterada com objetivos subterr\u00e2neos\u201d, diz Temer"},"content":{"rendered":"<p>Em pronunciamento na tarde deste s\u00e1bado (20\/05\/2017), o presidente Michel Temer (PMDB) atacou a grava\u00e7\u00e3o feita por Joesley Batista contra ele no \u00e2mbito da dela\u00e7\u00e3o da JBS e afirmou que ir\u00e1 pedir a suspens\u00e3o do inqu\u00e9rito que o investiga no Supremo Tribunal Federal (STF).<\/p>\n<p>Por meio de uma peti\u00e7\u00e3o enviada ao STF, Temer argumenta que o inqu\u00e9rito n\u00e3o pode prosseguir enquanto a validade da grava\u00e7\u00e3o que o envolve n\u00e3o for analisada por um perito, segundo GloboNews. A decis\u00e3o de abrir um inqu\u00e9rito foi tomada pelo ministro Edson Fachin ap\u00f3s pedido da Procuradoria-Geral da Rep\u00fablica (PGR). Na abertura do inqu\u00e9rito, Fachin afirmou que as grava\u00e7\u00f5es s\u00e3o legais e podem ser usadas como prova.<\/p>\n<p>Para Temer, Joesley cometeu o &#8220;crime perfeito&#8221; e \u00e9 um &#8220;conhecido falastr\u00e3o&#8221;. Citando o jornal Folha de S. Paulo, o presidente afirmou que o \u00e1udio cont\u00e9m mais de 50 edi\u00e7\u00f5es e que o delator da JBS estava insatisfeito com o governo porque n\u00e3o tinha suas necessidades atendidas. Temer tamb\u00e9m negou que tenha sido conivente com a suposta compra do sil\u00eancio de Eduardo Cunha, &#8220;nunca comprei o sil\u00eancio de ningu\u00e9m&#8221;, disse.<\/p>\n<p>&#8220;N\u00e3o h\u00e1 crime em ouvir reclama\u00e7\u00f5es de um empres\u00e1rio e indicar ao interlocutor outra pessoa para ouvir suas lam\u00farias.&#8221;<\/p>\n<p>O peemedebista terminou o discurso afirmando que o pa\u00eds j\u00e1 apresenta resultados de recupera\u00e7\u00e3o econ\u00f4mica. &#8220;O Brasil n\u00e3o sair\u00e1 dos trilhos, e eu continuarei \u00e0 frente do Brasil.&#8221;<\/p>\n<p><iframe loading=\"lazy\" src=\"https:\/\/www.facebook.com\/plugins\/video.php?href=https%3A%2F%2Fwww.facebook.com%2FAgoraNoPlanalto%2Fvideos%2F912020965602437%2F&#038;show_text=0&#038;width=600\" width=\"600\" height=\"325\" style=\"border:none;overflow:hidden\" scrolling=\"no\" frameborder=\"0\" allowTransparency=\"true\" allowFullScreen=\"true\"><\/iframe><br \/>\n<\/br><\/p>\n<p><strong>VER PRIMEIRO<\/strong><\/p>\n<p>Receba as not\u00edcias do Aconteceu no Vale em primeira m\u00e3o. Clique em curtir no endere\u00e7o <a href=\"https:\/\/www.facebook.com\/aconteceunovale\" target=\"_blank\"><font color=\"red\">www.facebook.com\/aconteceunovale<\/font><\/a> ou no box abaixo:<\/p>\n<div class=\"fb-like\" data-href=\"https:\/\/www.facebook.com\/aconteceunovale\" data-width=\"120\" data-layout=\"standard\" data-action=\"like\" data-size=\"small\" data-show-faces=\"true\" data-share=\"true\"><\/div>\n<p><\/br><\/p>\n<p><em>(Fonte: Sputnik Brasil)<\/em><\/p>\n","protected":false},"excerpt":{"rendered":"<p>Em pronunciamento na tarde deste s\u00e1bado (20\/05\/2017), o presidente Michel Temer (PMDB) atacou a grava\u00e7\u00e3o feita por Joesley Batista contra ele no \u00e2mbito da dela\u00e7\u00e3o da JBS e afirmou que ir\u00e1 pedir a suspens\u00e3o do inqu\u00e9rito que o investiga no Supremo Tribunal Federal (STF). Por meio de uma peti\u00e7\u00e3o enviada ao STF, Temer argumenta que [&hellip;]<\/p>\n","protected":false},"author":1,"featured_media":115356,"comment_status":"open","ping_status":"closed","sticky":false,"template":"","format":"standard","meta":{"amp_status":"","footnotes":""},"categories":[6,40240],"tags":[149455,149461,2728,149460,149445,149443,149444,149441,149453,18871,149452,149450,134495,194,965,99279,149454,77983,149459,149457,149456,149684,149685,149424,149468,149469,102497,149448,149434,149440,149458,149471,1496,149506,149449,18095,149491,772,149442,149470,149447,28510,149451,149446],"class_list":["post-115367","post","type-post","status-publish","format-standard","has-post-thumbnail","hentry","category-br","category-politica-2","tag-a-casa-caiu-para-aecio-neves","tag-a-casa-caiu-para-aecio-neves-e-outros-politicos-do-alto-escalao","tag-aecio-neves","tag-aecio-neves-e-outros-politicos-sao-alvos-de-operacao-da-policia-federal","tag-aecio-neves-jbs","tag-aecio-neves-operacao-cala-boca","tag-aecio-neves-propina","tag-afastamento-aecio-neves","tag-andrea-neves","tag-andrea-neves-da-cunha","tag-andreia-neves","tag-angelo-goulart-villela","tag-apos-denuncias","tag-belo-horizonte","tag-claudio","tag-delacao","tag-delacao-da-jbs","tag-edson-fachin","tag-fachin-manda-afastar-aecio-neves","tag-frederico-pacheco-de-medeiros","tag-frigorifico-jbs","tag-gravacao-clandestina-foi-adulterada-com-interesses-subterraneos","tag-gravacao-clandestina-foi-adulterada-com-objetivos-subterraneos","tag-gravacoes-da-jbs","tag-irma-de-aecio-neves-e-presa-em-nova-lima","tag-janot-determina-exoneracao-de-procurador-preso-em-operacao-da-policia-federal","tag-jbs","tag-joao-batista-lima-filho","tag-joesley-batista","tag-mandados-aecio-neves","tag-mandados-em-enderecos-ligados-a-aecio-neves","tag-michel-temer-altera-a-agenda-e-cancela-compromissos","tag-nova-lima","tag-oito-pedidos-de-impeachment-sao-apresentados-no-congresso","tag-operacao-cala-boca","tag-operacao-lava-jato","tag-ouca-a-conversa-entre-michel-temer-e-o-dono-da-jbs","tag-policia-federal","tag-prisao-aecio-neves","tag-procuradoria-geral-eleitoral","tag-rodrigo-rocha-loures","tag-supremo-tribunal-federal","tag-willer-tomaz","tag-zeze-perrela"],"_links":{"self":[{"href":"https:\/\/aconteceunovale.com.br\/portal\/index.php?rest_route=\/wp\/v2\/posts\/115367","targetHints":{"allow":["GET"]}}],"collection":[{"href":"https:\/\/aconteceunovale.com.br\/portal\/index.php?rest_route=\/wp\/v2\/posts"}],"about":[{"href":"https:\/\/aconteceunovale.com.br\/portal\/index.php?rest_route=\/wp\/v2\/types\/post"}],"author":[{"embeddable":true,"href":"https:\/\/aconteceunovale.com.br\/portal\/index.php?rest_route=\/wp\/v2\/users\/1"}],"replies":[{"embeddable":true,"href":"https:\/\/aconteceunovale.com.br\/portal\/index.php?rest_route=%2Fwp%2Fv2%2Fcomments&post=115367"}],"version-history":[{"count":0,"href":"https:\/\/aconteceunovale.com.br\/portal\/index.php?rest_route=\/wp\/v2\/posts\/115367\/revisions"}],"wp:featuredmedia":[{"embeddable":true,"href":"https:\/\/aconteceunovale.com.br\/portal\/index.php?rest_route=\/wp\/v2\/media\/115356"}],"wp:attachment":[{"href":"https:\/\/aconteceunovale.com.br\/portal\/index.php?rest_route=%2Fwp%2Fv2%2Fmedia&parent=115367"}],"wp:term":[{"taxonomy":"category","embeddable":true,"href":"https:\/\/aconteceunovale.com.br\/portal\/index.php?rest_route=%2Fwp%2Fv2%2Fcategories&post=115367"},{"taxonomy":"post_tag","embeddable":true,"href":"https:\/\/aconteceunovale.com.br\/portal\/index.php?rest_route=%2Fwp%2Fv2%2Ftags&post=115367"}],"curies":[{"name":"wp","href":"https:\/\/api.w.org\/{rel}","templated":true}]}}