{"id":115362,"date":"2017-05-20T17:22:52","date_gmt":"2017-05-20T19:22:52","guid":{"rendered":"http:\/\/aconteceunovale.com.br\/portal\/?p=115362"},"modified":"2017-05-20T17:22:52","modified_gmt":"2017-05-20T19:22:52","slug":"nos-queremos-eleicoes-diretas-ja-diz-lula","status":"publish","type":"post","link":"https:\/\/aconteceunovale.com.br\/portal\/?p=115362","title":{"rendered":"\u201cN\u00f3s queremos elei\u00e7\u00f5es diretas j\u00e1\u201d, diz Lula"},"content":{"rendered":"<p>Em discurso durante a posse do Diret\u00f3rio Municipal do PT de S\u00e3o Bernardo do Campo neste s\u00e1bado (20\/05\/2017), o ex-presidente Lula posicionou-se a favor da realiza\u00e7\u00e3o de elei\u00e7\u00f5es diretas e pediu que Temer &#8220;saia logo&#8221;.<\/p>\n<p>&#8220;N\u00f3s queremos elei\u00e7\u00f5es diretas j\u00e1, queremos o direito de eleger um presidente ou uma presidente da Rep\u00fablica, o que pode at\u00e9 n\u00e3o dar certo, mas \u00e9 da responsabilidade do povo ser respons\u00e1vel pelos seus dirigentes pol\u00edticos.&#8221;<\/p>\n<p>O petista afirmou que imaginava que &#8220;n\u00e3o seria mais candidato a nada&#8221;, mas agora que \u00e9 v\u00edtima de uma &#8220;provoca\u00e7\u00e3o&#8221;, voltou a ter vontade de disputar elei\u00e7\u00f5es. Lula disse que o Brasil est\u00e1 sendo tomado por um &#8220;complexo de vira-lata&#8221; e que est\u00e1 entregando sua economia &#8220;ao capital estrangeiro&#8221;.<\/p>\n<p>O ex-presidente fez fortes cr\u00edticas \u00e0 imprensa e disse que \u00e9 necess\u00e1rio barrar a reforma da previd\u00eancia. Para Lula, a reforma \u00e9, tamb\u00e9m, um objetivo da Rede Globo.<\/p>\n<p>&#8220;Deus queira que a Globo invente o candidato dela, porque n\u00f3s queremos derrotar o candidato da Globo.&#8221;<\/p>\n<p><iframe loading=\"lazy\" src=\"https:\/\/www.facebook.com\/plugins\/video.php?href=https%3A%2F%2Fwww.facebook.com%2FLula%2Fvideos%2F1321674684568195%2F&#038;show_text=0&#038;width=600\" width=\"600\" height=\"315\" style=\"border:none;overflow:hidden\" scrolling=\"no\" frameborder=\"0\" allowTransparency=\"true\" allowFullScreen=\"true\"><\/iframe><br \/>\n<\/br><\/p>\n<p><strong>VER PRIMEIRO<\/strong><\/p>\n<p>Receba as not\u00edcias do Aconteceu no Vale em primeira m\u00e3o. Clique em curtir no endere\u00e7o <a href=\"https:\/\/www.facebook.com\/aconteceunovale\" target=\"_blank\"><font color=\"red\">www.facebook.com\/aconteceunovale<\/font><\/a> ou no box abaixo:<\/p>\n<div class=\"fb-like\" data-href=\"https:\/\/www.facebook.com\/aconteceunovale\" data-width=\"120\" data-layout=\"standard\" data-action=\"like\" data-size=\"small\" data-show-faces=\"true\" data-share=\"true\"><\/div>\n<p><\/br><\/p>\n<p><em>(Fonte: Sputnik Brasil)<\/em><\/p>\n","protected":false},"excerpt":{"rendered":"<p>Em discurso durante a posse do Diret\u00f3rio Municipal do PT de S\u00e3o Bernardo do Campo neste s\u00e1bado (20\/05\/2017), o ex-presidente Lula posicionou-se a favor da realiza\u00e7\u00e3o de elei\u00e7\u00f5es diretas e pediu que Temer &#8220;saia logo&#8221;. &#8220;N\u00f3s queremos elei\u00e7\u00f5es diretas j\u00e1, queremos o direito de eleger um presidente ou uma presidente da Rep\u00fablica, o que pode [&hellip;]<\/p>\n","protected":false},"author":1,"featured_media":115364,"comment_status":"open","ping_status":"closed","sticky":false,"template":"","format":"standard","meta":{"amp_status":"","footnotes":""},"categories":[6,40240],"tags":[149455,149461,2728,149460,149445,149443,149444,149441,149453,18871,149452,149450,134495,194,965,99279,149454,149682,77983,149683,149459,149457,149456,149424,149468,149469,102497,149448,149434,14124,7147,149440,149458,149471,1496,149506,149449,18095,149491,772,149442,149470,758,149447,4657,28510,149451,149446],"class_list":["post-115362","post","type-post","status-publish","format-standard","has-post-thumbnail","hentry","category-br","category-politica-2","tag-a-casa-caiu-para-aecio-neves","tag-a-casa-caiu-para-aecio-neves-e-outros-politicos-do-alto-escalao","tag-aecio-neves","tag-aecio-neves-e-outros-politicos-sao-alvos-de-operacao-da-policia-federal","tag-aecio-neves-jbs","tag-aecio-neves-operacao-cala-boca","tag-aecio-neves-propina","tag-afastamento-aecio-neves","tag-andrea-neves","tag-andrea-neves-da-cunha","tag-andreia-neves","tag-angelo-goulart-villela","tag-apos-denuncias","tag-belo-horizonte","tag-claudio","tag-delacao","tag-delacao-da-jbs","tag-diretorio-municipal-do-pt-de-sao-bernardo-do-campo","tag-edson-fachin","tag-eleicoes-diretas","tag-fachin-manda-afastar-aecio-neves","tag-frederico-pacheco-de-medeiros","tag-frigorifico-jbs","tag-gravacoes-da-jbs","tag-irma-de-aecio-neves-e-presa-em-nova-lima","tag-janot-determina-exoneracao-de-procurador-preso-em-operacao-da-policia-federal","tag-jbs","tag-joao-batista-lima-filho","tag-joesley-batista","tag-luiz-inacio-lula-da-silva","tag-lula","tag-mandados-aecio-neves","tag-mandados-em-enderecos-ligados-a-aecio-neves","tag-michel-temer-altera-a-agenda-e-cancela-compromissos","tag-nova-lima","tag-oito-pedidos-de-impeachment-sao-apresentados-no-congresso","tag-operacao-cala-boca","tag-operacao-lava-jato","tag-ouca-a-conversa-entre-michel-temer-e-o-dono-da-jbs","tag-policia-federal","tag-prisao-aecio-neves","tag-procuradoria-geral-eleitoral","tag-pt","tag-rodrigo-rocha-loures","tag-sao-bernardo-do-campo","tag-supremo-tribunal-federal","tag-willer-tomaz","tag-zeze-perrela"],"_links":{"self":[{"href":"https:\/\/aconteceunovale.com.br\/portal\/index.php?rest_route=\/wp\/v2\/posts\/115362","targetHints":{"allow":["GET"]}}],"collection":[{"href":"https:\/\/aconteceunovale.com.br\/portal\/index.php?rest_route=\/wp\/v2\/posts"}],"about":[{"href":"https:\/\/aconteceunovale.com.br\/portal\/index.php?rest_route=\/wp\/v2\/types\/post"}],"author":[{"embeddable":true,"href":"https:\/\/aconteceunovale.com.br\/portal\/index.php?rest_route=\/wp\/v2\/users\/1"}],"replies":[{"embeddable":true,"href":"https:\/\/aconteceunovale.com.br\/portal\/index.php?rest_route=%2Fwp%2Fv2%2Fcomments&post=115362"}],"version-history":[{"count":0,"href":"https:\/\/aconteceunovale.com.br\/portal\/index.php?rest_route=\/wp\/v2\/posts\/115362\/revisions"}],"wp:featuredmedia":[{"embeddable":true,"href":"https:\/\/aconteceunovale.com.br\/portal\/index.php?rest_route=\/wp\/v2\/media\/115364"}],"wp:attachment":[{"href":"https:\/\/aconteceunovale.com.br\/portal\/index.php?rest_route=%2Fwp%2Fv2%2Fmedia&parent=115362"}],"wp:term":[{"taxonomy":"category","embeddable":true,"href":"https:\/\/aconteceunovale.com.br\/portal\/index.php?rest_route=%2Fwp%2Fv2%2Fcategories&post=115362"},{"taxonomy":"post_tag","embeddable":true,"href":"https:\/\/aconteceunovale.com.br\/portal\/index.php?rest_route=%2Fwp%2Fv2%2Ftags&post=115362"}],"curies":[{"name":"wp","href":"https:\/\/api.w.org\/{rel}","templated":true}]}}