{"id":115355,"date":"2017-05-20T16:39:37","date_gmt":"2017-05-20T18:39:37","guid":{"rendered":"http:\/\/aconteceunovale.com.br\/portal\/?p=115355"},"modified":"2017-05-20T17:31:45","modified_gmt":"2017-05-20T19:31:45","slug":"temer-ataca-dono-da-jbs-e-diz-que-vai-pedir-suspensao-de-inquerito","status":"publish","type":"post","link":"https:\/\/aconteceunovale.com.br\/portal\/?p=115355","title":{"rendered":"Temer ataca dono da JBS e diz que vai pedir suspens\u00e3o de inqu\u00e9rito"},"content":{"rendered":"<p>Em pronunciamento na tarde deste s\u00e1bado (20), o presidente da Rep\u00fablica, Michel Temer, disse que vai pedir ao Supremo Tribunal Federal (STF) para que o inqu\u00e9rito aberto contra ele seja suspenso at\u00e9 que seja verificada a autenticidade da grava\u00e7\u00e3o feita pelo empres\u00e1rio Joesley Batista, dono da JBS, de uma conversa com o presidente.<\/p>\n<p>\u201cEssa grava\u00e7\u00e3o clandestina foi manipulada e adulterada com objetivos nitidamente subterr\u00e2neos. Inclu\u00edda no inqu\u00e9rito sem a devida averigua\u00e7\u00e3o, levou muitas pessoas ao engano, induzido e trouxe grave crise ao Brasil\u201d, disse o presidente.<\/p>\n<p>Uma per\u00edcia contratada pelo jornal Folha de S. Paulo concluiu que a grava\u00e7\u00e3o da conversa sofreu mais de 50 edi\u00e7\u00f5es. Temer classificou a grava\u00e7\u00e3o como fraudulenta e manipulada e lembrou que o grupo JBS comprou US$ 1 bilh\u00e3o antes da divulga\u00e7\u00e3o da conversa e faturou com a opera\u00e7\u00e3o financeira.<\/p>\n<p><strong>Inqu\u00e9rito<\/strong><\/p>\n<p>A abertura do inqu\u00e9rito, por corrup\u00e7\u00e3o passiva, organiza\u00e7\u00e3o criminosa e obstru\u00e7\u00e3o da Justi\u00e7a, foi autorizada pelo ministro do STF Edson Fachin na quinta-feira (18), a pedido da Procuradoria-Geral da Rep\u00fablica (PGR). Em pronunciamento anterior, ainda na quinta-feira (18), Temer disse que nunca autorizou ningu\u00e9m a usar seu nome indevidamente e que demonstraria no STF n\u00e3o ter nenhum envolvimento com os fatos.<\/p>\n<p>Segundo o Minist\u00e9rio P\u00fablico Federal, em encontro com Joesley Batista, Temer deu aval para que ele continuasse a pagar uma esp\u00e9cie de mesada ao ex-deputado Eduardo Cunha e o doleiro L\u00facio Funaro, ambos presos, para que continuassem em sil\u00eancio. O \u00e1udio da conversa, gravada por Joesley, foi disponibilizado na \u00faltima quinta-feira (18). Ap\u00f3s a divulga\u00e7\u00e3o, o presidente Michel Temer e assessores avaliaram que o conte\u00fado da conversa n\u00e3o incrimina o presidente.<\/p>\n<p><img decoding=\"async\" src=\"http:\/\/aconteceunovale.com.br\/portal\/wp-content\/uploads\/2017\/05\/temer_suspensaoinquerito.jpg\" alt=\"\" \/><em>Michel Temer durante pronunciamento oficial (Foto: Reprodu\u00e7\u00e3o\/NBR)<\/em><br \/>\n<\/br><\/p>\n<p><strong>PGR<\/strong><\/p>\n<p>Ao enviar o pedido de abertura de investiga\u00e7\u00e3o sobre o presidente ao STF, a PGR informou ao ministro Edson Fachin que o \u00e1udio foi analisado de forma preliminar &#8220;sob a perspectiva exclusiva da percep\u00e7\u00e3o humana&#8221;. De acordo com o processo, &#8220;n\u00e3o houve aux\u00edlio de equipamentos especializados na avalia\u00e7\u00e3o dos a\u00fadios.<\/p>\n<p>Na decis\u00e3o em que autorizou a investiga\u00e7\u00e3o contra Temer, Fachin n\u00e3o analisou a legalidade da grava\u00e7\u00e3o sob o ponto de vista de poss\u00edveis edi\u00e7\u00f5es. O ministro entendeu que Joesley Batista poderia gravar sua conversa com terceiros.<\/p>\n<p>O presidente acusou Joesley Batista de especular contra a moeda nacional, j\u00e1 que ele comprou US$ 1 bilh\u00e3o antes da divulga\u00e7\u00e3o da grava\u00e7\u00e3o, porque sabia que isso causaria um \u201ccaos\u201d no c\u00e2mbio. Al\u00e9m disso, ele vendeu a\u00e7\u00f5es de sua empresa antes da queda do valor na Bolsa de Valores.<\/p>\n<p>\u201cO autor do grampo est\u00e1 livre e solto, passeando pelas ruas de Nova York. E o Brasil que j\u00e1 tinha sa\u00eddo da mais grave crise econ\u00f4mica de sua hist\u00f3ria, vive agora, sou obrigado a reconhecer dias de incerteza. Ele n\u00e3o passou nenhum dia na cadeia, n\u00e3o foi preso, n\u00e3o foi julgado, n\u00e3o foi punido, e pelo jeito n\u00e3o ser\u00e1\u201d<\/p>\n<p>Temer disse que a acusa\u00e7\u00e3o de corrup\u00e7\u00e3o passiva n\u00e3o se sustenta, porque o Conselho Administrativo de Defesa Econ\u00f4mica (Cade) n\u00e3o decidiu em favor da JBS, assim como pedidos ao Banco Nacional de Desenvolvimento Econ\u00f4mico e Social (BNDES) e \u00e0 Petrobras n\u00e3o foram atendidos. \u201cEssa \u00e9 a prova cabal de que meu governo n\u00e3o estava aberto a ele\u201d, disse Temer.<\/p>\n<p><strong>Contradi\u00e7\u00f5es<\/strong><\/p>\n<p>O presidente tamb\u00e9m disse que h\u00e1 muitas contradi\u00e7\u00f5es no depoimento de Joesley Batista, como a informa\u00e7\u00e3o de que Temer teria dado aval para comprar o sil\u00eancio do ex-deputado Eduardo Cunha, que est\u00e1 preso em Curitiba. \u201cN\u00e3o existe isso na grava\u00e7\u00e3o, mesmo tendo sido ela adulterada. E n\u00e3o existe porque nunca comprei o sil\u00eancio de ningu\u00e9m. N\u00e3o obstru\u00ed a Justi\u00e7a e n\u00e3o fiz nada contra a a\u00e7\u00e3o do Judici\u00e1rio\u201d<\/p>\n<p>Ele enfatizou ainda que n\u00e3o acreditou na narrativa do empres\u00e1rio de que ele teria comprado ju\u00edzes e um procurador. \u201cEle \u00e9 um conhecido falastr\u00e3o exagerado. Ali\u00e1s, depois, em depoimento, disse que havia inventado essa hist\u00f3ria, que n\u00e3o era verdadeira. Ou seja, foi uma fanfarronice\u201d<\/p>\n<p>O presidente justificou que, na conversa com o empres\u00e1rio, simplesmente ouviu suas dificuldades, sem fazer nada para que ele obtivesse benesses do governo. \u201cN\u00e3o h\u00e1 crime em ouvir reclama\u00e7\u00f5es e me livrar do interlocutor indicando outra pessoa para ouvir as suas lam\u00farias\u201d. Ele explicou que ouviu Joesley Batista \u00e0 noite assim como ouve muitos empres\u00e1rios, pol\u00edticos e at\u00e9 a imprensa em hor\u00e1rios alternativos.<\/p>\n<p>Ao encerrar sua fala, em que destacou o impacto da divulga\u00e7\u00e3o dos \u00e1udios da dela\u00e7\u00e3o de Joesley na economia e na pol\u00edtica do pa\u00eds, Temer refor\u00e7ou que permanece no cargo. &#8220;O Brasil n\u00e3o sair\u00e1 dos trilhos, eu continuarei \u00e0 frente do governo&#8221;, disse.<\/p>\n<p><strong>VER PRIMEIRO<\/strong><\/p>\n<p>Receba as not\u00edcias do Aconteceu no Vale em primeira m\u00e3o. Clique em curtir no endere\u00e7o <a href=\"https:\/\/www.facebook.com\/aconteceunovale\" target=\"_blank\"><font color=\"red\">www.facebook.com\/aconteceunovale<\/font><\/a> ou no box abaixo:<\/p>\n<div class=\"fb-like\" data-href=\"https:\/\/www.facebook.com\/aconteceunovale\" data-width=\"120\" data-layout=\"standard\" data-action=\"like\" data-size=\"small\" data-show-faces=\"true\" data-share=\"true\"><\/div>\n<p><\/br><\/p>\n<p><em>(Fonte: Ag\u00eancia Brasil)<\/em><\/p>\n","protected":false},"excerpt":{"rendered":"<p>Em pronunciamento na tarde deste s\u00e1bado (20), o presidente da Rep\u00fablica, Michel Temer, disse que vai pedir ao Supremo Tribunal Federal (STF) para que o inqu\u00e9rito aberto contra ele seja suspenso at\u00e9 que seja verificada a autenticidade da grava\u00e7\u00e3o feita pelo empres\u00e1rio Joesley Batista, dono da JBS, de uma conversa com o presidente. \u201cEssa grava\u00e7\u00e3o [&hellip;]<\/p>\n","protected":false},"author":1,"featured_media":115356,"comment_status":"open","ping_status":"closed","sticky":false,"template":"","format":"standard","meta":{"amp_status":"","footnotes":""},"categories":[6,40240],"tags":[149455,149461,2728,149460,149445,149443,149444,149441,149453,18871,149452,149450,134495,194,965,99279,149454,77983,149459,149457,149456,149424,149468,149469,102497,149448,149434,149440,149458,20181,149471,1496,149506,149449,18095,149491,772,20321,149442,149470,149447,28510,149677,149676,149451,149446],"class_list":["post-115355","post","type-post","status-publish","format-standard","has-post-thumbnail","hentry","category-br","category-politica-2","tag-a-casa-caiu-para-aecio-neves","tag-a-casa-caiu-para-aecio-neves-e-outros-politicos-do-alto-escalao","tag-aecio-neves","tag-aecio-neves-e-outros-politicos-sao-alvos-de-operacao-da-policia-federal","tag-aecio-neves-jbs","tag-aecio-neves-operacao-cala-boca","tag-aecio-neves-propina","tag-afastamento-aecio-neves","tag-andrea-neves","tag-andrea-neves-da-cunha","tag-andreia-neves","tag-angelo-goulart-villela","tag-apos-denuncias","tag-belo-horizonte","tag-claudio","tag-delacao","tag-delacao-da-jbs","tag-edson-fachin","tag-fachin-manda-afastar-aecio-neves","tag-frederico-pacheco-de-medeiros","tag-frigorifico-jbs","tag-gravacoes-da-jbs","tag-irma-de-aecio-neves-e-presa-em-nova-lima","tag-janot-determina-exoneracao-de-procurador-preso-em-operacao-da-policia-federal","tag-jbs","tag-joao-batista-lima-filho","tag-joesley-batista","tag-mandados-aecio-neves","tag-mandados-em-enderecos-ligados-a-aecio-neves","tag-michel-temer","tag-michel-temer-altera-a-agenda-e-cancela-compromissos","tag-nova-lima","tag-oito-pedidos-de-impeachment-sao-apresentados-no-congresso","tag-operacao-cala-boca","tag-operacao-lava-jato","tag-ouca-a-conversa-entre-michel-temer-e-o-dono-da-jbs","tag-policia-federal","tag-presidente-da-republica","tag-prisao-aecio-neves","tag-procuradoria-geral-eleitoral","tag-rodrigo-rocha-loures","tag-supremo-tribunal-federal","tag-temer-ataca-dono-da-jbs-e-diz-que-vai-pedir-suspensao-de-inquerito","tag-temer-diz-que-vai-pedir-suspensao-de-inquerito","tag-willer-tomaz","tag-zeze-perrela"],"_links":{"self":[{"href":"https:\/\/aconteceunovale.com.br\/portal\/index.php?rest_route=\/wp\/v2\/posts\/115355","targetHints":{"allow":["GET"]}}],"collection":[{"href":"https:\/\/aconteceunovale.com.br\/portal\/index.php?rest_route=\/wp\/v2\/posts"}],"about":[{"href":"https:\/\/aconteceunovale.com.br\/portal\/index.php?rest_route=\/wp\/v2\/types\/post"}],"author":[{"embeddable":true,"href":"https:\/\/aconteceunovale.com.br\/portal\/index.php?rest_route=\/wp\/v2\/users\/1"}],"replies":[{"embeddable":true,"href":"https:\/\/aconteceunovale.com.br\/portal\/index.php?rest_route=%2Fwp%2Fv2%2Fcomments&post=115355"}],"version-history":[{"count":0,"href":"https:\/\/aconteceunovale.com.br\/portal\/index.php?rest_route=\/wp\/v2\/posts\/115355\/revisions"}],"wp:featuredmedia":[{"embeddable":true,"href":"https:\/\/aconteceunovale.com.br\/portal\/index.php?rest_route=\/wp\/v2\/media\/115356"}],"wp:attachment":[{"href":"https:\/\/aconteceunovale.com.br\/portal\/index.php?rest_route=%2Fwp%2Fv2%2Fmedia&parent=115355"}],"wp:term":[{"taxonomy":"category","embeddable":true,"href":"https:\/\/aconteceunovale.com.br\/portal\/index.php?rest_route=%2Fwp%2Fv2%2Fcategories&post=115355"},{"taxonomy":"post_tag","embeddable":true,"href":"https:\/\/aconteceunovale.com.br\/portal\/index.php?rest_route=%2Fwp%2Fv2%2Ftags&post=115355"}],"curies":[{"name":"wp","href":"https:\/\/api.w.org\/{rel}","templated":true}]}}