{"id":115353,"date":"2017-05-20T16:30:59","date_gmt":"2017-05-20T18:30:59","guid":{"rendered":"http:\/\/aconteceunovale.com.br\/portal\/?p=115353"},"modified":"2017-05-20T16:30:59","modified_gmt":"2017-05-20T18:30:59","slug":"surto-de-febre-amarela-pode-ter-desviado-atencao-da-vacinacao-contra-gripe","status":"publish","type":"post","link":"https:\/\/aconteceunovale.com.br\/portal\/?p=115353","title":{"rendered":"Surto de febre amarela pode ter &#8220;desviado aten\u00e7\u00e3o&#8221; da vacina\u00e7\u00e3o contra gripe"},"content":{"rendered":"<p>A campanha nacional de vacina\u00e7\u00e3o contra a gripe do Minist\u00e9rio da Sa\u00fade se encerra no pr\u00f3ximo dia 26, mas a ades\u00e3o \u00e9 considerada baixa em todo o pa\u00eds. Do total de 54,2 milh\u00f5es de pessoas esperadas, somente 28,7 milh\u00f5es foram vacinadas, o que representa 53% do p\u00fablico-alvo. No estado do Rio de Janeiro, por exemplo, n\u00e3o foi alcan\u00e7ado nem 50% do p\u00fablico estimado.<\/p>\n<p>A virologista Marilda Siqueira, chefe do Laborat\u00f3rio de V\u00edrus Respirat\u00f3rio e do Sarampo do Instituto Oswaldo Cruz (IOC), da Funda\u00e7\u00e3o Oswaldo Cruz (Fiocruz), avalia que o pouco destaque que o v\u00edrus\u00a0<em>Influenza<\/em>\u00a0teve na m\u00eddia este ano e o recente surto de febre amarela contribu\u00edram para desviar o foco da aten\u00e7\u00e3o das pessoas da campanha contra a gripe. Isso porque, em estados com registros de morte pela doen\u00e7a, como o RJ, a popula\u00e7\u00e3o se preocupou mais em correr aos postos para receber a imuniza\u00e7\u00e3o contra a febre amarela. A vacina contra a gripe est\u00e1 dispon\u00edvel nos postos de vacina\u00e7\u00e3o desde 17 de abril.<\/p>\n<p>\u201cMas isso n\u00e3o tira de maneira nenhuma a import\u00e2ncia de tomar a vacina contra a gripe\u201d, adverte Marilda. A virologista explica que \u00e9 importante tomar a dose anualmente uma vez que a vacina contra o v\u00edrus<em>\u00a0Influenza<\/em>, causador da gripe, n\u00e3o oferece uma imunidade duradoura.\u00a0 Outro fator importante \u00e9 que o v\u00edrus pode apresentar muta\u00e7\u00f5es de um ano para outro em seu genoma e as vacinas s\u00e3o &#8220;atualizadas&#8221;\u00a0 para garantir uma prote\u00e7\u00e3o mais ampla \u00e0 popula\u00e7\u00e3o.\u00a0 \u201cEnt\u00e3o, tem que tomar este ano, de novo\u201d, diz.<\/p>\n<p>A Secretaria de Estado de Sa\u00fade do Rio de Janeiro reafirmou que a baixa procura pelos postos de sa\u00fade \u00e9 motivo de preocupa\u00e7\u00e3o entre especialistas, uma vez que, at\u00e9 o in\u00edcio desta semana, seis em cada dez pessoas que fazem parte dos grupos priorit\u00e1rios ainda n\u00e3o se vacinaram.<\/p>\n<p>\u201cVivemos um momento em que as medidas preventivas s\u00e3o fundamentais. A baixa ades\u00e3o \u00e0 campanha ainda nos preocupa e precisamos alertar a popula\u00e7\u00e3o. Sabemos que a gripe \u00e9 uma doen\u00e7a aparentemente simples, mas que pode evoluir gravemente, principalmente entre os grupos mais vulner\u00e1veis. A vacina \u00e9 segura e est\u00e1 dispon\u00edvel em todas as redes municipais de sa\u00fade. \u00c9 preciso entender que a preven\u00e7\u00e3o \u00e9 a melhor forma de evitar a doen\u00e7a\u201d, alertou o secret\u00e1rio de estado de Sa\u00fade, Luiz Antonio Teixeira Jr.<\/p>\n<p><strong>Inverno<\/strong><\/p>\n<p>A proximidade do in\u00edcio do inverno, em 21 de junho, refor\u00e7a a necessidade de ampliar a imuniza\u00e7\u00e3o. \u201cO v\u00edrus\u00a0<em>Influenza<\/em>\u00a0j\u00e1 est\u00e1 circulando em v\u00e1rias regi\u00f5es e as pessoas t\u00eam que ficar atentas para se protegerem\u201d, insiste a virologista. Ela lembra que, no ano passado, mais de 2 mil pessoas morreram por\u00a0<em>Influenza<\/em>\u00a0no Brasil. Grande parte dos \u00f3bitos foi de pessoas eleg\u00edveis para tomar a vacina, ou seja, maiores de 60 anos de idade, crian\u00e7as menores de 4 anos e pessoas com problemas de imunodefici\u00eancia, respirat\u00f3rios ou card\u00edacos cr\u00f4nicos, al\u00e9m de diab\u00e9ticos.<\/p>\n<p>Neste ano, al\u00e9m dos profissionais de sa\u00fade, a campanha de vacina\u00e7\u00e3o incluiu o grupo dos professores para tomar a vacina. \u201cPorque n\u00f3s sabemos que, em qualquer pa\u00eds do mundo, os grandes distribuidores que espalham o v\u00edrus<em>\u00a0Influenza<\/em>, no primeiro momento, s\u00e3o crian\u00e7as em idade escolar. Como est\u00e3o em ambientes fechados, elas contribuem muito para o espalhamento do v\u00edrus porque uma passa para a outra, para a professora, para a casa, para os pais. Elas contribuem muito no primeiro momento, assim que se inicia uma pandemia\u201d, explica Marilda.<\/p>\n<p><strong>Mitos<\/strong><\/p>\n<p>Marilda Siqueira descarta a possibilidade de uma pessoa tomar a vacina e ficar gripada. A f\u00f3rmula da vacina, esclareceu, \u00e9 o v\u00edrus inativado, isto \u00e9, morto. Al\u00e9m disso, as prote\u00ednas do v\u00edrus s\u00e3o separadas. \u201cN\u00e3o tem como ele se multiplicar dentro da gente\u201d.<\/p>\n<p>O que ocorre, esclarece, \u00e9 que nesta \u00e9poca do ano h\u00e1 v\u00e1rios outros v\u00edrus respirat\u00f3rios circulando em v\u00e1rios estados brasileiros, principalmente nas regi\u00f5es Sul e Sudeste, apresentando sintomas que se confundem com os da gripe. \u201cTem gente que j\u00e1 est\u00e1 infectado pelo v\u00edrus<em>\u00a0Influenza\u00a0<\/em>[quando toma a vacina], tem gente que est\u00e1 ou vai ficar infectado por outros v\u00edrus respirat\u00f3rios e a\u00ed as pessoas, \u00e0s vezes, apresentam um quadro respirat\u00f3rio e dizem que \u00e9 da vacina quando, na verdade, n\u00e3o \u00e9\u201d.<\/p>\n<p>O v\u00edrus\u00a0<em>Influenza<\/em>\u00a0\u00e9 facilmente transmitido por meio de secre\u00e7\u00f5es das vias respirat\u00f3rias ao falar, tossir ou espirrar e por meio do contato de objetos contaminados com a boca, olhos e nariz.\u00a0 Desde janeiro, nove casos de S\u00edndrome Respirat\u00f3ria Aguda Grave, provocados por v\u00edrus da gripe, foram registrados no estado do Rio, sendo seis \u00f3bitos. O subsecret\u00e1rio de Vigil\u00e2ncia em Sa\u00fade, Alexandre Chieppe, destacou o aumento da circula\u00e7\u00e3o do v\u00edrus<em>\u00a0Influenza B<\/em>\u00a0nos \u00faltimos meses. Ele lembrou que a vacina demora cerca de 15 dias para garantir a imuniza\u00e7\u00e3o completa e, por isso, \u00e9 essencial que as pessoas se antecipem \u00e0 chegada das temperaturas mais baixas.<\/p>\n<p>\u201cA imuniza\u00e7\u00e3o pela vacina \u00e9 importante tanto para a pr\u00f3pria pessoa, ao reduzir a possibilidade de agravamento da doen\u00e7a, com interna\u00e7\u00f5es e \u00f3bito, quanto para seus familiares. \u00c9 preciso lembrar que a gripe, na grande maioria dos casos, n\u00e3o apresenta complica\u00e7\u00f5es, mas entre os grupos priorit\u00e1rios, pode evoluir para formas mais graves. A preven\u00e7\u00e3o \u00e9 fundamental\u201d, salientou Chieppe.<\/p>\n","protected":false},"excerpt":{"rendered":"<p>A campanha nacional de vacina\u00e7\u00e3o contra a gripe do Minist\u00e9rio da Sa\u00fade se encerra no pr\u00f3ximo dia 26, mas a ades\u00e3o \u00e9 considerada baixa em todo o pa\u00eds. Do total de 54,2 milh\u00f5es de pessoas esperadas, somente 28,7 milh\u00f5es foram vacinadas, o que representa 53% do p\u00fablico-alvo. No estado do Rio de Janeiro, por exemplo, [&hellip;]<\/p>\n","protected":false},"author":1,"featured_media":112254,"comment_status":"open","ping_status":"closed","sticky":false,"template":"","format":"standard","meta":{"amp_status":"","footnotes":""},"categories":[6,40242],"tags":[95428,47713,24222,43373,149674,137813,149675,45695],"class_list":["post-115353","post","type-post","status-publish","format-standard","has-post-thumbnail","hentry","category-br","category-saude-2","tag-campanha-nacional-de-vacinacao-contra-a-gripe","tag-febre-amarela","tag-fiocruz","tag-gripe","tag-imunizacao-contra-gripe","tag-surto-de-febre-amarela","tag-surto-de-febre-amarela-pode-ter-desviado-atencao-da-vacinacao-contra-gripe","tag-vacinacao-contra-gripe"],"_links":{"self":[{"href":"https:\/\/aconteceunovale.com.br\/portal\/index.php?rest_route=\/wp\/v2\/posts\/115353","targetHints":{"allow":["GET"]}}],"collection":[{"href":"https:\/\/aconteceunovale.com.br\/portal\/index.php?rest_route=\/wp\/v2\/posts"}],"about":[{"href":"https:\/\/aconteceunovale.com.br\/portal\/index.php?rest_route=\/wp\/v2\/types\/post"}],"author":[{"embeddable":true,"href":"https:\/\/aconteceunovale.com.br\/portal\/index.php?rest_route=\/wp\/v2\/users\/1"}],"replies":[{"embeddable":true,"href":"https:\/\/aconteceunovale.com.br\/portal\/index.php?rest_route=%2Fwp%2Fv2%2Fcomments&post=115353"}],"version-history":[{"count":0,"href":"https:\/\/aconteceunovale.com.br\/portal\/index.php?rest_route=\/wp\/v2\/posts\/115353\/revisions"}],"wp:featuredmedia":[{"embeddable":true,"href":"https:\/\/aconteceunovale.com.br\/portal\/index.php?rest_route=\/wp\/v2\/media\/112254"}],"wp:attachment":[{"href":"https:\/\/aconteceunovale.com.br\/portal\/index.php?rest_route=%2Fwp%2Fv2%2Fmedia&parent=115353"}],"wp:term":[{"taxonomy":"category","embeddable":true,"href":"https:\/\/aconteceunovale.com.br\/portal\/index.php?rest_route=%2Fwp%2Fv2%2Fcategories&post=115353"},{"taxonomy":"post_tag","embeddable":true,"href":"https:\/\/aconteceunovale.com.br\/portal\/index.php?rest_route=%2Fwp%2Fv2%2Ftags&post=115353"}],"curies":[{"name":"wp","href":"https:\/\/api.w.org\/{rel}","templated":true}]}}