{"id":115347,"date":"2017-05-20T14:38:34","date_gmt":"2017-05-20T16:38:34","guid":{"rendered":"http:\/\/aconteceunovale.com.br\/portal\/?p=115347"},"modified":"2017-05-20T14:38:34","modified_gmt":"2017-05-20T16:38:34","slug":"crianca-morre-apos-caminhonete-colidir-contra-caminhao-na-br-365-em-patos-minas","status":"publish","type":"post","link":"https:\/\/aconteceunovale.com.br\/portal\/?p=115347","title":{"rendered":"Crian\u00e7a morre ap\u00f3s caminhonete colidir contra caminh\u00e3o na BR-365, em Patos Minas"},"content":{"rendered":"<p>Uma menina de cinco anos morreu e o pai dela, de 28, e o tio, de 19, ficaram feridos, ap\u00f3s um acidente na madrugada deste s\u00e1bado (20\/05\/2017) em Patos de Minas, no Alto Parana\u00edba. Segundo informa\u00e7\u00f5es da Pol\u00edcia Rodovi\u00e1ria Federal (PRF), o ve\u00edculo onde as v\u00edtimas estavam bateu de frente com um caminh\u00e3o no Km 419, da BR-365. O caminhoneiro n\u00e3o sofreu ferimentos.<\/p>\n<p>Ainda de acordo com a PRF, o caminh\u00e3o seguia de S\u00e3o Paulo para Rio Grande do Norte e estava carregado com abacate e lim\u00e3o e invadiu a pista onde as v\u00edtimas estavam por volta de 2h19. A crian\u00e7a morreu no local e foi levada para o Instituto M\u00e9dico Legal (IML). Os policiais contaram que ela estava devidamente na cadeirinha conforme determina as normas de seguran\u00e7a do C\u00f3digo de Tr\u00e2nsito Brasileiro (CTB).<\/p>\n<p>O motorista da caminhonete, de 19 anos, e o passageiro, de 28, foram socorridos pelo Corpo de Bombeiros e levados para o Hospital Regional Ant\u00f4nio Dias, em Patos de Minas. <\/p>\n<p>Os policiais informaram ainda que a caminhonete carregava uma carretinha, que transportava um cavalo. O animal morreu no local do acidente.<\/p>\n<p><img decoding=\"async\" src=\"http:\/\/aconteceunovale.com.br\/portal\/wp-content\/uploads\/2017\/05\/acidente_patos.jpg\" alt=\"\" \/><em>Crian\u00e7a morreu no local do acidente (Foto: PRF\/Divulga\u00e7\u00e3o)<\/em><br \/>\n<\/br><\/p>\n<h2>Outros acidentes em Minas<\/h2>\n<p><strong>Homem morre atropelado em Alpin\u00f3polis<\/strong><\/p>\n<p>Um motociclista de 40 anos morreu na noite dessa sexta-feira (19) ap\u00f3s ser atropelado por um carro na MG-050, em Alpin\u00f3polis. Segundo a Pol\u00edcia Militar Rodovi\u00e1ria, Miraci Ant\u00f4nio dos Santos foi encontrado morto na pista por volta das 21h30. Por meio de den\u00fancia an\u00f4nima, o suspeito de ter atingido a v\u00edtima foi localizado em Passos.<\/p>\n<p>De acordo com os militares, o acidente aconteceu na altura do Km 330. O motorista do carro suspeito, de 33 anos, disse que seguia atr\u00e1s de uma carreta quando sentiu um solavanco, logo ap\u00f3s o ve\u00edculo da frente se deslocar rapidamente. Ele percebeu que tinha sangue no carro quando parou em um posto de combust\u00edveis pr\u00f3ximo \u00e0 rodovia. O motorista disse que, no entanto, frentistas apontaram que ele poderia ter passado por cima de um tatu.<\/p>\n<p>Ainda conforme a pol\u00edcia, o suspeito contou que outro cliente do posto disse que havia visto um homem ca\u00eddo na pista, mas, mesmo assim, decidiu chamar um guincho e seguir para casa, em Passos, com o carro.<\/p>\n<p>A PM recebeu uma liga\u00e7\u00e3o informando sobre o acidente e a exist\u00eancia de um carro com marcas de sangue no posto de combust\u00edveis. Localizado, o motorista foi conduzido para a delegacia. A per\u00edcia foi acionada para avaliar as condi\u00e7\u00f5es do acidente.<\/p>\n<p>O corpo da v\u00edtima foi encaminhado para o IML. A pol\u00edcia informou que o motociclista n\u00e3o possu\u00eda autoriza\u00e7\u00e3o para conduzir motos.<\/p>\n<p><strong>Acidente entre caminh\u00e3o e carreta em Ita\u00fa de Minas<\/strong><\/p>\n<p>Um caminhoneiro ficou ferido nessa sexta-feira (19) ap\u00f3s se envolver em um acidente com uma carreta na MG-050, em Ita\u00fa de Minas. Segundo a Pol\u00edcia Rodovi\u00e1ria, o ve\u00edculo em que a v\u00edtima estava foi atingido por uma carreta, que vinha em sentido contr\u00e1rio. O caminhoneiro fraturou a clav\u00edcula e foi levado para o pronto-socorro do munic\u00edpio.<\/p>\n<p>Conforme a pol\u00edcia, o motorista da carreta perdeu o controle da dire\u00e7\u00e3o na altura do Km 369, pr\u00f3ximo \u00e0 ponte sobre o Rio S\u00e3o Jo\u00e3o. A suspeita \u00e9 que a pista molhada tenha contribu\u00eddo com o acidente. Ap\u00f3s derrapar, a carreta bateu no caminh\u00e3o e formou um &#8220;L&#8221; no trecho, que ficou interditado por algumas horas. O motorista da carreta n\u00e3o se feriu.<\/p>\n<p>Ainda de acordo com a Pol\u00edcia Rodovi\u00e1ria, outros cinco acidentes aconteceram no mesmo trecho da MG-050 durante a chuva que atingiu a regi\u00e3o na tarde desta sexta-feira.<\/p>\n<p><strong>Passageiros e motorista ficam feridos ap\u00f3s \u00f4nibus tombar em Uberaba<\/strong><\/p>\n<p>Um \u00f4nibus tombou AMG-2595 em Uberaba na noite dessa sexta-feira (19) e deixou feridos. Segundo informa\u00e7\u00f5es da Pol\u00edcia Militar Rodovi\u00e1ria (PMR), o acidente ocorreu no Km 10 da rodovia. Das nove pessoas que estavam no ve\u00edculo, seis passageiros e o motorista foram socorridos com ferimentos leves e levados para a Unidade de Pronto Atendimento (UPA) do Bairro S\u00e3o Benedito e para o Hospital de Cl\u00ednicas da Universidade Federal do Tri\u00e2ngulo Mineiro (HC-UFTM).<\/p>\n<p>Ainda de acordo com a PMR, todas as v\u00edtimas atendidas na UPA foram medicadas e liberadas. A \u00fanica passageira encaminhada para o HC-UFTM, de 48 anos, sentia dores no quadril e ombro e foi submetida a exames.<\/p>\n<p>O motorista do \u00f4nibus contou aos militares que o ve\u00edculo tombou ap\u00f3s uma ultrapassagem de uma carreta. O caminhoneiro n\u00e3o foi localizado pelos policiais.<\/p>\n<p><strong>Ciclista morre ap\u00f3s ser atingido por caminhonete em Juiz de Fora<\/strong><\/p>\n<p>Um homem de 52 anos morreu na noite dessa sexta-feira (19) no Bairro Filgueiras, em Juiz de Fora. De acordo com a Pol\u00edcia Militar (PM), a v\u00edtima estava em uma bicicleta e bateu de frente com uma caminhonete.<\/p>\n<p>Ainda conforme a PM, o condutor da caminhonete trafegava sentido bairro-centro na Rua Diomar Monteiro quando, ao tentar uma ultrapassagem, acertou o ciclista que vinha em sentido contr\u00e1rio.<\/p>\n<p>A ambul\u00e2ncia do Servi\u00e7o de Atendimento M\u00f3vel de Emerg\u00eancia (Samu) foi acionada, mas a v\u00edtima n\u00e3o resistiu aos ferimentos e morreu no local.<\/p>\n<p><strong>VER PRIMEIRO<\/strong><\/p>\n<p>Receba as not\u00edcias do Aconteceu no Vale em primeira m\u00e3o. Clique em curtir no endere\u00e7o <a href=\"https:\/\/www.facebook.com\/aconteceunovale\" target=\"_blank\"><font color=\"red\">www.facebook.com\/aconteceunovale<\/font><\/a> ou no box abaixo:<\/p>\n<div class=\"fb-like\" data-href=\"https:\/\/www.facebook.com\/aconteceunovale\" data-width=\"120\" data-layout=\"standard\" data-action=\"like\" data-size=\"small\" data-show-faces=\"true\" data-share=\"true\"><\/div>\n<p><\/br><\/p>\n<p><em>(Fonte: G1 Tri\u00e2ngulo Mineiro, G1 Sul de Minas e G1 Zona da Mata)<\/em><\/p>\n","protected":false},"excerpt":{"rendered":"<p>Uma menina de cinco anos morreu e o pai dela, de 28, e o tio, de 19, ficaram feridos, ap\u00f3s um acidente na madrugada deste s\u00e1bado (20\/05\/2017) em Patos de Minas, no Alto Parana\u00edba. Segundo informa\u00e7\u00f5es da Pol\u00edcia Rodovi\u00e1ria Federal (PRF), o ve\u00edculo onde as v\u00edtimas estavam bateu de frente com um caminh\u00e3o no Km [&hellip;]<\/p>\n","protected":false},"author":1,"featured_media":115349,"comment_status":"open","ping_status":"closed","sticky":false,"template":"","format":"standard","meta":{"amp_status":"","footnotes":""},"categories":[123],"tags":[149671,149669,149668,31601,149658,149663,149662,13982,149666,149665,2981,149672,149659,149661,149660,149664,14315,206,149667,149670,213,220],"class_list":["post-115347","post","type-post","status-publish","format-standard","has-post-thumbnail","hentry","category-gerais","tag-acidente-com-onibus-em-uberaba","tag-acidente-em-itau-de-minas","tag-acidente-entre-caminhao-e-carreta-em-itau-de-minas","tag-acidente-na-br-365","tag-acidente-na-br-365-em-patos-de-minas","tag-acidentes-de-transito-em-minas","tag-acidentes-em-minas","tag-alpinopolis","tag-atropelado-em-alpinopolis","tag-atropelamento-em-alpinopolis","tag-br-365","tag-ciclista-morre-apos-ser-atingido-por-caminhonete-em-juiz-de-fora","tag-crianca-morre-apos-caminhonete-colidir-contra-caminhao-na-br-365","tag-crianca-morre-apos-caminhonete-colidir-contra-caminhao-na-br-365-em-patos-minas","tag-em-patos-minas","tag-homem-morre-atropelado-em-alpinopolis","tag-itau-de-minas","tag-juiz-de-fora","tag-miraci-antonio-dos-santos","tag-passageiros-e-motorista-ficam-feridos-apos-onibus-tombar-em-uberaba","tag-passos","tag-uberaba"],"_links":{"self":[{"href":"https:\/\/aconteceunovale.com.br\/portal\/index.php?rest_route=\/wp\/v2\/posts\/115347","targetHints":{"allow":["GET"]}}],"collection":[{"href":"https:\/\/aconteceunovale.com.br\/portal\/index.php?rest_route=\/wp\/v2\/posts"}],"about":[{"href":"https:\/\/aconteceunovale.com.br\/portal\/index.php?rest_route=\/wp\/v2\/types\/post"}],"author":[{"embeddable":true,"href":"https:\/\/aconteceunovale.com.br\/portal\/index.php?rest_route=\/wp\/v2\/users\/1"}],"replies":[{"embeddable":true,"href":"https:\/\/aconteceunovale.com.br\/portal\/index.php?rest_route=%2Fwp%2Fv2%2Fcomments&post=115347"}],"version-history":[{"count":0,"href":"https:\/\/aconteceunovale.com.br\/portal\/index.php?rest_route=\/wp\/v2\/posts\/115347\/revisions"}],"wp:featuredmedia":[{"embeddable":true,"href":"https:\/\/aconteceunovale.com.br\/portal\/index.php?rest_route=\/wp\/v2\/media\/115349"}],"wp:attachment":[{"href":"https:\/\/aconteceunovale.com.br\/portal\/index.php?rest_route=%2Fwp%2Fv2%2Fmedia&parent=115347"}],"wp:term":[{"taxonomy":"category","embeddable":true,"href":"https:\/\/aconteceunovale.com.br\/portal\/index.php?rest_route=%2Fwp%2Fv2%2Fcategories&post=115347"},{"taxonomy":"post_tag","embeddable":true,"href":"https:\/\/aconteceunovale.com.br\/portal\/index.php?rest_route=%2Fwp%2Fv2%2Ftags&post=115347"}],"curies":[{"name":"wp","href":"https:\/\/api.w.org\/{rel}","templated":true}]}}